{"id":37051,"date":"2025-11-01T14:19:08","date_gmt":"2025-11-01T14:19:08","guid":{"rendered":"https:\/\/www.europesays.com\/lv\/37051\/"},"modified":"2025-11-01T14:19:08","modified_gmt":"2025-11-01T14:19:08","slug":"jordanijas-un-vacijas-arlietu-ministri-iestajas-par-ano-mandatu-starptautiskajiem-spekiem-gazas-josla-raksts","status":"publish","type":"post","link":"https:\/\/www.europesays.com\/lv\/37051\/","title":{"rendered":"Jord\u0101nijas un V\u0101cijas \u0101rlietu ministri iest\u0101jas par ANO mand\u0101tu starptautiskajiem sp\u0113kiem Gazas josl\u0101 \/ Raksts"},"content":{"rendered":"<p>Jord\u0101nijas un V\u0101cijas \u0101rlietu ministri pazi\u0146oju\u0161i, ka \u0101rvalstu sp\u0113kiem, kurus pl\u0101nots izvietot Gazas josl\u0101, vajadz\u0113tu ANO mand\u0101tu. Saska\u0146\u0101 ar ASV atbalst\u012bto pamiera pl\u0101nu\u00a0\u0161iem sp\u0113kiem vajadz\u0113tu pal\u012bdz\u0113t apm\u0101c\u012bt policijas sp\u0113kus Gazas josl\u0101, k\u0101 ar\u012b nodro\u0161in\u0101t kontroli p\u0101r pierobe\u017eu un pan\u0101kt, ka teroristu grup\u0113juma &#8220;Ham\u0101s&#8221; rok\u0101s nenon\u0101k iero\u010di.<\/p>\n<p>Jord\u0101nijas un V\u0101cijas \u0101rlietu ministri iest\u0101jas par ANO mand\u0101tu starptautiskajiem sp\u0113kiem Gazas josl\u0101<\/p>\n<p>Domn\u012bcas &#8220;Starptautiskais strat\u0113\u0123isko p\u0113t\u012bjumu instit\u016bts&#8221; pas\u0101kum\u0101 Bahrein\u0101 Jord\u0101nijas \u0101rlietu ministrs Aimans Safadi teicis, ka past\u0101vot vienpr\u0101t\u012bba par ANO Dro\u0161\u012bbas padomes mand\u0101ta pie\u0161\u0137ir\u0161anu, lai starptautiskie k\u0101rt\u012bbas uztur\u0113\u0161anas sp\u0113ki Gazas josl\u0101 var\u0113tu str\u0101d\u0101t efekt\u012bvi. Amatpersona gan uzsv\u0113ra, ka Jord\u0101nija nes\u016bt\u012bs savus sp\u0113kus uz Gazu.<\/p>\n<p>V\u0101cijas \u0101rlietu ministrs Kristians Vadep\u016bls nor\u0101d\u012bja, ka \u0161\u0101dai misijai vajadz\u0113tu skaidru starptautiskaj\u0101 likum\u0101 balst\u012btu mand\u0101tu.<\/p>\n<p>Tikm\u0113r Izra\u0113las bru\u0146otie sp\u0113ki pazi\u0146oju\u0161i, ka piektdienas vakar\u0101 sa\u0146emt\u0101s tr\u012bs cilv\u0113ku mirst\u012bg\u0101s atliekas nemaz nepiederot dz\u012bv\u012bbu zaud\u0113ju\u0161ajiem \u0137\u012blniekiem, kurus &#8220;Ham\u0101s&#8221; saska\u0146\u0101 ar pamiera pl\u0101nu esot j\u0101nodod Izra\u0113lai.<\/p>\n<p>&#8220;Ham\u0101s&#8221; bru\u0146otais sp\u0101rns pazi\u0146ojis, ka esot nodotas mirst\u012bg\u0101s atliekas, kuras nav izdevies piln\u012bb\u0101 atpaz\u012bt. Tas ar\u012b apgalvo,\u00a0ka Izra\u0113la noraid\u012bja izteikto pied\u0101v\u0101jumu sa\u0146emt paraugu anal\u012b\u017eu veik\u0161anai.<\/p>\n<p>KONTEKSTS:<\/p>\n<p>2023. gada 7. oktobr\u012b &#8220;Ham\u0101s&#8221;<a data-id=\"526861\" data-type=\"article\" href=\"https:\/\/www.lsm.lv\/raksts\/zinas\/arzemes\/07.10.2023-izraelas-premjers-pavel-sakt-atbildes-karu-pec-palestiniesu-kaujinieku-rakesu-uzbrukumiem.a526861\/\" class=\"lsm-link\" rel=\"nofollow noopener\" target=\"_blank\">\u00a0sar\u012bkoja<\/a>\u00a0slakti\u0146u Izra\u0113l\u0101, noslepkavojot ap 1200 cilv\u0113ku, no kuriem absol\u016btais vair\u0101kums bija civilpersonas. V\u0113l aptuveni 250 cilv\u0113kus, taj\u0101 skait\u0101 sievietes, b\u0113rnus un sirmgalvjus, teroristi sagr\u0101ba par \u0137\u012blniekiem un aizveda uz Gazas joslu.<\/p>\n<p>Izra\u0113la<a data-id=\"529566\" data-type=\"article\" href=\"https:\/\/www.lsm.lv\/raksts\/zinas\/arzemes\/29.10.2023-izraela-uzsakusi-jaunu-kara-posmu-gazas-josla-apnemiga-iznicinat-teroristus-un-atgriezt-kilniekus.a529566\/\" class=\"lsm-link\" rel=\"nofollow noopener\" target=\"_blank\">\u00a0atbild\u0113ja<\/a>\u00a0ar milit\u0101ro oper\u0101ciju Gazas josl\u0101, k\u0101 ar\u012b pastiprin\u0101ja kl\u0101tb\u016btni Jord\u0101nas Rietumkrast\u0101, solot izn\u012bcin\u0101t teroristu grup\u0113jumu &#8220;Ham\u0101s&#8221;. Starptautisk\u0101 sabiedr\u012bba, tostarp ar\u012b vair\u0101ki Izra\u0113las<a data-id=\"549839\" data-type=\"article\" href=\"https:\/\/www.lsm.lv\/raksts\/zinas\/arzemes\/10.04.2024-baidens-netanjahu-politika-gaza-ir-kludaina-un-es-nepiekritu-sadai-pieejai.a549839\/\" class=\"lsm-link\" rel=\"nofollow noopener\" target=\"_blank\">\u00a0sabiedrotie<\/a>, vair\u0101kk\u0101rt nor\u0101d\u012bju\u0161i uz nesam\u0113r\u012bgu Telavivas atbildi teroristu uzbrukumam.<\/p>\n<p>2024. gada novembr\u012b Starptautisk\u0101 krimin\u0101ltiesa (SKT)<a data-id=\"577308\" data-type=\"article\" href=\"https:\/\/www.lsm.lv\/raksts\/zinas\/arzemes\/21.11.2024-starptautiska-kriminaltiesa-izdevusi-aresta-orderus-netanjahu-un-citu-gazas-kara-iesaistito-aizturesanai.a577308\/?utm_source=lsm&amp;utm_medium=article-body&amp;utm_campaign=admin\" class=\"lsm-link\" rel=\"nofollow noopener\" target=\"_blank\">\u00a0izdeva<\/a>\u00a0aresta orderus Izra\u0113las premjera Netanjahu un citu Gazas kar\u0101 iesaist\u012bto amatpersonu aiztur\u0113\u0161anai, aps\u016bdzot vi\u0146us kara noziegumos un noziegumos pret cilv\u0113ci.<\/p>\n<p>2025. gada vasar\u0101 Izra\u0113las veikt\u0101s ilgsto\u0161\u0101s Gazas teritorijas blok\u0101des un akt\u012bv\u0101 bombard\u0113\u0161ana novedusi pie katastrof\u0101la\u00a0<a data-id=\"611399\" data-type=\"article\" href=\"https:\/\/www.lsm.lv\/raksts\/zinas\/arzemes\/22.08.2025-ano-gaza-ir-katastrofals-bads-izraela-to-sauc-par-meliem.a611399\/?utm_source=lsm&amp;utm_medium=theme&amp;utm_campaign=theme\" class=\"lsm-link\" rel=\"nofollow noopener\" target=\"_blank\">bada<\/a>, pirm\u0101s nepiecie\u0161am\u012bbas pre\u010du un \u016bdens tr\u016bkuma. Starptautisk\u0101 genoc\u012bda p\u0113tnieku\u00a0<a data-id=\"612654\" data-type=\"article\" href=\"https:\/\/www.lsm.lv\/raksts\/zinas\/arzemes\/02.09.2025-starptautiska-genocida-petnieku-asociacija-izraela-veic-genocidu-gazas-josla.a612654\/?utm_source=lsm&amp;utm_medium=theme&amp;utm_campaign=theme\" class=\"lsm-link\" rel=\"nofollow noopener\" target=\"_blank\">asoci\u0101cija\u00a0<\/a>un\u00a0<a data-id=\"612201\" data-type=\"article\" href=\"https:\/\/www.lsm.lv\/raksts\/zinas\/arzemes\/29.08.2025-simtiem-ano-darbinieku-mudina-augsto-cilvektiesibu-komisaru-nosaukt-karu-gazas-josla-par-genocidu.a612201\/?utm_source=lsm&amp;utm_medium=theme&amp;utm_campaign=theme\" class=\"lsm-link\" rel=\"nofollow noopener\" target=\"_blank\">ANO\u00a0<\/a>p\u0101rst\u0101vji aicin\u0101ju\u0161i Telavivas r\u012bc\u012bbu \u0161aj\u0101 teritorij\u0101 atz\u012bt par genoc\u012bdu<\/p>\n<p>Pieaugot Rietumvalstu spiedienam uz Izra\u0113lu, arvien ska\u013c\u0101k izskan aicin\u0101jumi\u00a0<a data-id=\"600836\" data-type=\"article\" href=\"https:\/\/www.lsm.lv\/raksts\/zinas\/arzemes\/28.05.2025-politico-francija-mudina-eiropas-sabiedrotos-atzit-palestinas-valsti.a600836\/\" class=\"lsm-link\" rel=\"nofollow noopener\" target=\"_blank\">atz\u012bt\u00a0<\/a>Palest\u012bnas valsti. L\u012bdz \u0161im to paveiku\u0161as vair\u0101k nek\u0101 150 ANO dal\u012bbvalstis, tostarp 11 no 27 Eiropas Savien\u012bbas valst\u012bm, piem\u0113ram, Sp\u0101nija, Rum\u0101nija, Zviedrija, \u012arija un Bulg\u0101rija. Ruden\u012b Palest\u012bnas valsti atzina\u00a0<a data-id=\"615224\" data-type=\"article\" href=\"https:\/\/www.lsm.lv\/raksts\/zinas\/arzemes\/21.09.2025-lielbritanija-australija-un-kanada-atzist-palestinas-valsti.a615224\/\" class=\"lsm-link\" rel=\"nofollow noopener\" target=\"_blank\">Lielbrit\u0101nija, Kan\u0101da un Austr\u0101lija<\/a>, k\u0101 ar\u012b Portug\u0101le un Francija. \u0160\u0101du valstu soli kritiz\u0113jusi Izra\u0113la un t\u0101s sabiedrot\u0101s ASV.<\/p>\n<p>Oktobra s\u0101kum\u0101 ASV prezidents Donalds Tramps pied\u0101v\u0101ja Izra\u0113lai un &#8220;Ham\u0101s&#8221; savu 20 punktu pamiera\u00a0<a data-id=\"616973\" data-type=\"article\" href=\"https:\/\/www.lsm.lv\/raksts\/zinas\/arzemes\/03.10.2025-tramps-izvirza-ultimatu-hamas-miers-japanak-lidz-svetdienas-vakaram.a616973\/\" class=\"lsm-link\" rel=\"nofollow noopener\" target=\"_blank\">pl\u0101nu<\/a>, uzsverot, ka ab\u0101m pus\u0113m tas j\u0101pie\u0146em. P\u0113c vair\u0101kas dienas ilg\u0101m netie\u0161\u0101m sarun\u0101m \u0112\u0123ipt\u0113 &#8220;Ham\u0101s&#8221; un Izra\u0113la pl\u0101nam\u00a0<a data-id=\"617798\" data-type=\"article\" href=\"https:\/\/www.lsm.lv\/raksts\/zinas\/arzemes\/10.10.2025-izraela-atbalsta-pamiera-vienosanos-ar-hamas-un-sak-atvilkt-karaspeku-no-gazas-joslas.a617798\/\" class=\"lsm-link\" rel=\"nofollow noopener\" target=\"_blank\">piekrita<\/a>. Dr\u012bz p\u0113c tam Izra\u0113la s\u0101ka da\u013c\u0113ji atvilkt savus sp\u0113kus no Gazas joslas.<\/p>\n<p>                    Valodas k\u013c\u016bda rakst\u0101?<\/p>\n<p class=\"d-none d-md-block\">Iez\u012bm\u0113jiet tekstu un spiediet Ctrl+Enter, lai nos\u016bt\u012btu labojamo teksta fragmentu redaktoram! Par faktu k\u013c\u016bd\u0101m l\u016bdzam zi\u0146ot e-past\u0101 <a href=\"https:\/\/www.lsm.lv\/cdn-cgi\/l\/email-protection\" class=\"__cf_email__\" data-cfemail=\"1d6f78797c767e74777c5d716e7033716b\" rel=\"nofollow noopener\" target=\"_blank\">[email\u00a0protected]<\/a>.<\/p>\n<p class=\"d-md-none\">Iez\u012bm\u0113jiet tekstu un spiediet uz Zi\u0146ot par k\u013c\u016bdu pogas, lai nos\u016bt\u012btu labojamo teksta fragmentu redaktoram!<\/p>\n<p>\n                    Zi\u0146ot par k\u013c\u016bdu\n                <\/p>\n","protected":false},"excerpt":{"rendered":"Jord\u0101nijas un V\u0101cijas \u0101rlietu ministri pazi\u0146oju\u0161i, ka \u0101rvalstu sp\u0113kiem, kurus pl\u0101nots izvietot Gazas josl\u0101, vajadz\u0113tu ANO mand\u0101tu. Saska\u0146\u0101&hellip;\n","protected":false},"author":2,"featured_media":37052,"comment_status":"","ping_status":"","sticky":false,"template":"","format":"standard","meta":{"footnotes":""},"categories":[14],"tags":[23,57,28,29,32,33,22,30,31,35,39,38,36,37,34,40,20,26,27,24,25,54,55,56,21,58],"class_list":{"0":"post-37051","1":"post","2":"type-post","3":"status-publish","4":"format-standard","5":"has-post-thumbnail","7":"category-zinas-no-arvalstim","8":"tag-aktualitates","9":"tag-arvalstim","10":"tag-breaking-news","11":"tag-breakingnews","12":"tag-featured-news","13":"tag-featurednews","14":"tag-headlines","15":"tag-latest-news","16":"tag-latestnews","17":"tag-latvia","18":"tag-latvian","19":"tag-latviesu","20":"tag-latviesu-valoda","21":"tag-latviesuvaloda","22":"tag-latvija","23":"tag-lv","24":"tag-news","25":"tag-popularakas-zinas","26":"tag-popularakaszinas","27":"tag-top-stories","28":"tag-topstories","29":"tag-world","30":"tag-world-news","31":"tag-worldnews","32":"tag-zinas","33":"tag-zinas-no-arvalstim"},"share_on_mastodon":{"url":"https:\/\/pubeurope.com\/@lv\/115474881770474833","error":""},"_links":{"self":[{"href":"https:\/\/www.europesays.com\/lv\/wp-json\/wp\/v2\/posts\/37051","targetHints":{"allow":["GET"]}}],"collection":[{"href":"https:\/\/www.europesays.com\/lv\/wp-json\/wp\/v2\/posts"}],"about":[{"href":"https:\/\/www.europesays.com\/lv\/wp-json\/wp\/v2\/types\/post"}],"author":[{"embeddable":true,"href":"https:\/\/www.europesays.com\/lv\/wp-json\/wp\/v2\/users\/2"}],"replies":[{"embeddable":true,"href":"https:\/\/www.europesays.com\/lv\/wp-json\/wp\/v2\/comments?post=37051"}],"version-history":[{"count":0,"href":"https:\/\/www.europesays.com\/lv\/wp-json\/wp\/v2\/posts\/37051\/revisions"}],"wp:featuredmedia":[{"embeddable":true,"href":"https:\/\/www.europesays.com\/lv\/wp-json\/wp\/v2\/media\/37052"}],"wp:attachment":[{"href":"https:\/\/www.europesays.com\/lv\/wp-json\/wp\/v2\/media?parent=37051"}],"wp:term":[{"taxonomy":"category","embeddable":true,"href":"https:\/\/www.europesays.com\/lv\/wp-json\/wp\/v2\/categories?post=37051"},{"taxonomy":"post_tag","embeddable":true,"href":"https:\/\/www.europesays.com\/lv\/wp-json\/wp\/v2\/tags?post=37051"}],"curies":[{"name":"wp","href":"https:\/\/api.w.org\/{rel}","templated":true}]}}