{"id":37062,"date":"2025-11-01T14:33:12","date_gmt":"2025-11-01T14:33:12","guid":{"rendered":"https:\/\/www.europesays.com\/lv\/37062\/"},"modified":"2025-11-01T14:33:12","modified_gmt":"2025-11-01T14:33:12","slug":"sieviete-iet-boja-vanna-ladejot-iphone-svarigs-drosibas-bridinajums","status":"publish","type":"post","link":"https:\/\/www.europesays.com\/lv\/37062\/","title":{"rendered":"Sieviete iet boj\u0101 vann\u0101, l\u0101d\u0113jot iPhone \u2013 svar\u012bgs dro\u0161\u012bbas br\u012bdin\u0101jums"},"content":{"rendered":"<p class=\"descr\">47 gadus vec\u0101 Anna-Marija O&#8217;Gormane no Dublinas tra\u0123iski g\u0101ja boj\u0101 p\u0113c tam, kad guva elektrotraumu, vann\u0101 turot savu mobilo telefonu, kas bija piesl\u0113gts pie l\u0101d\u0113t\u0101ja.<\/p>\n<p>Metro zi\u0146o, ka sievietes v\u012brs D\u017eo O&#8217;Gormans atrada vi\u0146u bezsama\u0146\u0101 vann\u0101. Vi\u0146ai bija apdegumi, kas atbilst elektrisk\u0101s str\u0101vas triecienam, uz kr\u016bt\u012bm un kreis\u0101s rokas. Anna-Marija ofici\u0101li tika pasludin\u0101ta par miru\u0161u v\u0113l\u0101k taj\u0101 pa\u0161\u0101 dien\u0101 Bomontas slimn\u012bc\u0101.<\/p>\n<p>P\u0113c D\u017eo teikt\u0101, vi\u0146\u0161 dev\u0101s prom no m\u0101j\u0101m ar jaun\u0101ko meitu plkst. 18:40 un, braucot m\u0101j\u0101s, piezvan\u012bja sievai plkst. 19:58. Kad vi\u0146\u0161 atgriez\u0101s m\u0101j\u0101s un dev\u0101s uz vannas istabu, vi\u0146\u0161 atrada Annu-Mariju gu\u013cam uz s\u0101niem bezsama\u0146\u0101 ar <a href=\"https:\/\/nra.lv\/birka\/iphone\/\" target=\"_blank\" rel=\"noopener nofollow\">iPhone<\/a> un uzl\u0101des kabeli \u016bden\u012b. M\u0113\u0123inot vi\u0146u izvilkt no vannas, D\u017eo sajuta nelielu elektrisk\u0101s str\u0101vas triecienu.<\/p>\n<blockquote><p>Vi\u0146\u0161 sac\u012bja: &#8220;Visi saka, ka \u0161ie telefoni darbojas l\u012bdz pat se\u0161u p\u0113du dzi\u013cum\u0101 \u016bden\u012b. Tas rada cilv\u0113kiem mald\u012bgu iespaidu, ka telefonu ir dro\u0161i tur\u0113t \u016bdens tuvum\u0101. Ir svar\u012bgi br\u012bdin\u0101t cilv\u0113kus, ka tas ir b\u012bstami.&#8221;<\/p><\/blockquote>\n<p>D\u017eo piebilda, ka telefonu ra\u017eot\u0101ji rada &#8220;mald\u012bgu dro\u0161\u012bbas saj\u016btu&#8221;, apgalvojot, ka vi\u0146u ier\u012bces ir \u016bdensiztur\u012bgas. Konkr\u0113ti, iPhone nav br\u012bdin\u0101jumu par saskares ar \u016bdeni risku uzl\u0101des laik\u0101, vi\u0146\u0161 uzsv\u0113ra.<\/p>\n<p>\u0160is incidents rada jaut\u0101jumus par uzl\u0101des ier\u012b\u010du lieto\u0161anas dro\u0161\u012bbu \u016bdens tuvum\u0101 un nepiecie\u0161am\u012bbu p\u0113c br\u012bdin\u0101juma uzl\u012bm\u0113m pat\u0113r\u0113t\u0101jiem.<\/p>\n<p>\t\t\t\t\t\tinfo<\/p>\n<p>Uzzini pirmais<br \/>kas interesants noticis Latvij\u0101 un pasaul\u0113,<br \/>pievienojoties mums <a href=\"https:\/\/t.me\/neatkariga\" rel=\"nofollow\">Telegram<\/a> vai <a href=\"https:\/\/whatsapp.com\/channel\/0029VaMLFUH5K3zLU5s4wm3y\" rel=\"nofollow noopener\" target=\"_blank\">Whatsapp<\/a> kan\u0101l\u0101<\/p>\n","protected":false},"excerpt":{"rendered":"47 gadus vec\u0101 Anna-Marija O&#8217;Gormane no Dublinas tra\u0123iski g\u0101ja boj\u0101 p\u0113c tam, kad guva elektrotraumu, vann\u0101 turot savu&hellip;\n","protected":false},"author":2,"featured_media":37063,"comment_status":"","ping_status":"","sticky":false,"template":"","format":"standard","meta":{"footnotes":""},"categories":[5],"tags":[23,28,29,32,33,22,30,31,35,39,38,36,37,34,40,20,26,27,24,25,21],"class_list":{"0":"post-37062","1":"post","2":"type-post","3":"status-publish","4":"format-standard","5":"has-post-thumbnail","7":"category-aktualitates","8":"tag-aktualitates","9":"tag-breaking-news","10":"tag-breakingnews","11":"tag-featured-news","12":"tag-featurednews","13":"tag-headlines","14":"tag-latest-news","15":"tag-latestnews","16":"tag-latvia","17":"tag-latvian","18":"tag-latviesu","19":"tag-latviesu-valoda","20":"tag-latviesuvaloda","21":"tag-latvija","22":"tag-lv","23":"tag-news","24":"tag-popularakas-zinas","25":"tag-popularakaszinas","26":"tag-top-stories","27":"tag-topstories","28":"tag-zinas"},"share_on_mastodon":{"url":"https:\/\/pubeurope.com\/@lv\/115474936854304932","error":""},"_links":{"self":[{"href":"https:\/\/www.europesays.com\/lv\/wp-json\/wp\/v2\/posts\/37062","targetHints":{"allow":["GET"]}}],"collection":[{"href":"https:\/\/www.europesays.com\/lv\/wp-json\/wp\/v2\/posts"}],"about":[{"href":"https:\/\/www.europesays.com\/lv\/wp-json\/wp\/v2\/types\/post"}],"author":[{"embeddable":true,"href":"https:\/\/www.europesays.com\/lv\/wp-json\/wp\/v2\/users\/2"}],"replies":[{"embeddable":true,"href":"https:\/\/www.europesays.com\/lv\/wp-json\/wp\/v2\/comments?post=37062"}],"version-history":[{"count":0,"href":"https:\/\/www.europesays.com\/lv\/wp-json\/wp\/v2\/posts\/37062\/revisions"}],"wp:featuredmedia":[{"embeddable":true,"href":"https:\/\/www.europesays.com\/lv\/wp-json\/wp\/v2\/media\/37063"}],"wp:attachment":[{"href":"https:\/\/www.europesays.com\/lv\/wp-json\/wp\/v2\/media?parent=37062"}],"wp:term":[{"taxonomy":"category","embeddable":true,"href":"https:\/\/www.europesays.com\/lv\/wp-json\/wp\/v2\/categories?post=37062"},{"taxonomy":"post_tag","embeddable":true,"href":"https:\/\/www.europesays.com\/lv\/wp-json\/wp\/v2\/tags?post=37062"}],"curies":[{"name":"wp","href":"https:\/\/api.w.org\/{rel}","templated":true}]}}