{"id":37070,"date":"2025-11-01T14:43:16","date_gmt":"2025-11-01T14:43:16","guid":{"rendered":"https:\/\/www.europesays.com\/lv\/37070\/"},"modified":"2025-11-01T14:43:16","modified_gmt":"2025-11-01T14:43:16","slug":"ukraina-izdevusi-lietuvai-par-kara-noziegumiem-pret-lietuvas-pilsoni-aizdomas-turetu-krievijas-karaviru","status":"publish","type":"post","link":"https:\/\/www.europesays.com\/lv\/37070\/","title":{"rendered":"Ukraina izdevusi Lietuvai par kara noziegumiem pret Lietuvas pilsoni aizdom\u0101s tur\u0113tu Krievijas karav\u012bru"},"content":{"rendered":"<p>&#8220;29. oktobr\u012b no Ukrainas uz Lietuvu tika nog\u0101d\u0101ta un nodota persona, kas tiek tur\u0113ta aizdom\u0101s par kara noziegumiem Ukrain\u0101 pret Lietuvas pilsoni,&#8221; preses konferenc\u0113 sac\u012bja \u0123ener\u0101lprokurore.<\/p>\n<p>Vi\u0146a to raksturoja k\u0101 &#8220;\u013coti noz\u012bm\u012bgu rezult\u0101tu&#8221; Lietuv\u0101 notieko\u0161aj\u0101 pirmstiesas izmekl\u0113\u0161an\u0101 par Ukrain\u0101 pastr\u0101d\u0101tajiem kara noziegumiem.<\/p>\n<p>Grunskiene nor\u0101d\u012bja, ka laik\u0101 no 2022. gada marta l\u012bdz septembrim Krievijas karav\u012bri, piem\u0113ram, Kaspijas flotes 177. atsevi\u0161\u0137\u0101 j\u016bras k\u0101jnieku pulka person\u0101ls, Melitopoles milit\u0101r\u0101 lidlauka teritorij\u0101 eso\u0161aj\u0101 m\u0101c\u012bbu b\u0101z\u0113 pal\u012bdz\u0113ja organiz\u0113t t\u0101 d\u0113v\u0113to filtr\u0101cijas nometni.<\/p>\n<blockquote class=\"quote ck-widget\" contenteditable=\"false\">\n<p>&#8220;Tur tika nelikum\u012bgi aiztur\u0113ti, sp\u012bdzin\u0101ti un pazemoti civiliedz\u012bvot\u0101ji un karag\u016bstek\u0146i, kuru vid\u016b bija viens Lietuvas pilsonis,&#8221; pazi\u0146oja \u0123ener\u0101lprokurore.<\/p>\n<\/blockquote>\n<p>Ukrainas bru\u0146otie sp\u0113ki 2023. gada august\u0101 aiztur\u0113ja kvalific\u0113tu j\u016brnieku no pulka.<\/p>\n<p>&#8220;Past\u0101v aizdomas, ka vi\u0146\u0161 kop\u0101 ar citiem Krievijas karav\u012briem ne tikai apsarg\u0101ja \u0161aj\u0101 nometn\u0113 nelikum\u012bgi aiztur\u0113tos civiliedz\u012bvot\u0101jus un karag\u016bstek\u0146us, bet ar\u012b piedal\u012bj\u0101s vi\u0146u si\u0161an\u0101 un sp\u012bdzin\u0101\u0161an\u0101, iesl\u0113dzot vi\u0146us met\u0101la seif\u0101, smac\u0113jot, l\u012bdz vi\u0146i zaud\u0113ja sama\u0146u, pakarinot vi\u0146us aiz sasiet\u0101m rok\u0101m, sala laik\u0101 aplejot ar aukstu \u016bdeni un izmantojot elektro\u0161oku,&#8221; kl\u0101st\u012bja Grunskiene.<\/p>\n<p>Vi\u0146a piebilda, ka 30. oktobr\u012b Vi\u013c\u0146as rajona tiesa aizdom\u0101s tur\u0113tajam noteica apcietin\u0101jumu uz trim m\u0113ne\u0161iem.<\/p>\n<p>Saska\u0146\u0101 ar prokurat\u016bras sniegto inform\u0101ciju Lietuvas un Ukrainas iest\u0101\u017eu veiktaj\u0101 kop\u012bgaj\u0101 izmekl\u0113\u0161an\u0101 ir identific\u0113ti ar\u012b vair\u0101ki citi Krievijas karav\u012bri, kurus tur aizdom\u0101s par l\u012bdzdal\u012bbu \u0161ajos noziegumos.<\/p>\n<p>Pirmstiesas izmekl\u0113\u0161anu, kas pa\u0161laik tiek veikta p\u0113c pieciem Krimin\u0101lkodeksa pantiem, Lietuvas \u0122ener\u0101lprokurat\u016bra s\u0101ka 2022. gada 1. mart\u0101.<\/p>\n<p>Lietuv\u0101 Krievijas pilsonis ir aps\u016bdz\u0113ts kara noziegumos pret civiliedz\u012bvot\u0101jiem un karag\u016bstek\u0146iem, ar\u012b sp\u012bdzin\u0101\u0161an\u0101 un nelikum\u012bg\u0101 aiztur\u0113\u0161an\u0101. Lietuv\u0101 vi\u0146am draud cietumsods no desmit l\u012bdz 20 gadiem vai m\u016b\u017ea ieslodz\u012bjums.<\/p>\n","protected":false},"excerpt":{"rendered":"&#8220;29. oktobr\u012b no Ukrainas uz Lietuvu tika nog\u0101d\u0101ta un nodota persona, kas tiek tur\u0113ta aizdom\u0101s par kara noziegumiem&hellip;\n","protected":false},"author":2,"featured_media":37071,"comment_status":"","ping_status":"","sticky":false,"template":"","format":"standard","meta":{"footnotes":""},"categories":[14],"tags":[23,57,28,29,32,33,22,234,74,30,31,35,39,38,36,37,34,1464,40,20,26,27,24,25,276,54,55,56,21,58],"class_list":{"0":"post-37070","1":"post","2":"type-post","3":"status-publish","4":"format-standard","5":"has-post-thumbnail","7":"category-zinas-no-arvalstim","8":"tag-aktualitates","9":"tag-arvalstim","10":"tag-breaking-news","11":"tag-breakingnews","12":"tag-featured-news","13":"tag-featurednews","14":"tag-headlines","15":"tag-krievija","16":"tag-krievijas-iebrukums-ukraina","17":"tag-latest-news","18":"tag-latestnews","19":"tag-latvia","20":"tag-latvian","21":"tag-latviesu","22":"tag-latviesu-valoda","23":"tag-latviesuvaloda","24":"tag-latvija","25":"tag-lietuva","26":"tag-lv","27":"tag-news","28":"tag-popularakas-zinas","29":"tag-popularakaszinas","30":"tag-top-stories","31":"tag-topstories","32":"tag-ukraina","33":"tag-world","34":"tag-world-news","35":"tag-worldnews","36":"tag-zinas","37":"tag-zinas-no-arvalstim"},"share_on_mastodon":{"url":"https:\/\/pubeurope.com\/@lv\/115474976139455081","error":""},"_links":{"self":[{"href":"https:\/\/www.europesays.com\/lv\/wp-json\/wp\/v2\/posts\/37070","targetHints":{"allow":["GET"]}}],"collection":[{"href":"https:\/\/www.europesays.com\/lv\/wp-json\/wp\/v2\/posts"}],"about":[{"href":"https:\/\/www.europesays.com\/lv\/wp-json\/wp\/v2\/types\/post"}],"author":[{"embeddable":true,"href":"https:\/\/www.europesays.com\/lv\/wp-json\/wp\/v2\/users\/2"}],"replies":[{"embeddable":true,"href":"https:\/\/www.europesays.com\/lv\/wp-json\/wp\/v2\/comments?post=37070"}],"version-history":[{"count":0,"href":"https:\/\/www.europesays.com\/lv\/wp-json\/wp\/v2\/posts\/37070\/revisions"}],"wp:featuredmedia":[{"embeddable":true,"href":"https:\/\/www.europesays.com\/lv\/wp-json\/wp\/v2\/media\/37071"}],"wp:attachment":[{"href":"https:\/\/www.europesays.com\/lv\/wp-json\/wp\/v2\/media?parent=37070"}],"wp:term":[{"taxonomy":"category","embeddable":true,"href":"https:\/\/www.europesays.com\/lv\/wp-json\/wp\/v2\/categories?post=37070"},{"taxonomy":"post_tag","embeddable":true,"href":"https:\/\/www.europesays.com\/lv\/wp-json\/wp\/v2\/tags?post=37070"}],"curies":[{"name":"wp","href":"https:\/\/api.w.org\/{rel}","templated":true}]}}