{"id":37076,"date":"2025-11-01T15:01:07","date_gmt":"2025-11-01T15:01:07","guid":{"rendered":"https:\/\/www.europesays.com\/lv\/37076\/"},"modified":"2025-11-01T15:01:07","modified_gmt":"2025-11-01T15:01:07","slug":"baznicas-doktori-musdienu-ticibas-skolotaji","status":"publish","type":"post","link":"https:\/\/www.europesays.com\/lv\/37076\/","title":{"rendered":"Bazn\u012bcas doktori \u2013 m\u016bsdienu tic\u012bbas skolot\u0101ji"},"content":{"rendered":"<p>Sestdien, 1. novembr\u012b, p\u0101vests Leons XIV pasludin\u0101ja sv\u0113to D\u017eonu Henrija \u0145\u016bmenu par Bazn\u012bcas doktoru. Ang\u013cu kardin\u0101ls, konvert\u012bts un krist\u012bgais dom\u0101t\u0101js pievienoj\u0101s to sv\u0113to pulkam, kuru m\u0101c\u012bba un tic\u012bbas liec\u012bba tiek uzskat\u012bta par svar\u012bgu d\u0101vanu visai Bazn\u012bcai. Ta\u010du kas ir tie sv\u0113tie, kuriem tiek pie\u0161\u0137irts \u0161\u0101ds tituls?<\/p>\n<p>J\u0101nis Evertovskis \u2013 Vatik\u0101ns<\/p>\n<p>Bazn\u012bcas doktora (Doctor Ecclesiae Universalis) tituls tiek pie\u0161\u0137irts sv\u0113tajiem, kuru m\u0101c\u012bba izce\u013cas ar teolo\u0123isko dzi\u013cumu, uztic\u012bbu Eva\u0146\u0123\u0113lijam un ir aktu\u0101la tic\u012bgajiem visos laikos.<\/p>\n<p>Bazn\u012bca to pie\u0161\u0137ir \u013coti reti. Tas notiek p\u0113c cilv\u0113ka dz\u012bves, vi\u0146a sarakst\u012bto darbu un to ietekmes uz krist\u012bg\u0101s doktr\u012bnas att\u012bst\u012bbu r\u016bp\u012bgas izv\u0113rt\u0113\u0161anas. Lai k\u0101du var\u0113tu d\u0113v\u0113t par Bazn\u012bcas doktoru, ir j\u0101izpild\u0101s vair\u0101kiem nosac\u012bjumiem: izcila m\u0101c\u012bba, sv\u0113ta dz\u012bve un ofici\u0101la atz\u012b\u0161ana no Bazn\u012bcas puses.<\/p>\n<p>\u0160obr\u012bd \u2013 p\u0113c \u0161\u0101da titula pie\u0161\u0137ir\u0161anas kardin\u0101lam \u0145\u016bmenam \u2013 Bazn\u012bcas doktoru pulks sast\u0101v no 38 person\u0101m, kuru vid\u016b ierindojas, piem\u0113ram, sv\u0113tais August\u012bns, sv\u0113tais Akv\u012bnas Toms, sv\u0113t\u0101 Ter\u0113ze no Avilas, sv\u0113t\u0101 Hildegarde no Bingenas un sv\u0113tais Irenejs no Lionas. Vien\u012bg\u0101 Bazn\u012bcas doktore, ko sava gar\u0101 pontifik\u0101ta laik\u0101 pasludin\u0101ja p\u0101vests J\u0101nis P\u0101vils II, bija sv\u0113t\u0101 Ter\u0113ze no Lizj\u0113. Tas notika 1997. gad\u0101.<\/p>\n<p>Bazn\u012bcas doktori nav tikai izcili teolo\u0123ijas pazin\u0113ji. Vi\u0146u doma ir vit\u0101ls gar\u012bguma un iedvesmas avots n\u0101kamaj\u0101m tic\u012bgo paaudz\u0113m.<\/p>\n<p>K\u0101 sav\u0101 laik\u0101 uzsv\u0113ra p\u0101vests Francisks, run\u0101jot par sieviet\u0113m \u2013 Bazn\u012bcas doktor\u0113m, vi\u0146u m\u0101c\u012bba \u201cvienm\u0113r paliek aktu\u0101la, pateicoties t\u0101s dzi\u013cumam un sp\u0113jai apgaismot tic\u012bbas ce\u013cu ar\u012b \u0161odien\u201d. Bazn\u012bcas doktoru darbu las\u012b\u0161ana pal\u012bdz kato\u013ctic\u012bgajiem saist\u012bt pr\u0101tu ar tic\u012bbu, padzi\u013cin\u0101t l\u016bg\u0161anu dz\u012bvi un lab\u0101k izprast krist\u012bg\u0101s dz\u012bves j\u0113gu pasaul\u0113.<\/p>\n<p>19. gadsimt\u0101 dz\u012bvoju\u0161ais sv\u0113tais D\u017eons Henrijs \u0145\u016bmens bija viens no izcil\u0101kajiem m\u016bsdienu krist\u012bgajiem dom\u0101t\u0101jiem un teologiem. Savos rakstos ang\u013cu kardin\u0101ls par\u0101da, ka tic\u012bba ir m\u016bsu sirds ikdienas dialogs ar Kristu. Vi\u0146\u0161 deva svar\u012bgu ieguld\u012bjumu teolo\u0123isk\u0101s domas att\u012bst\u012bb\u0101, un var \u012bpa\u0161i uzrun\u0101t m\u016bsdienu cilv\u0113ku, kur\u0161 mekl\u0113 harmoniju starp tic\u012bbu un pr\u0101tu. Kardin\u0101la \u0145\u016bmena dz\u012bve, kas bija ce\u013c\u0161 no anglik\u0101nisma uz katolicismu, ir ar\u012b ekumenisk\u0101 dialoga z\u012bme.<\/p>\n<p>Sv\u0113t\u0101 D\u017eona Henrija \u0145\u016bmena pasludin\u0101\u0161ana par Bazn\u012bcas doktoru nav tikai vi\u0146a personas godin\u0101\u0161ana. Tas ir aicin\u0101jums no jauna atkl\u0101t vi\u0146a v\u0113st\u012bjumu par sirdsapzi\u0146u, paties\u012bbu un person\u012bgaj\u0101m attiec\u012bb\u0101m ar Dievu. K\u0101 vi\u0146\u0161 pats rakst\u012bja: \u201cSirds run\u0101 uz sirdi\u201d (Cor ad cor loquitur) \u2013 un tie\u0161i \u0161is sirds dialogs ar Dievu padara vi\u0146u par svar\u012bgu tic\u012bbas ce\u013cvedi m\u016bsdien\u0101s.<\/p>\n<p>\u00a0\u0145\u016bmens ir dzimis 1801. gad\u0101 London\u0101 un miris 1890. gad\u0101 Edgbaston\u0101. Vi\u0146\u0161 bija anglik\u0101\u0146u priesteris, kur\u0161 konvert\u0113j\u0101s kato\u013ctic\u012bb\u0101, k\u013cuva par kato\u013cu priesteri un v\u0113l\u0101k vi\u0146am tika pie\u0161\u0137irts kardin\u0101la tituls. Vi\u0146\u0161 ir iev\u0113rojams dzejnieks un teologs, 40 gr\u0101matu un vair\u0101k nek\u0101 20 tk. v\u0113stu\u013cu autors.\u00a0<\/p>\n","protected":false},"excerpt":{"rendered":"Sestdien, 1. novembr\u012b, p\u0101vests Leons XIV pasludin\u0101ja sv\u0113to D\u017eonu Henrija \u0145\u016bmenu par Bazn\u012bcas doktoru. Ang\u013cu kardin\u0101ls, konvert\u012bts un&hellip;\n","protected":false},"author":2,"featured_media":37077,"comment_status":"","ping_status":"","sticky":false,"template":"","format":"standard","meta":{"footnotes":""},"categories":[14],"tags":[23,57,28,29,32,33,22,30,31,35,39,38,36,37,34,40,20,26,27,24,25,54,55,56,21,58],"class_list":{"0":"post-37076","1":"post","2":"type-post","3":"status-publish","4":"format-standard","5":"has-post-thumbnail","7":"category-zinas-no-arvalstim","8":"tag-aktualitates","9":"tag-arvalstim","10":"tag-breaking-news","11":"tag-breakingnews","12":"tag-featured-news","13":"tag-featurednews","14":"tag-headlines","15":"tag-latest-news","16":"tag-latestnews","17":"tag-latvia","18":"tag-latvian","19":"tag-latviesu","20":"tag-latviesu-valoda","21":"tag-latviesuvaloda","22":"tag-latvija","23":"tag-lv","24":"tag-news","25":"tag-popularakas-zinas","26":"tag-popularakaszinas","27":"tag-top-stories","28":"tag-topstories","29":"tag-world","30":"tag-world-news","31":"tag-worldnews","32":"tag-zinas","33":"tag-zinas-no-arvalstim"},"share_on_mastodon":{"url":"https:\/\/pubeurope.com\/@lv\/115475046900787245","error":""},"_links":{"self":[{"href":"https:\/\/www.europesays.com\/lv\/wp-json\/wp\/v2\/posts\/37076","targetHints":{"allow":["GET"]}}],"collection":[{"href":"https:\/\/www.europesays.com\/lv\/wp-json\/wp\/v2\/posts"}],"about":[{"href":"https:\/\/www.europesays.com\/lv\/wp-json\/wp\/v2\/types\/post"}],"author":[{"embeddable":true,"href":"https:\/\/www.europesays.com\/lv\/wp-json\/wp\/v2\/users\/2"}],"replies":[{"embeddable":true,"href":"https:\/\/www.europesays.com\/lv\/wp-json\/wp\/v2\/comments?post=37076"}],"version-history":[{"count":0,"href":"https:\/\/www.europesays.com\/lv\/wp-json\/wp\/v2\/posts\/37076\/revisions"}],"wp:featuredmedia":[{"embeddable":true,"href":"https:\/\/www.europesays.com\/lv\/wp-json\/wp\/v2\/media\/37077"}],"wp:attachment":[{"href":"https:\/\/www.europesays.com\/lv\/wp-json\/wp\/v2\/media?parent=37076"}],"wp:term":[{"taxonomy":"category","embeddable":true,"href":"https:\/\/www.europesays.com\/lv\/wp-json\/wp\/v2\/categories?post=37076"},{"taxonomy":"post_tag","embeddable":true,"href":"https:\/\/www.europesays.com\/lv\/wp-json\/wp\/v2\/tags?post=37076"}],"curies":[{"name":"wp","href":"https:\/\/api.w.org\/{rel}","templated":true}]}}