{"id":37107,"date":"2025-11-01T15:31:08","date_gmt":"2025-11-01T15:31:08","guid":{"rendered":"https:\/\/www.europesays.com\/lv\/37107\/"},"modified":"2025-11-01T15:31:08","modified_gmt":"2025-11-01T15:31:08","slug":"lukoil-noteikto-sankciju-del-bulgarija-partrauc-eksportet-naftas-produktus-uz-es","status":"publish","type":"post","link":"https:\/\/www.europesays.com\/lv\/37107\/","title":{"rendered":"\u201cLukoil\u201d noteikto sankciju d\u0113\u013c Bulg\u0101rija p\u0101rtrauc eksport\u0113t naftas produktus uz ES"},"content":{"rendered":"<p>Eksporta ierobe\u017eojums ir nepiecie\u0161ams, lai nodro\u0161in\u0101tu Bulg\u0101rijas ener\u0123\u0113tisko dro\u0161\u012bbu un iek\u0161\u0113j\u0101 degvielas tirgus stabilit\u0101ti, pazi\u0146oja komiteja. Aizliegums neattieksies uz degvielas uzpild\u012b\u0161anu Bulg\u0101rijas un \u0101rvalstu ku\u0123iem un lidma\u0161\u012bn\u0101m, k\u0101 ar\u012b pieg\u0101d\u0113m ES un NATO dal\u012bbvalstu bru\u0146otajiem sp\u0113kiem. Komp\u0101nijai \u201cLukoil\u201d, kas p\u0113c ASV sankciju ievie\u0161anas pazi\u0146oja par savu \u0101rvalstu akt\u012bvu p\u0101rdo\u0161anu, caur t\u0101s meitas uz\u0146\u0113mumu \u201cLitasco\u201d pieder naftas p\u0101rstr\u0101des r\u016bpn\u012bca \u201cLukoil Neftohim Burgas\u201d, kas ir liel\u0101k\u0101 \u0161\u0101da veida r\u016bpn\u012bca Balk\u0101nos.<\/p>\n<p>Saska\u0146\u0101 ar bud\u017eeta komitejas vad\u012bt\u0101ja Deliana Dobreva teikto, naftas produktu eksporta aizliegums ir prevent\u012bvs pas\u0101kums, kura m\u0113r\u0137is ir nov\u0113rst tirgus manipul\u0101cijas. \u201cIemesls ir nepie\u013caut cenu spekul\u0101cijas, jo ir ieinteres\u0113tas personas, kas m\u0113\u0123ina nodarboties ar \u0161\u0101du praksi,\u201d vi\u0146\u0161 paskaidroja.<\/p>\n<p>Krievijas naftas gigantam papildus naftas p\u0101rstr\u0101des r\u016bpn\u012bcai pieder ar\u012b komp\u0101nija \u201cLukoil Bulgaria\u201d, kas ir vado\u0161ais degvielas mazumtirdzniec\u012bbas uz\u0146\u0113mums valst\u012b. Saska\u0146\u0101 ar Bulg\u0101rijas Konkurences aizsardz\u012bbas komisijas datiem, \u0161is \u201cLukoil\u201d fili\u0101le ir l\u012bderis automobi\u013cu degvielas vairumtirdzniec\u012bbas tirg\u016b ar tirgus da\u013cu no 40\u201350% l\u012bdz 50\u201360%.<\/p>\n<p>Va\u0161ingtona pag\u0101ju\u0161o tre\u0161dien ieviesa <a href=\"https:\/\/www.tvnet.lv\/term\/556173\/sankcijas\" class=\"topicLink\" target=\"_blank\" rel=\"nofollow noopener\">sankcijas<\/a> pret \u201cLukoil\u201d un \u201cRosneftj\u201d, k\u0101 ar\u012b to meitasuz\u0146\u0113mumiem, atbildot uz Krem\u013ca atteik\u0161anos p\u0101rtraukt karu Ukrain\u0101. ASV Finan\u0161u ministrija abu komp\u0101niju sadarb\u012bbas partneriem deva vienu m\u0113nesi laika, lai p\u0101rtrauktu visas oper\u0101cijas.<\/p>\n","protected":false},"excerpt":{"rendered":"Eksporta ierobe\u017eojums ir nepiecie\u0161ams, lai nodro\u0161in\u0101tu Bulg\u0101rijas ener\u0123\u0113tisko dro\u0161\u012bbu un iek\u0161\u0113j\u0101 degvielas tirgus stabilit\u0101ti, pazi\u0146oja komiteja. Aizliegums neattieksies&hellip;\n","protected":false},"author":2,"featured_media":37108,"comment_status":"","ping_status":"","sticky":false,"template":"","format":"standard","meta":{"footnotes":""},"categories":[14],"tags":[23,57,28,29,3567,5838,32,33,22,234,30,31,35,39,38,36,37,34,8954,40,2421,20,26,27,8955,511,24,25,54,55,56,21,58],"class_list":{"0":"post-37107","1":"post","2":"type-post","3":"status-publish","4":"format-standard","5":"has-post-thumbnail","7":"category-zinas-no-arvalstim","8":"tag-aktualitates","9":"tag-arvalstim","10":"tag-breaking-news","11":"tag-breakingnews","12":"tag-bulgarija","13":"tag-degviela","14":"tag-featured-news","15":"tag-featurednews","16":"tag-headlines","17":"tag-krievija","18":"tag-latest-news","19":"tag-latestnews","20":"tag-latvia","21":"tag-latvian","22":"tag-latviesu","23":"tag-latviesu-valoda","24":"tag-latviesuvaloda","25":"tag-latvija","26":"tag-lukoil","27":"tag-lv","28":"tag-nafta","29":"tag-news","30":"tag-popularakas-zinas","31":"tag-popularakaszinas","32":"tag-rosneftj","33":"tag-sankcijas","34":"tag-top-stories","35":"tag-topstories","36":"tag-world","37":"tag-world-news","38":"tag-worldnews","39":"tag-zinas","40":"tag-zinas-no-arvalstim"},"share_on_mastodon":{"url":"https:\/\/pubeurope.com\/@lv\/115475165064967170","error":""},"_links":{"self":[{"href":"https:\/\/www.europesays.com\/lv\/wp-json\/wp\/v2\/posts\/37107","targetHints":{"allow":["GET"]}}],"collection":[{"href":"https:\/\/www.europesays.com\/lv\/wp-json\/wp\/v2\/posts"}],"about":[{"href":"https:\/\/www.europesays.com\/lv\/wp-json\/wp\/v2\/types\/post"}],"author":[{"embeddable":true,"href":"https:\/\/www.europesays.com\/lv\/wp-json\/wp\/v2\/users\/2"}],"replies":[{"embeddable":true,"href":"https:\/\/www.europesays.com\/lv\/wp-json\/wp\/v2\/comments?post=37107"}],"version-history":[{"count":0,"href":"https:\/\/www.europesays.com\/lv\/wp-json\/wp\/v2\/posts\/37107\/revisions"}],"wp:featuredmedia":[{"embeddable":true,"href":"https:\/\/www.europesays.com\/lv\/wp-json\/wp\/v2\/media\/37108"}],"wp:attachment":[{"href":"https:\/\/www.europesays.com\/lv\/wp-json\/wp\/v2\/media?parent=37107"}],"wp:term":[{"taxonomy":"category","embeddable":true,"href":"https:\/\/www.europesays.com\/lv\/wp-json\/wp\/v2\/categories?post=37107"},{"taxonomy":"post_tag","embeddable":true,"href":"https:\/\/www.europesays.com\/lv\/wp-json\/wp\/v2\/tags?post=37107"}],"curies":[{"name":"wp","href":"https:\/\/api.w.org\/{rel}","templated":true}]}}