{"id":37118,"date":"2025-11-01T15:40:12","date_gmt":"2025-11-01T15:40:12","guid":{"rendered":"https:\/\/www.europesays.com\/lv\/37118\/"},"modified":"2025-11-01T15:40:12","modified_gmt":"2025-11-01T15:40:12","slug":"aminatas-solo-koncertu-liela-meitene-iesildis-rigas-sarkanais-koris-uz-skatuves-kaps-ari-tautumeitas-lente-lv-2","status":"publish","type":"post","link":"https:\/\/www.europesays.com\/lv\/37118\/","title":{"rendered":"Aminatas solo koncertu \u201cLiela meitene\u201d iesild\u012bs R\u012bgas sarkanais koris; uz skatuves k\u0101ps ar\u012b \u201cTautumeitas\u201d\u00a0\u2014\u00a0Lente.lv"},"content":{"rendered":"<p>Jau \u0161o sestdien, 1. novembr\u012b, greznaj\u0101 koncertz\u0101l\u0113 \u201cPalladium\u201d norisin\u0101sies gaid\u012btais Aminatas solokoncerts \u201cLiela meitene\u201d. \u0160is pas\u0101kums sol\u0101s b\u016bt ne tikai vizu\u0101li iespaid\u012bgs un dzi\u013ci personisks piedz\u012bvojums, bet ar\u012b noz\u012bm\u012bgs jauns posms m\u0101kslinieces karjer\u0101, kur\u0101 vi\u0146a pirmo reizi dz\u012bvaj\u0101 izpild\u012bjum\u0101 prezent\u0113s savu jaun\u0101ko studijas albumu ar t\u0101du pa\u0161u nosaukumu. Aminatas komanda ir sar\u016bp\u0113jusi pat\u012bkamu p\u0101rsteigumu, izzi\u0146ojot, ka koncertu iesild\u012bs telev\u012bzijas \u0161ov\u0101 \u201cKoru kari\u201d iekarotais un iem\u012b\u013cotais \u201cR\u012bgas sarkanais koris\u201d. <\/p>\n<p>Uz \u201cPalladium\u201d skatuves l\u012bdz\u0101s Aminatai k\u0101ps ar\u012b vair\u0101ki citi Latvij\u0101 iem\u012b\u013coti m\u016bzi\u0137i \u2013 ener\u0123isk\u0101s \u201cTautumeitas\u201d, intri\u0123\u0113jo\u0161ais \u201cSudden Lights\u201d un talant\u012bgais Ze\u013c\u0123is. \u0160\u012b zvaig\u017e\u0146ot\u0101 viesm\u0101kslinieku sast\u0101va kl\u0101tb\u016btne sola vakaru piepild\u012bt ar daudzveid\u012bgu muzik\u0101lo baud\u012bjumu.<\/p>\n<p>\u201cR\u012bgas sarkan\u0101 kora\u201d ener\u0123ija un \u012bpa\u0161ais sveiciens<\/p>\n<p>Par koncerta iesild\u012b\u0161anu atbild\u0113s \u201cR\u012bgas sarkanais koris\u201d, kur\u0161 savu muzik\u0101lo ce\u013cu aizs\u0101cis tie\u0161i telev\u012bzijas projekt\u0101 \u201cKoru kari\u201d. Kori vada kormeistars Rihards Lapi\u0146\u0161, un t\u0101 16 dal\u012bbnieki ir paz\u012bstami ar savu neviltoto ener\u0123iju un patieso m\u012blest\u012bbu pret m\u016bziku, kas sp\u0113j ienest siltumu un prieku ikvien\u0101 uzst\u0101\u0161an\u0101s reiz\u0113. Aminata pau\u017e lielu gandar\u012bjumu par \u0161o sadarb\u012bbu, atz\u012bstot, ka tie\u0161i \u0161ie jaunie\u0161i, ar kuriem vi\u0146a iepazinusies \u201cKoru karu\u201d laik\u0101, ir peln\u012bju\u0161i st\u0101v\u0113t uz liel\u0101s skatuves. \u201cKop\u0101 esam izg\u0101ju\u0161i tik sirsn\u012bgu ce\u013cu,\u201d st\u0101sta Aminata, piebilstot, ka \u201cR\u012bgas sarkanais koris\u201d noteikti p\u0101rsteigs koncerta apmekl\u0113t\u0101jus ar savu talantu. K\u0101 \u012bpa\u0161u sveicienu vakaram, koris atska\u0146os ne tikai iem\u012b\u013cotas dziesmas no \u201cKoru karu\u201d laikiem un savus jaun\u0101kos ori\u0123in\u0101ldarbus, bet ar\u012b speci\u0101li sagatavotu kora aran\u017eiju Roberta Pei\u010da dziesmai \u201cEs palik\u0161u te\u201d, ko autors rad\u012bjis, tie\u0161i iedvesmojoties no Aminatas. <\/p>\n<p>\u201cLiela meitene\u201d \u2013 dziesmas un st\u0101sti par izaugsmi<\/p>\n<p>Galven\u0101 vakara zvaigzne, Aminata, klaus\u012bt\u0101jiem pirmo reizi dz\u012bvaj\u0101 izpild\u012bjum\u0101 prezent\u0113s savu jaun\u0101ko studijas albumu \u201cLiela meitene\u201d. \u0160is albums tiek raksturots k\u0101 dzied\u0101t\u0101jas l\u012bdz \u0161im atkl\u0101t\u0101kais un drosm\u012bg\u0101kais ieraksts, kas pau\u017e st\u0101stu par izaugsmi, iek\u0161\u0113jo drosmi un sevis pie\u0146em\u0161anu. K\u0101 pati Aminata atkl\u0101j: \u201c\u0160is albums ir st\u0101sts par izaugsmi, iek\u0161\u0113jo drosmi un pie\u0146em\u0161anu. Tas ir mans ce\u013c\u0161 gan k\u0101 sievietei, gan k\u0101 m\u0101ksliniecei.\u201d Albums tapis, \u013caujoties vis\u0101m saj\u016bt\u0101m un pieredz\u0113m bez cenz\u016bras, un ar t\u0101 pal\u012bdz\u012bbu dzied\u0101t\u0101ja cer beidzot pateikt visu, ko v\u0113l\u0113jusies. <\/p>\n<p>Da\u017e\u0101du paaud\u017eu un stilu m\u016bzikas sapl\u016b\u0161ana<\/p>\n<p>Koncerta programma sol\u0101s b\u016bt bag\u0101ta un daudzpus\u012bga. Kop\u0101 ar Aminatu uz skatuves k\u0101ps ar\u012b taut\u0101 iem\u012b\u013cot\u0101s \u201cTautumeitas\u201d, kuru unik\u0101lais postfolkloras skan\u0113jums vienm\u0113r sp\u0113j aizraut klaus\u012bt\u0101jus. T\u0101pat gaid\u0101ma ener\u0123isk\u0101 grupa \u201cSudden Lights\u201d, kas paz\u012bstama ar sav\u0101m spilgtaj\u0101m dziesm\u0101m un aizraut\u012bgajiem priek\u0161nesumiem. T\u0101pat vakaru kuplin\u0101s ar\u012b reperis Ze\u013c\u0123is, radot interesantu kontrastu un papildinot kop\u0113jo muzik\u0101lo audumu. Vizu\u0101lo pusi r\u016bp\u012bgi veidojis profesion\u0101\u013cu pulks, tostarp scenogr\u0101fe Rebeka Gai\u0161a-V\u012bksna un horeogr\u0101fe El\u012bza Kaija Ka\u017eemaka, solot grandiozu un neaizmirstamu pieredzi Palladium koncertz\u0101l\u0113, kas tiks p\u0101rb\u016bv\u0113ta \u012bpa\u0161\u0101 amplu\u0101.<\/p>\n","protected":false},"excerpt":{"rendered":"Jau \u0161o sestdien, 1. novembr\u012b, greznaj\u0101 koncertz\u0101l\u0113 \u201cPalladium\u201d norisin\u0101sies gaid\u012btais Aminatas solokoncerts \u201cLiela meitene\u201d. \u0160is pas\u0101kums sol\u0101s b\u016bt&hellip;\n","protected":false},"author":2,"featured_media":37119,"comment_status":"","ping_status":"","sticky":false,"template":"","format":"standard","meta":{"footnotes":""},"categories":[19],"tags":[5782,89,90,1022,35,39,38,36,37,34,6082,40,10171,8622],"class_list":{"0":"post-37118","1":"post","2":"type-post","3":"status-publish","4":"format-standard","5":"has-post-thumbnail","7":"category-izklaide","8":"tag-aminata","9":"tag-entertainment","10":"tag-izklaide","11":"tag-koncerts-palladium","12":"tag-latvia","13":"tag-latvian","14":"tag-latviesu","15":"tag-latviesu-valoda","16":"tag-latviesuvaloda","17":"tag-latvija","18":"tag-liela-meitene","19":"tag-lv","20":"tag-rigas-sarkanais-koris","21":"tag-tautumeitas"},"share_on_mastodon":{"url":"https:\/\/pubeurope.com\/@lv\/115475200371760704","error":""},"_links":{"self":[{"href":"https:\/\/www.europesays.com\/lv\/wp-json\/wp\/v2\/posts\/37118","targetHints":{"allow":["GET"]}}],"collection":[{"href":"https:\/\/www.europesays.com\/lv\/wp-json\/wp\/v2\/posts"}],"about":[{"href":"https:\/\/www.europesays.com\/lv\/wp-json\/wp\/v2\/types\/post"}],"author":[{"embeddable":true,"href":"https:\/\/www.europesays.com\/lv\/wp-json\/wp\/v2\/users\/2"}],"replies":[{"embeddable":true,"href":"https:\/\/www.europesays.com\/lv\/wp-json\/wp\/v2\/comments?post=37118"}],"version-history":[{"count":0,"href":"https:\/\/www.europesays.com\/lv\/wp-json\/wp\/v2\/posts\/37118\/revisions"}],"wp:featuredmedia":[{"embeddable":true,"href":"https:\/\/www.europesays.com\/lv\/wp-json\/wp\/v2\/media\/37119"}],"wp:attachment":[{"href":"https:\/\/www.europesays.com\/lv\/wp-json\/wp\/v2\/media?parent=37118"}],"wp:term":[{"taxonomy":"category","embeddable":true,"href":"https:\/\/www.europesays.com\/lv\/wp-json\/wp\/v2\/categories?post=37118"},{"taxonomy":"post_tag","embeddable":true,"href":"https:\/\/www.europesays.com\/lv\/wp-json\/wp\/v2\/tags?post=37118"}],"curies":[{"name":"wp","href":"https:\/\/api.w.org\/{rel}","templated":true}]}}