{"id":37126,"date":"2025-11-01T15:47:14","date_gmt":"2025-11-01T15:47:14","guid":{"rendered":"https:\/\/www.europesays.com\/lv\/37126\/"},"modified":"2025-11-01T15:47:14","modified_gmt":"2025-11-01T15:47:14","slug":"liepajas-grieku-romiesu-cikstoniem-atzistami-rezultati-starptautiska-turnira-irliepaja","status":"publish","type":"post","link":"https:\/\/www.europesays.com\/lv\/37126\/","title":{"rendered":"Liep\u0101jas grie\u0137u-romie\u0161u c\u012bksto\u0146iem atz\u012bstami rezult\u0101ti starptautisk\u0101 turn\u012br\u0101 \u00bb irLiep\u0101ja"},"content":{"rendered":"<p class=\"MsoNormal\" align=\"left\">Liep\u0101jas Kompleks\u0101s sporta skolas audz\u0113k\u0146i 24. un&#13;<br \/>\n25. oktobr\u012b dev\u0101s uz R\u0113zekni, kur norisin\u0101j\u0101s starptautisks turn\u012brs&#13;<br \/>\ngrie\u0137u-romie\u0161u c\u012b\u0146\u0101. \u00a0Sacens\u012bbas notika&#13;<br \/>\ntr\u012bs vecumu grup\u0101s \u2013 \u00a0U11, U13 un U15 un&#13;<br \/>\nliep\u0101jnieki uzr\u0101d\u012bja augstv\u0113rt\u012bgus rezult\u0101tus, inform\u0113\u00a0\u201cLiep\u0101jas Kompleks\u0101&#13;<br \/>\nsporta skola\u201d\u00a0preses p\u0101rst\u0101ve Simona Laiveniece.<\/p>\n<p class=\"MsoNormal\" align=\"left\">\u00a0<\/p>\n<p class=\"MsoNormal\" align=\"left\">Treneris Arturs Jaunsleinis st\u0101sta par rezult\u0101tiem:&#13;<br \/>\n\u201cU11 vecuma grup\u0101 1. vietu izc\u012bnija \u0145ikita Hme\u013covs (53kg), Marks \u0160\u010dekleins&#13;<br \/>\n(29kg), Semjons Novikovs (26kg). 2.vietu \u2013 \u00a0Kristers K\u013cava (42kg), Donats Didi\u013cuks (33kg).&#13;<br \/>\n3. vietu izc\u012bn\u012bja Ivans Jegorovs (59+kg), Rihards Gulbis (59kg), Andrians&#13;<br \/>\nJaunzems-Strikis (42kg) un Davids Studei\u0146ikovs (42kg).<\/p>\n<p class=\"MsoNormal\" align=\"left\">\u00a0<\/p>\n<p class=\"MsoNormal\" align=\"left\">U13 vecuma grup\u0101 2. vietu izc\u012bnija Rodrigo Strjuks&#13;<br \/>\n(47kg). 3.vietu Deniss Vlasjuks (65kg), Reinis Mi\u0137elsons (43kg).<\/p>\n<p class=\"MsoNormal\" align=\"left\">\u00a0<\/p>\n<p class=\"MsoNormal\" align=\"left\">U15 vecuma grup\u0101 1. vietu izc\u012bnija Antons Klejenkovs&#13;<br \/>\n(57kg) 3. vietu Kristers Freimanis (52kg).<\/p>\n<p class=\"MsoNormal\" align=\"left\">\u00a0<\/p>\n<p class=\"MsoNormal\" align=\"left\">U11 vecuma grup\u0101 \u0161is sacens\u012bbas reiz\u0113 bija ar\u012b&#13;<br \/>\nLatvijas kausa 3. posms, un uzr\u0101d\u012btie rezult\u0101ti \u013c\u0101va vair\u0101kiem liep\u0101jniekiem&#13;<br \/>\nnostiprin\u0101ties kopv\u0113rt\u0113juma aug\u0161gal\u0101.\u201d<\/p>\n<p class=\"MsoNormal\" align=\"left\">\u00a0<\/p>\n<p class=\"MsoNormal\" align=\"left\">Nosl\u0113dzo\u0161ais posms norisin\u0101sies 29. novembr\u012b, kad&#13;<br \/>\nLiep\u0101jas Olimpisk\u0101 centra ar\u0113n\u0101 tiks aizvad\u012bts Liep\u0101jas atkl\u0101tais \u010dempion\u0101ts&#13;<br \/>\ngrie\u0137u &#8211; romie\u0161u c\u012b\u0146\u0101.<\/p>\n<p>\t\t\t\t\t\t\t\t\t<\/p>\n","protected":false},"excerpt":{"rendered":"Liep\u0101jas Kompleks\u0101s sporta skolas audz\u0113k\u0146i 24. un&#13; 25. oktobr\u012b dev\u0101s uz R\u0113zekni, kur norisin\u0101j\u0101s starptautisks turn\u012brs&#13; grie\u0137u-romie\u0161u c\u012b\u0146\u0101.&hellip;\n","protected":false},"author":2,"featured_media":37127,"comment_status":"","ping_status":"","sticky":false,"template":"","format":"standard","meta":{"footnotes":""},"categories":[17],"tags":[35,39,38,36,37,34,40,67],"class_list":{"0":"post-37126","1":"post","2":"type-post","3":"status-publish","4":"format-standard","5":"has-post-thumbnail","7":"category-sports","8":"tag-latvia","9":"tag-latvian","10":"tag-latviesu","11":"tag-latviesu-valoda","12":"tag-latviesuvaloda","13":"tag-latvija","14":"tag-lv","15":"tag-sports"},"share_on_mastodon":{"url":"https:\/\/pubeurope.com\/@lv\/115475227805708849","error":""},"_links":{"self":[{"href":"https:\/\/www.europesays.com\/lv\/wp-json\/wp\/v2\/posts\/37126","targetHints":{"allow":["GET"]}}],"collection":[{"href":"https:\/\/www.europesays.com\/lv\/wp-json\/wp\/v2\/posts"}],"about":[{"href":"https:\/\/www.europesays.com\/lv\/wp-json\/wp\/v2\/types\/post"}],"author":[{"embeddable":true,"href":"https:\/\/www.europesays.com\/lv\/wp-json\/wp\/v2\/users\/2"}],"replies":[{"embeddable":true,"href":"https:\/\/www.europesays.com\/lv\/wp-json\/wp\/v2\/comments?post=37126"}],"version-history":[{"count":0,"href":"https:\/\/www.europesays.com\/lv\/wp-json\/wp\/v2\/posts\/37126\/revisions"}],"wp:featuredmedia":[{"embeddable":true,"href":"https:\/\/www.europesays.com\/lv\/wp-json\/wp\/v2\/media\/37127"}],"wp:attachment":[{"href":"https:\/\/www.europesays.com\/lv\/wp-json\/wp\/v2\/media?parent=37126"}],"wp:term":[{"taxonomy":"category","embeddable":true,"href":"https:\/\/www.europesays.com\/lv\/wp-json\/wp\/v2\/categories?post=37126"},{"taxonomy":"post_tag","embeddable":true,"href":"https:\/\/www.europesays.com\/lv\/wp-json\/wp\/v2\/tags?post=37126"}],"curies":[{"name":"wp","href":"https:\/\/api.w.org\/{rel}","templated":true}]}}