{"id":37132,"date":"2025-11-01T15:59:34","date_gmt":"2025-11-01T15:59:34","guid":{"rendered":"https:\/\/www.europesays.com\/lv\/37132\/"},"modified":"2025-11-01T15:59:34","modified_gmt":"2025-11-01T15:59:34","slug":"briatore-mums-tagad-ir-vienalga-kura-vieta-pabeigsim-so-sezonu-f1lv-blogs","status":"publish","type":"post","link":"https:\/\/www.europesays.com\/lv\/37132\/","title":{"rendered":"Briatore: &#8220;Mums tagad ir vienalga, kur\u0101 viet\u0101 pabeigsim \u0161o sezonu&#8221; : F1LV Blogs"},"content":{"rendered":"<p>Flavio Briatore atzinis, ka \u201cAlpine\u201d vairs \u012bpa\u0161i neuztraucas par to, vai sezona tiks pabeigta astotaj\u0101 vai p\u0113d\u0113j\u0101 viet\u0101 Konstruktoru kaus\u0101. Tom\u0113r \u010detr\u0101m cit\u0101m komand\u0101m c\u012b\u0146a joproj\u0101m noz\u012bm\u0113 miljonus.<\/p>\n<p>Briatore intervij\u0101 \u201cAuto Motor und Sport\u201d nor\u0101d\u012bja, ka uzlabot \u0161\u012b gada ma\u0161\u012bnu vairs nav ekonomiski pamatoti. \u201cJa b\u016btu iesp\u0113ja pac\u012bn\u012bties par sesto vietu, k\u0101 pag\u0101ju\u0161aj\u0101 gad\u0101, tad b\u016btu j\u0113ga ieviest v\u0113l vienu uzlabojumu paketi,\u201d sac\u012bja Briatore. \u201cBet, ja runa ir par astoto vai desmito vietu, lab\u0101k ieguld\u012bt visu ener\u0123iju n\u0101kamaj\u0101 gad\u0101.\u201d<\/p>\n<p>Kam\u0113r \u201cAlpine\u201d atrodas p\u0113d\u0113j\u0101 viet\u0101 Konstruktoru kaus\u0101, \u010detras citas vid\u0113j\u0101 e\u0161alona komandas \u201cRacing Bulls\u201d, \u201cAston Martin\u201d, \u201cKick Sauber\u201d un \u201cHaas\u201d iesaist\u012bju\u0161\u0101s c\u012b\u0146\u0101 par miljoniem dol\u0101ru. Starp sesto un dev\u012bto vietu komandas \u0161\u0137ir vien 12 punkti, bet naudas balvu izteiksm\u0113 tas noz\u012bm\u0113 ap 20 miljoniem eiro vair\u0101k vai maz\u0101k, atkar\u012bb\u0101 no sasniegt\u0101s poz\u012bcijas<\/p>\n<p>&#8211; Rekl\u0101ma &#8211;<\/p>\n<p>\u201cHaas\u201d komanda v\u0113l uz posmu Ostin\u0101 bija sar\u016bp\u0113jusi jaunu gr\u012bdu un p\u0101rstr\u0101d\u0101tas aizmugur\u0113j\u0101s brem\u017eu dzes\u0113\u0161anas atveres, kas nodro\u0161in\u0101ja liel\u0101ku piespied\u0113jsp\u0113ku. \u201cMa\u0161\u012bna ir \u0101tr\u0101ka, bet ar\u012b nervoz\u0101ka,\u201d skaidro komandas vad\u012bt\u0101js Ajao Komacu. \u201cEstebans [Okons] piel\u0101go ma\u0161\u012bnu, l\u012bdz t\u0101 vi\u0146am pat\u012bk, un tad spie\u017e gr\u012bd\u0101. Olijs [Olivers B\u0113rmans] tik \u013coti to neizj\u016bt \u2013 vi\u0146\u0161 vienk\u0101r\u0161i turpina braukt. T\u0101p\u0113c vi\u0146am ir vair\u0101k av\u0101riju.\u201d<\/p>\n<p>Debitants B\u0113rmans Meksik\u0101 sv\u0113tdien izc\u012bn\u012bja ceturto vietu, kas ir sportista l\u012bdz \u0161im augst\u0101kais pan\u0101kums. Vi\u0146\u0161 uzskata, ka jaunais risin\u0101jums sevi attaisno: \u201cMa\u0161\u012bnas raksturs ir main\u012bjies. T\u0101 ir \u0101tr\u0101ka, bet vajadz\u012bgs laiks, lai piel\u0101gotos.\u201d<\/p>\n<p>Tikm\u0113r \u201cKick Sauber\u201d sporta direktors Injaki Rueda nor\u0101d\u012bja, ka vi\u0146u \u0161asija p\u0113c uzved\u012bbas \u013coti l\u012bdzin\u0101s \u201cAston Martin\u201d ma\u0161\u012bnai \u2013 ab\u0101m pat\u012bkot l\u012bdz\u012bga tipa trases. Piektaj\u0101 viet\u0101 eso\u0161\u0101 \u201cWilliams\u201d komanda \u0161\u0137iet dro\u0161\u012bb\u0101, ta\u010du c\u012b\u0146a par sesto l\u012bdz dev\u012bto vietu joproj\u0101m ir spraiga.<\/p>\n<p>\u201cKatrs s\u012bkums tagad ir iz\u0161\u0137iro\u0161s, jo tie\u0161i tie var noteikt, kur\u0161 sa\u0146ems liel\u0101ko \u010deku,\u201d raksta \u201cAuto Motor und Sport\u201d \u017eurn\u0101lists Mihaels \u0160mits.<\/p>\n<p>T\u0101pat \u0101rk\u0101rt\u012bgi spraiga c\u012b\u0146a notiek par otro l\u012bdz ceturto vietu starp \u201cFerrari\u201d, \u201cMercedes\u201d, kas p\u0113c Mehiko GP zaud\u0113ja otro poz\u012bciju, un \u201cRed Bull\u201d.<\/p>\n<p>Konstruktoru kauss p\u0113c Meksikas GP:<\/p>\n<p><a href=\"https:\/\/f1.lv\/wp-content\/uploads\/2025\/10\/G4OQNktXkAAaqC9.jpeg\" rel=\"nofollow noopener\" target=\"_blank\"><img fetchpriority=\"high\" decoding=\"async\" class=\"alignnone size-large wp-image-74122\" src=\"https:\/\/www.europesays.com\/lv\/wp-content\/uploads\/2025\/10\/G4OQNktXkAAaqC9-819x1024.jpeg\" alt=\"\" width=\"696\" height=\"870\"  \/><\/a><\/p>\n","protected":false},"excerpt":{"rendered":"Flavio Briatore atzinis, ka \u201cAlpine\u201d vairs \u012bpa\u0161i neuztraucas par to, vai sezona tiks pabeigta astotaj\u0101 vai p\u0113d\u0113j\u0101 viet\u0101&hellip;\n","protected":false},"author":2,"featured_media":37133,"comment_status":"","ping_status":"","sticky":false,"template":"","format":"standard","meta":{"footnotes":""},"categories":[17],"tags":[35,39,38,36,37,34,40,67],"class_list":{"0":"post-37132","1":"post","2":"type-post","3":"status-publish","4":"format-standard","5":"has-post-thumbnail","7":"category-sports","8":"tag-latvia","9":"tag-latvian","10":"tag-latviesu","11":"tag-latviesu-valoda","12":"tag-latviesuvaloda","13":"tag-latvija","14":"tag-lv","15":"tag-sports"},"share_on_mastodon":{"url":"https:\/\/pubeurope.com\/@lv\/115475275027418233","error":""},"_links":{"self":[{"href":"https:\/\/www.europesays.com\/lv\/wp-json\/wp\/v2\/posts\/37132","targetHints":{"allow":["GET"]}}],"collection":[{"href":"https:\/\/www.europesays.com\/lv\/wp-json\/wp\/v2\/posts"}],"about":[{"href":"https:\/\/www.europesays.com\/lv\/wp-json\/wp\/v2\/types\/post"}],"author":[{"embeddable":true,"href":"https:\/\/www.europesays.com\/lv\/wp-json\/wp\/v2\/users\/2"}],"replies":[{"embeddable":true,"href":"https:\/\/www.europesays.com\/lv\/wp-json\/wp\/v2\/comments?post=37132"}],"version-history":[{"count":0,"href":"https:\/\/www.europesays.com\/lv\/wp-json\/wp\/v2\/posts\/37132\/revisions"}],"wp:featuredmedia":[{"embeddable":true,"href":"https:\/\/www.europesays.com\/lv\/wp-json\/wp\/v2\/media\/37133"}],"wp:attachment":[{"href":"https:\/\/www.europesays.com\/lv\/wp-json\/wp\/v2\/media?parent=37132"}],"wp:term":[{"taxonomy":"category","embeddable":true,"href":"https:\/\/www.europesays.com\/lv\/wp-json\/wp\/v2\/categories?post=37132"},{"taxonomy":"post_tag","embeddable":true,"href":"https:\/\/www.europesays.com\/lv\/wp-json\/wp\/v2\/tags?post=37132"}],"curies":[{"name":"wp","href":"https:\/\/api.w.org\/{rel}","templated":true}]}}