{"id":37177,"date":"2025-11-01T17:17:33","date_gmt":"2025-11-01T17:17:33","guid":{"rendered":"https:\/\/www.europesays.com\/lv\/37177\/"},"modified":"2025-11-01T17:17:33","modified_gmt":"2025-11-01T17:17:33","slug":"rigas-zelli-galvaspilsetas-derbija-parspej-vef-riga","status":"publish","type":"post","link":"https:\/\/www.europesays.com\/lv\/37177\/","title":{"rendered":"R\u012bgas ze\u013c\u013ci&#8221; galvaspils\u0113tas derbij\u0101 p\u0101rsp\u0113j &#8220;VEF R\u012bga"},"content":{"rendered":"<p>&#8220;R\u012bgas ze\u013c\u013ci&#8221; sestdien &#8220;Optibet&#8221; Latvijas-Igaunijas Basketbola l\u012bg\u0101 (LIBL) viesos izc\u012bn\u012bja uzvaru p\u0101r pag\u0101ju\u0161\u0101s sezonas \u010dempioni &#8220;VEF R\u012bga&#8221;, svinot piekto uzvaru p\u0113c k\u0101rtas.<\/p>\n<p>&#8220;R\u012bgas ze\u013c\u013ci&#8221; tika pie pan\u0101kuma ar 97:88 (30:21, 27:22, 20:21, 20:24).<\/p>\n<p>Starp uzvar\u0113t\u0101jiem rezultat\u012bv\u0101kais ar 34 punktiem un asto\u0146\u0101m bumb\u0101m zem groziem bija Frenkijs Fidlers, Roberts B\u0113rzi\u0146\u0161 pievienoja 14 punktus, bet v\u0113l 12 punktus iekr\u0101ja Juris V\u012btols.<\/p>\n<p>&#8220;VEF R\u012bga&#8221; rind\u0101s Zahirs Porters izc\u0113l\u0101s ar 26 punktiem, Rostislavs Novickis guva 12 punktus, kam\u0113r Arnaldo Toro iekr\u0101ja devi\u0146us punktus un 18 atl\u0113ku\u0161\u0101s bumbas.<\/p>\n<p>Viesiem pirmo ceturtda\u013cu nosl\u0113dzot ar +9, otr\u0101s ceturtda\u013cas izska\u0146\u0101 uz br\u012bdi &#8220;R\u012bgas ze\u013c\u013ciem&#8221; izdev\u0101s palielin\u0101t p\u0101rsvaru l\u012bdz 17 punktiem. Tre\u0161aj\u0101 ceturtda\u013c\u0101 &#8220;vefie\u0161i&#8221; samazin\u0101ja defic\u012btu l\u012bdz \u010detriem punktiem, ta\u010du &#8220;R\u012bgas ze\u013c\u013ci&#8221; guva devi\u0146us punktus p\u0113c k\u0101rtas un atguva +13.<\/p>\n<p>Savuk\u0101rt nosl\u0113dzo\u0161\u0101s ceturtda\u013cas laukuma saimniekiem padev\u0101s 14:3 izr\u0101viens, kas \u013c\u0101va samazin\u0101t viesu p\u0101rsvaru l\u012bdz tikai diviem punktiem, bet tr\u012bs min\u016btes l\u012bdz pamatlaika beig\u0101m uz \u012bsu br\u012bdi &#8220;vefie\u0161i&#8221; ar\u012b izvirz\u012bj\u0101s vad\u012bb\u0101. Turpin\u0101jum\u0101 &#8220;R\u012bgas ze\u013c\u013ci&#8221; p\u0113c 8:0 izr\u0101viena tika pie p\u0101rsvara, kuru izdev\u0101s nosarg\u0101t l\u012bdz fin\u0101lsvilpei un tikt pie uzvaras.<\/p>\n<p>&#8220;R\u012bgas ze\u013c\u013ci&#8221; ar bilanci 5-1 ie\u0146em tre\u0161o vietu, bet &#8220;VEF R\u012bga&#8221; ar pieciem pan\u0101kumiem septi\u0146os ma\u010dos ir par vienu poz\u012bciju zem\u0101k 14 komandu vid\u016b.<\/p>\n<p>LIBL Latviju \u0161osezon p\u0101rst\u0101v &#8220;Latvijas Universit\u0101te&#8221;, &#8220;Liep\u0101ja&#8221;, &#8220;Ogre&#8221;, &#8220;R\u012bgas ze\u013c\u013ci&#8221;, &#8220;Valmiera Glass&#8221;https:\/\/www.delfi.lv\/&#8221;Vidzemes Augstskola&#8221;, &#8220;Ventspils&#8221; un &#8220;VEF R\u012bga&#8221;, bet Igauniju &#8211; Keilas &#8220;Coolbet&#8221;, Tallinas &#8220;Kalev&#8221;https:\/\/www.delfi.lv\/&#8221;Cramo&#8221;, &#8220;Keila&#8221;, Tallinas &#8220;TalTech&#8221;https:\/\/www.delfi.lv\/&#8221;Alexela&#8221;, &#8220;Tartu Universit\u0101te&#8221;https:\/\/www.delfi.lv\/&#8221;Maks &amp; Moorits&#8221;, P\u0113rnavas &#8220;Transcom&#8221; un &#8220;Viimsi&#8221;.<\/p>\n<p>Pamatturn\u012br\u0101 komandas izsp\u0113l\u0113s divus ap\u013cus, asto\u0146\u0101m lab\u0101kaj\u0101m iek\u013c\u016bstot ceturtda\u013cfin\u0101l\u0101 un c\u012bnoties par vietu fin\u0101l\u010detriniek\u0101.<\/p>\n<p>Latvijas un Igaunijas lab\u0101kie v\u012brie\u0161u basketbola klubi apvienot\u0101 \u010dempion\u0101t\u0101 pirmo reizi sp\u0113l\u0113ja 2019. gada sezon\u0101, kad sacens\u012bb\u0101s piedal\u012bj\u0101s 15 komandas. Fin\u0101l\u010detrinieka turn\u012br\u0101 par l\u012bgas pirmajiem uzvar\u0113t\u0101jiem k\u013cuva &#8220;Ventspils&#8221; basketbolisti.<\/p>\n<p>Pag\u0101ju\u0161aj\u0101 sezon\u0101 par \u010dempioni k\u013cuva &#8220;VEF R\u012bga&#8221;.<\/p>\n<p class=\"m-0\">Seko &#8220;Delfi&#8221; ar\u012b  <a target=\"_blank\" href=\"https:\/\/www.instagram.com\/delfi.lv\/\" rel=\"nofollow noopener\">Instagram<\/a>  un <a target=\"_blank\" href=\"https:\/\/www.youtube.com\/channel\/UCw5foWtcJvAbUm64rv7jwUQ\" rel=\"nofollow noopener\">YouTube<\/a>  profil\u0101 \u2013 pievienojies, lai uzzin\u0101tu svar\u012bg\u0101ko un interesant\u0101ko pirmais!<\/p>\n<p>Publik\u0101cijas saturs vai t\u0101s jebk\u0101da apjoma da\u013ca ir aizsarg\u0101ts autorties\u012bbu objekts Autorties\u012bbu likuma izpratn\u0113, un t\u0101 izmanto\u0161ana bez izdev\u0113ja at\u013caujas ir aizliegta. Vair\u0101k lasi  <a target=\"_blank\" href=\"https:\/\/www.delfi.lv\/noteikumi#autortiesibas\" rel=\"nofollow noopener\">\u0161eit<\/a><script async src=\"\/\/www.instagram.com\/embed.js\"><\/script><\/p>\n","protected":false},"excerpt":{"rendered":"&#8220;R\u012bgas ze\u013c\u013ci&#8221; sestdien &#8220;Optibet&#8221; Latvijas-Igaunijas Basketbola l\u012bg\u0101 (LIBL) viesos izc\u012bn\u012bja uzvaru p\u0101r pag\u0101ju\u0161\u0101s sezonas \u010dempioni &#8220;VEF R\u012bga&#8221;, svinot&hellip;\n","protected":false},"author":2,"featured_media":37178,"comment_status":"","ping_status":"","sticky":false,"template":"","format":"standard","meta":{"footnotes":""},"categories":[17],"tags":[35,39,38,36,37,34,2167,40,10903,67,10901,1618,10902],"class_list":{"0":"post-37177","1":"post","2":"type-post","3":"status-publish","4":"format-standard","5":"has-post-thumbnail","7":"category-sports","8":"tag-latvia","9":"tag-latvian","10":"tag-latviesu","11":"tag-latviesu-valoda","12":"tag-latviesuvaloda","13":"tag-latvija","14":"tag-latvijas-universitate","15":"tag-lv","16":"tag-ogre","17":"tag-sports","18":"tag-tartu-universitate","19":"tag-vef-riga","20":"tag-vidzemes-augstskola"},"share_on_mastodon":{"url":"https:\/\/pubeurope.com\/@lv\/115475581669844335","error":""},"_links":{"self":[{"href":"https:\/\/www.europesays.com\/lv\/wp-json\/wp\/v2\/posts\/37177","targetHints":{"allow":["GET"]}}],"collection":[{"href":"https:\/\/www.europesays.com\/lv\/wp-json\/wp\/v2\/posts"}],"about":[{"href":"https:\/\/www.europesays.com\/lv\/wp-json\/wp\/v2\/types\/post"}],"author":[{"embeddable":true,"href":"https:\/\/www.europesays.com\/lv\/wp-json\/wp\/v2\/users\/2"}],"replies":[{"embeddable":true,"href":"https:\/\/www.europesays.com\/lv\/wp-json\/wp\/v2\/comments?post=37177"}],"version-history":[{"count":0,"href":"https:\/\/www.europesays.com\/lv\/wp-json\/wp\/v2\/posts\/37177\/revisions"}],"wp:featuredmedia":[{"embeddable":true,"href":"https:\/\/www.europesays.com\/lv\/wp-json\/wp\/v2\/media\/37178"}],"wp:attachment":[{"href":"https:\/\/www.europesays.com\/lv\/wp-json\/wp\/v2\/media?parent=37177"}],"wp:term":[{"taxonomy":"category","embeddable":true,"href":"https:\/\/www.europesays.com\/lv\/wp-json\/wp\/v2\/categories?post=37177"},{"taxonomy":"post_tag","embeddable":true,"href":"https:\/\/www.europesays.com\/lv\/wp-json\/wp\/v2\/tags?post=37177"}],"curies":[{"name":"wp","href":"https:\/\/api.w.org\/{rel}","templated":true}]}}