{"id":37179,"date":"2025-11-01T17:19:11","date_gmt":"2025-11-01T17:19:11","guid":{"rendered":"https:\/\/www.europesays.com\/lv\/37179\/"},"modified":"2025-11-01T17:19:11","modified_gmt":"2025-11-01T17:19:11","slug":"hamas-atdevis-izraelai-svesas-mirstigas-atliekas","status":"publish","type":"post","link":"https:\/\/www.europesays.com\/lv\/37179\/","title":{"rendered":"&#8220;Hamas&#8221; atdevis Izra\u0113lai sve\u0161as mirst\u012bg\u0101s atliekas"},"content":{"rendered":"<p>\u0160\u012b nav pirm\u0101 reize, kad &#8220;Hamas&#8221; atdevis Izra\u0113lai sve\u0161as mirst\u012bg\u0101s atliekas.<br \/>&#13;<br \/>\nIzra\u0113las armija zi\u0146u a\u0123ent\u016brai AFP pav\u0113st\u012bja, ka tiesu ekspert\u012bz\u0113 secin\u0101ts, ka \u0161\u012bs mirst\u012bg\u0101s atliekas nepieder nevienam no 11 miru\u0161ajiem g\u016bstek\u0146iem, kas &#8220;Hamas&#8221; v\u0113l j\u0101atdod Izra\u0113lai saska\u0146\u0101 ar pamiera vieno\u0161anos, kas 10. oktobr\u012b tika nosl\u0113gta ar ASV starpniec\u012bbu. Saska\u0146\u0101 ar pamiera vieno\u0161anos &#8220;Hamas&#8221; atbr\u012bvoja visus 20 dz\u012bvos \u0137\u012blniekus, un l\u012bdz \u0161im atdevusi 17 cilv\u0113ku mirst\u012bg\u0101s atliekas.<\/p>\n","protected":false},"excerpt":{"rendered":"\u0160\u012b nav pirm\u0101 reize, kad &#8220;Hamas&#8221; atdevis Izra\u0113lai sve\u0161as mirst\u012bg\u0101s atliekas.&#13; Izra\u0113las armija zi\u0146u a\u0123ent\u016brai AFP pav\u0113st\u012bja, ka&hellip;\n","protected":false},"author":2,"featured_media":37180,"comment_status":"","ping_status":"","sticky":false,"template":"","format":"standard","meta":{"footnotes":""},"categories":[14],"tags":[23,57,28,29,32,33,22,30,31,35,39,38,36,37,34,40,20,26,27,24,25,54,55,56,21,58],"class_list":{"0":"post-37179","1":"post","2":"type-post","3":"status-publish","4":"format-standard","5":"has-post-thumbnail","7":"category-zinas-no-arvalstim","8":"tag-aktualitates","9":"tag-arvalstim","10":"tag-breaking-news","11":"tag-breakingnews","12":"tag-featured-news","13":"tag-featurednews","14":"tag-headlines","15":"tag-latest-news","16":"tag-latestnews","17":"tag-latvia","18":"tag-latvian","19":"tag-latviesu","20":"tag-latviesu-valoda","21":"tag-latviesuvaloda","22":"tag-latvija","23":"tag-lv","24":"tag-news","25":"tag-popularakas-zinas","26":"tag-popularakaszinas","27":"tag-top-stories","28":"tag-topstories","29":"tag-world","30":"tag-world-news","31":"tag-worldnews","32":"tag-zinas","33":"tag-zinas-no-arvalstim"},"share_on_mastodon":{"url":"https:\/\/pubeurope.com\/@lv\/115475589548102263","error":""},"_links":{"self":[{"href":"https:\/\/www.europesays.com\/lv\/wp-json\/wp\/v2\/posts\/37179","targetHints":{"allow":["GET"]}}],"collection":[{"href":"https:\/\/www.europesays.com\/lv\/wp-json\/wp\/v2\/posts"}],"about":[{"href":"https:\/\/www.europesays.com\/lv\/wp-json\/wp\/v2\/types\/post"}],"author":[{"embeddable":true,"href":"https:\/\/www.europesays.com\/lv\/wp-json\/wp\/v2\/users\/2"}],"replies":[{"embeddable":true,"href":"https:\/\/www.europesays.com\/lv\/wp-json\/wp\/v2\/comments?post=37179"}],"version-history":[{"count":0,"href":"https:\/\/www.europesays.com\/lv\/wp-json\/wp\/v2\/posts\/37179\/revisions"}],"wp:featuredmedia":[{"embeddable":true,"href":"https:\/\/www.europesays.com\/lv\/wp-json\/wp\/v2\/media\/37180"}],"wp:attachment":[{"href":"https:\/\/www.europesays.com\/lv\/wp-json\/wp\/v2\/media?parent=37179"}],"wp:term":[{"taxonomy":"category","embeddable":true,"href":"https:\/\/www.europesays.com\/lv\/wp-json\/wp\/v2\/categories?post=37179"},{"taxonomy":"post_tag","embeddable":true,"href":"https:\/\/www.europesays.com\/lv\/wp-json\/wp\/v2\/tags?post=37179"}],"curies":[{"name":"wp","href":"https:\/\/api.w.org\/{rel}","templated":true}]}}