{"id":37189,"date":"2025-11-01T17:43:08","date_gmt":"2025-11-01T17:43:08","guid":{"rendered":"https:\/\/www.europesays.com\/lv\/37189\/"},"modified":"2025-11-01T17:43:08","modified_gmt":"2025-11-01T17:43:08","slug":"krievi-nav-aplenkusi-pokrovsku-raksts","status":"publish","type":"post","link":"https:\/\/www.europesays.com\/lv\/37189\/","title":{"rendered":"Krievi nav aplenku\u0161i Pokrovsku \/ Raksts"},"content":{"rendered":"<p>Ukrainas Bru\u0146oto sp\u0113ku virspav\u0113lnieks Oleksandrs Sirskis sestdien uzsv\u0113ris, ka krievi nav aplenku\u0161i vai noblo\u0137\u0113ju\u0161i Pokrovsku un Mirnohradu.<\/p>\n<p>Sirskis p\u0113c Pokrovskas frontes apmekl\u0113juma ar\u012b pazi\u0146oja, ka Ukrainas armija Pokrovsk\u0101 \u012bsteno sare\u017e\u0123\u012btu oper\u0101ciju, lai nogalin\u0101tu un atvair\u012btu ienaidnieku. Oper\u0101cij\u0101 cita starp\u0101 piedal\u0101s \u012apa\u0161o oper\u0101ciju sp\u0113ki, Ukrainas Dro\u0161\u012bbas dienests un Ukrainas Aizsardz\u012bbas ministrijas Galven\u0101 izl\u016bko\u0161anas p\u0101rvalde.<\/p>\n<p>&#8220;Pokrovskas-Mirnohradas aglomer\u0101cij\u0101 m\u016bsu karasp\u0113ks atvaira ilgsto\u0161u spiedienu no lieliem ienaidnieka sp\u0113kiem, kas m\u0113r\u0101mi t\u016bksto\u0161os un neatlaid\u012bgi cen\u0161as iefiltr\u0113ties dz\u012bvojamos rajonos un p\u0101rraut m\u016bsu apg\u0101des ce\u013cus. Tom\u0113r pils\u0113tas nav aplenktas vai blo\u0137\u0113tas, un m\u0113s dar\u0101m visu nepiecie\u0161amo, lai uztur\u0113tu lo\u0123istiku,&#8221; pav\u0113st\u012bja Ukrainas Bru\u0146oto sp\u0113ku virspav\u0113lnieks.<\/p>\n<p>&#8220;Turpin\u0101s sare\u017e\u0123\u012bta oper\u0101cija, lai izn\u012bcin\u0101tu un padz\u012btu ienaidnieku no Pokrovskas. Galvenais slogs gulstas uz Ukrainas Bru\u0146oto sp\u0113ku vien\u012bb\u0101m, jo \u012bpa\u0161i uz bezpilota lidapar\u0101tu operatoriem un uzbrukuma vien\u012bb\u0101m. T\u0101pat p\u0113c mana nor\u0101d\u012bjuma pils\u0113t\u0101 darbojas apvienot\u0101s \u012apa\u0161o oper\u0101ciju sp\u0113ku, Ukrainas Armijas ties\u012bbaizsardz\u012bbas dienesta, Ukrainas Dro\u0161\u012bbas dienesta un citu Ukrainas aizsardz\u012bbas sp\u0113ku sast\u0101vda\u013cu, tostarp Aizsardz\u012bbas ministrijas Galven\u0101 izl\u016bko\u0161anas p\u0101rvaldes grupas,&#8221; atkl\u0101ja Sirskis.<\/p>\n<p>Sirskis uzsv\u0113ra, ka pa\u0161reiz\u0113jos smagajos apst\u0101k\u013cos iz\u0161\u0137iro\u0161a noz\u012bme ir efekt\u012bvai koordin\u0101cijai starp vien\u012bb\u0101m un labi sinhroniz\u0113tai uzdevumu izpildei.<\/p>\n<p>&#8220;Aglomer\u0101cijas aizsardz\u012bba tiks pastiprin\u0101ta ar papildu vien\u012bb\u0101m, iero\u010diem un apr\u012bkojumu, tostarp bezpilota lidapar\u0101tu sist\u0113m\u0101m,&#8221; vi\u0146\u0161 piebilda.<\/p>\n<p>KONTEKSTS:<\/p>\n<p>Nepamatotais un neizprovoc\u0113tais Krievijas pla\u0161a m\u0113roga iebrukums Ukrain\u0101 s\u0101k\u0101s<a data-id=\"445043\" data-type=\"article\" href=\"https:\/\/www.lsm.lv\/raksts\/zinas\/arzemes\/putina-rezims-sacis-masivu-uzbrukumu-ukrainai.a445043\/\" class=\"lsm-link\" rel=\"nofollow noopener\" target=\"_blank\">\u00a02022. gada 24. febru\u0101r\u012b<\/a>. Krem\u013ca propaganda sol\u012bja ie\u0146emt Kijivu tr\u012bs dien\u0101s, ta\u010du ukrai\u0146u sp\u0113c\u012bg\u0101 pretest\u012bba ne\u013c\u0101va Kremlim realiz\u0113t savus pl\u0101nus.<\/p>\n<p>P\u0113c neveiksm\u0113m Kremlis izveda armiju no Kijivas apgabala, bet turpin\u0101ja ofens\u012bvu citos re\u0123ionos. 2022. gada ruden\u012b ukrai\u0146u armijai izdev\u0101s atbr\u012bvot\u00a0<a data-id=\"477237\" data-type=\"article\" href=\"https:\/\/www.lsm.lv\/raksts\/zinas\/arzemes\/sala-zeme-harkivas-atbrivosana--ltv-zinu-dienesta-filma-par-krievijas-kara-plosito-ukrainu.a477237\/\" class=\"lsm-link\" rel=\"nofollow noopener\" target=\"_blank\">Harkivas apgabalu<\/a>\u00a0un da\u013cu<a data-id=\"482245\" data-type=\"article\" href=\"https:\/\/www.lsm.lv\/raksts\/zinas\/arzemes\/zelenskis-mes-esam-atguvusi-hersonu.a482245\/\" class=\"lsm-link\" rel=\"nofollow noopener\" target=\"_blank\">\u00a0Hersonas apgabala<\/a>, vairojot cer\u012bbas uz iesp\u0113ju sakaut pretinieku.<\/p>\n<p>Ta\u010du 2023. gada vasar\u0101 s\u0101ktais Ukrainas pretuzbrukums nebija tik veiksm\u012bgs, ko Ukrainas armija skaidro gan ar nepietiekamu iero\u010du nodro\u0161in\u0101jumu no Rietumu sabiedrotajiem, gan ar Krievijas armijas izveidoto pamat\u012bgo aizsardz\u012bbas l\u012bniju un pla\u0161ajiem m\u012bnu laukiem.<\/p>\n<p>2024. gada august\u0101 Ukraina veica<a data-id=\"564270\" data-type=\"article\" href=\"https:\/\/www.lsm.lv\/article-preview\/zinas\/arzemes\/07.08.2024-ukraina-un-krievija-uzsakusi-cinas-kurskas-apgabala.a564270\/\" class=\"lsm-link\" rel=\"nofollow noopener\" target=\"_blank\">\u00a0iebrukumu<\/a>\u00a0Kurskas apgabal\u0101 Krievij\u0101. T\u0101 ir pirm\u0101 reize kop\u0161 Otr\u0101 pasaules kara, kad Krievijas teritorijas da\u013cu ilgsto\u0161i ie\u0146\u0113mis \u0101rvalstu karasp\u0113ks.<\/p>\n<p>Kop\u0161 2024. gada rudens Krievija karadarb\u012bb\u0101 pret Ukrainu iesaist\u012bjusi ar\u012b lielu<a data-id=\"573077\" data-type=\"article\" href=\"https:\/\/www.lsm.lv\/raksts\/zinas\/arzemes\/18.10.2024-izluki-ziemelkoreja-grib-nosutit-12-000-karaviru-uz-karu-ukraina-dalu-jau-apmaca-krievija.a573077\/?utm_source=lsm&amp;utm_medium=article-body&amp;utm_campaign=admin\" class=\"lsm-link\" rel=\"nofollow noopener\" target=\"_blank\">\u00a0Zieme\u013ckorejas karav\u012bru<\/a>\u00a0skaitu. 2025. gada vasar\u0101 Zelenskis<a data-id=\"609234\" data-type=\"article\" href=\"https:\/\/www.lsm.lv\/article-preview\/zinas\/arzemes\/05.08.2025-zelenskis-ukrainas-austrumos-krievijas-armija-karo-algotni-no-kinas-un-pakistanas.a609234\/\" class=\"lsm-link\" rel=\"nofollow noopener\" target=\"_blank\">\u00a0pav\u0113st\u012bja<\/a>, ka Ukrainas austrumos Krievijas armij\u0101 karo ar\u012b algot\u0146i no \u0136\u012bnas un Pakist\u0101nas.<\/p>\n<p>Lai ar\u012b l\u012bdz ar ASV prezidenta Donalda Trampa st\u0101\u0161anos amat\u0101 starp Balto namu, Kremli un Kijivu vair\u0101kk\u0101rt notiku\u0161as sarunas par pamieru Ukrain\u0101, l\u012bdz \u0161im t\u0101s rezult\u0101tus nav devu\u0161as.<\/p>\n<p>                    Valodas k\u013c\u016bda rakst\u0101?<\/p>\n<p class=\"d-none d-md-block\">Iez\u012bm\u0113jiet tekstu un spiediet Ctrl+Enter, lai nos\u016bt\u012btu labojamo teksta fragmentu redaktoram! Par faktu k\u013c\u016bd\u0101m l\u016bdzam zi\u0146ot e-past\u0101 <a href=\"https:\/\/www.lsm.lv\/cdn-cgi\/l\/email-protection\" class=\"__cf_email__\" data-cfemail=\"8dffe8e9ece6eee4e7eccde1fee0a3e1fb\" rel=\"nofollow noopener\" target=\"_blank\">[email\u00a0protected]<\/a>.<\/p>\n<p class=\"d-md-none\">Iez\u012bm\u0113jiet tekstu un spiediet uz Zi\u0146ot par k\u013c\u016bdu pogas, lai nos\u016bt\u012btu labojamo teksta fragmentu redaktoram!<\/p>\n<p>\n                    Zi\u0146ot par k\u013c\u016bdu\n                <\/p>\n","protected":false},"excerpt":{"rendered":"Ukrainas Bru\u0146oto sp\u0113ku virspav\u0113lnieks Oleksandrs Sirskis sestdien uzsv\u0113ris, ka krievi nav aplenku\u0161i vai noblo\u0137\u0113ju\u0161i Pokrovsku un Mirnohradu. Sirskis&hellip;\n","protected":false},"author":2,"featured_media":37190,"comment_status":"","ping_status":"","sticky":false,"template":"","format":"standard","meta":{"footnotes":""},"categories":[14],"tags":[23,57,28,29,32,33,22,30,31,35,39,38,36,37,34,40,20,26,27,24,25,54,55,56,21,58],"class_list":{"0":"post-37189","1":"post","2":"type-post","3":"status-publish","4":"format-standard","5":"has-post-thumbnail","7":"category-zinas-no-arvalstim","8":"tag-aktualitates","9":"tag-arvalstim","10":"tag-breaking-news","11":"tag-breakingnews","12":"tag-featured-news","13":"tag-featurednews","14":"tag-headlines","15":"tag-latest-news","16":"tag-latestnews","17":"tag-latvia","18":"tag-latvian","19":"tag-latviesu","20":"tag-latviesu-valoda","21":"tag-latviesuvaloda","22":"tag-latvija","23":"tag-lv","24":"tag-news","25":"tag-popularakas-zinas","26":"tag-popularakaszinas","27":"tag-top-stories","28":"tag-topstories","29":"tag-world","30":"tag-world-news","31":"tag-worldnews","32":"tag-zinas","33":"tag-zinas-no-arvalstim"},"share_on_mastodon":{"url":"https:\/\/pubeurope.com\/@lv\/115475683953944463","error":""},"_links":{"self":[{"href":"https:\/\/www.europesays.com\/lv\/wp-json\/wp\/v2\/posts\/37189","targetHints":{"allow":["GET"]}}],"collection":[{"href":"https:\/\/www.europesays.com\/lv\/wp-json\/wp\/v2\/posts"}],"about":[{"href":"https:\/\/www.europesays.com\/lv\/wp-json\/wp\/v2\/types\/post"}],"author":[{"embeddable":true,"href":"https:\/\/www.europesays.com\/lv\/wp-json\/wp\/v2\/users\/2"}],"replies":[{"embeddable":true,"href":"https:\/\/www.europesays.com\/lv\/wp-json\/wp\/v2\/comments?post=37189"}],"version-history":[{"count":0,"href":"https:\/\/www.europesays.com\/lv\/wp-json\/wp\/v2\/posts\/37189\/revisions"}],"wp:featuredmedia":[{"embeddable":true,"href":"https:\/\/www.europesays.com\/lv\/wp-json\/wp\/v2\/media\/37190"}],"wp:attachment":[{"href":"https:\/\/www.europesays.com\/lv\/wp-json\/wp\/v2\/media?parent=37189"}],"wp:term":[{"taxonomy":"category","embeddable":true,"href":"https:\/\/www.europesays.com\/lv\/wp-json\/wp\/v2\/categories?post=37189"},{"taxonomy":"post_tag","embeddable":true,"href":"https:\/\/www.europesays.com\/lv\/wp-json\/wp\/v2\/tags?post=37189"}],"curies":[{"name":"wp","href":"https:\/\/api.w.org\/{rel}","templated":true}]}}