{"id":37193,"date":"2025-11-01T17:47:09","date_gmt":"2025-11-01T17:47:09","guid":{"rendered":"https:\/\/www.europesays.com\/lv\/37193\/"},"modified":"2025-11-01T17:47:09","modified_gmt":"2025-11-01T17:47:09","slug":"latvijas-tenisiste-zeltina-izcina-pirmo-dubultspelu-titulu-itf-turnira-zviedrija","status":"publish","type":"post","link":"https:\/\/www.europesays.com\/lv\/37193\/","title":{"rendered":"Latvijas tenisiste Zelti\u0146a izc\u012bna pirmo dubultsp\u0113\u013cu titulu ITF turn\u012br\u0101 Zviedrij\u0101"},"content":{"rendered":"<p>Zelti\u0146a p\u0101r\u012b ar ukrainieti Kater\u012bnu Lazarenko pirmaj\u0101 k\u0101rt\u0101 ar 6-2, 6-4 apsp\u0113l\u0113ja ar ceturto numuru izs\u0113to m\u0101jinie\u010du duetu Fanni Norina\/\u017dakl\u012bna N\u012blandere Alteliusa, ceturtda\u013cfin\u0101l\u0101 ar 6-3, 6-4 &#8211; internacion\u0101lo duetu, kur\u0101 sp\u0113l\u0113 baltkrieviete Zlata Saurasava un poliete Maja \u0160veika, pusfin\u0101l\u0101 ar 6-4, 6-3 &#8211; lietuvieti Andri Luko\u0161\u016bti un jap\u0101nieti Mi\u010diku Ozeki, kuras turn\u012br\u0101 bija izs\u0113tas ar pirmo numuru, bet fin\u0101l\u0101 sestdien ar 6-2, 6-2 &#8211; v\u0113l vienu m\u0101jinie\u010du p\u0101ri Linea Bajraliu\/Nelie Taraba Valberja.<\/p>\n","protected":false},"excerpt":{"rendered":"Zelti\u0146a p\u0101r\u012b ar ukrainieti Kater\u012bnu Lazarenko pirmaj\u0101 k\u0101rt\u0101 ar 6-2, 6-4 apsp\u0113l\u0113ja ar ceturto numuru izs\u0113to m\u0101jinie\u010du duetu&hellip;\n","protected":false},"author":2,"featured_media":37194,"comment_status":"","ping_status":"","sticky":false,"template":"","format":"standard","meta":{"footnotes":""},"categories":[17],"tags":[35,39,38,36,37,34,40,67],"class_list":{"0":"post-37193","1":"post","2":"type-post","3":"status-publish","4":"format-standard","5":"has-post-thumbnail","7":"category-sports","8":"tag-latvia","9":"tag-latvian","10":"tag-latviesu","11":"tag-latviesu-valoda","12":"tag-latviesuvaloda","13":"tag-latvija","14":"tag-lv","15":"tag-sports"},"share_on_mastodon":{"url":"https:\/\/pubeurope.com\/@lv\/115475699682325053","error":""},"_links":{"self":[{"href":"https:\/\/www.europesays.com\/lv\/wp-json\/wp\/v2\/posts\/37193","targetHints":{"allow":["GET"]}}],"collection":[{"href":"https:\/\/www.europesays.com\/lv\/wp-json\/wp\/v2\/posts"}],"about":[{"href":"https:\/\/www.europesays.com\/lv\/wp-json\/wp\/v2\/types\/post"}],"author":[{"embeddable":true,"href":"https:\/\/www.europesays.com\/lv\/wp-json\/wp\/v2\/users\/2"}],"replies":[{"embeddable":true,"href":"https:\/\/www.europesays.com\/lv\/wp-json\/wp\/v2\/comments?post=37193"}],"version-history":[{"count":0,"href":"https:\/\/www.europesays.com\/lv\/wp-json\/wp\/v2\/posts\/37193\/revisions"}],"wp:featuredmedia":[{"embeddable":true,"href":"https:\/\/www.europesays.com\/lv\/wp-json\/wp\/v2\/media\/37194"}],"wp:attachment":[{"href":"https:\/\/www.europesays.com\/lv\/wp-json\/wp\/v2\/media?parent=37193"}],"wp:term":[{"taxonomy":"category","embeddable":true,"href":"https:\/\/www.europesays.com\/lv\/wp-json\/wp\/v2\/categories?post=37193"},{"taxonomy":"post_tag","embeddable":true,"href":"https:\/\/www.europesays.com\/lv\/wp-json\/wp\/v2\/tags?post=37193"}],"curies":[{"name":"wp","href":"https:\/\/api.w.org\/{rel}","templated":true}]}}