{"id":37215,"date":"2025-11-01T18:13:10","date_gmt":"2025-11-01T18:13:10","guid":{"rendered":"https:\/\/www.europesays.com\/lv\/37215\/"},"modified":"2025-11-01T18:13:10","modified_gmt":"2025-11-01T18:13:10","slug":"apsudzeti-vel-divi-cilveki-par-luvras-darglietu-zadzibu","status":"publish","type":"post","link":"https:\/\/www.europesays.com\/lv\/37215\/","title":{"rendered":"Aps\u016bdz\u0113ti v\u0113l divi cilv\u0113ki par Luvras d\u0101rglietu z\u0101dz\u012bbu"},"content":{"rendered":"<p>38 gadus veca sieviete, kuras v\u0101rds netiek atkl\u0101ts, tiek aps\u016bdz\u0113ta par l\u012bdzdal\u012bbu organiz\u0113t\u0101 z\u0101dz\u012bb\u0101 un noziedz\u012bg\u0101 sazv\u0113rest\u012bb\u0101 ar m\u0113r\u0137i izdar\u012bt noziegumu.<\/p>\n<p>Sestdien aps\u016bdz\u012bbas tika izvirz\u012btas ar\u012b v\u0113l vienai personai.<\/p>\n<p>S\u012bk\u0101ka inform\u0101cija pagaid\u0101m netiek publiskota.<\/p>\n<p>Abi tika aiztur\u0113ti \u0161\u012bs ned\u0113\u013cas s\u0101kum\u0101 kop\u0101 ar v\u0113l trim citiem. Diviem v\u012brie\u0161iem, kas iepriek\u0161 bija arest\u0113ti, jau tika izvirz\u012btas aps\u016bdz\u012bbas z\u0101dz\u012bb\u0101 un noziedz\u012bg\u0101 sazv\u0113rest\u012bb\u0101 p\u0113c tam, kad amatpersonas pazi\u0146oja, ka vi\u0146i ir &#8220;da\u013c\u0113ji atzinu\u0161i&#8221; savu iesaisti laup\u012b\u0161an\u0101.<\/p>\n<p>19. oktobr\u012b no pasaul\u0113 visapmekl\u0113t\u0101k\u0101 muzeja tika iznestas d\u0101rglietas 88 miljonu eiro v\u0113rt\u012bb\u0101.<\/p>\n<p>Dienasgaism\u0101 z\u0101dz\u012bbu veica \u010detri v\u012brie\u0161i.<\/p>\n<p>Divi no iesp\u0113jamiem zag\u013ciem, kuri tika arest\u0113ti iepriek\u0161, v\u0113l\u0101k atzina savu l\u012bdzdal\u012bbu. Tiek uzskat\u012bts, ka v\u0113l viena \u0161oned\u0113\u013c arest\u0113ta persona ir piedal\u012bjusies laup\u012b\u0161an\u0101, savuk\u0101rt ceturt\u0101 persona v\u0113l nav notverta.<\/p>\n<p>Sestdien aps\u016bdz\u0113t\u0101 sieviete raud\u0101ja, st\u0101joties miertiesne\u0161a priek\u0161\u0101 un apstiprin\u0101jot, ka dz\u012bvo Par\u012bzes zieme\u013cu priek\u0161pils\u0113t\u0101 Lakurnej\u0113v\u0101, zi\u0146oja zi\u0146u a\u0123ent\u016bras AFP \u017eurn\u0101lists.<\/p>\n<p>V\u0113l\u0101k miertiesnesis l\u0113ma, ka vi\u0146ai j\u0101paliek apcietin\u0101jum\u0101.<\/p>\n<p>Aps\u016bdz\u012bbas tika izvirz\u012btas ar\u012b v\u0113l vienai personai \u2014 uzreiz nebija zin\u0101ms, k\u0101das ir aps\u016bdz\u012bbas.<\/p>\n<p>Abi bija starp pieciem cilv\u0113kiem, kas \u0161oned\u0113\u013c tika arest\u0113ti Francijas galvaspils\u0113t\u0101 un t\u0101s apk\u0101rtn\u0113. Tr\u012bs no aiztur\u0113tajiem ir atbr\u012bvoti bez aps\u016bdz\u012bbu izvirz\u012b\u0161anas.<\/p>\n<p>Laup\u012b\u0161anas dien\u0101 laup\u012bt\u0101ji ierad\u0101s plkst. 9:30, t\u016bl\u012bt p\u0113c muzeja atv\u0113r\u0161anas apmekl\u0113t\u0101jiem, pag\u0101ju\u0161aj\u0101 ned\u0113\u013c\u0101 pazi\u0146oja Par\u012bzes prokurore Laura Beko.<\/p>\n<p>Prokurori pazi\u0146oja, ka zag\u013ci iek\u0161telp\u0101s atrad\u0101s \u010detras min\u016btes un plkst. 9:38 aizb\u0113ga ar diviem motorolleriem, kas gaid\u012bja \u0101rpus\u0113, pirms p\u0101rs\u0113d\u0101s uz automa\u0161\u012bn\u0101m.<\/p>\n<p>Viens no nozagtajiem priek\u0161metiem \u2014 kronis \u2014 tika nomests b\u0113g\u0161anas laik\u0101. P\u0101r\u0113jie septi\u0146i d\u0101rgakme\u0146i nav atrasti.<\/p>\n<p>Kop\u0161 incidenta Francijas kult\u016bras iest\u0101\u017eu tuvum\u0101 ir pastiprin\u0101ti dro\u0161\u012bbas pas\u0101kumi.<\/p>\n<p>P\u0113c laup\u012b\u0161anas Luvras muzejs da\u017eus no saviem v\u0113rt\u012bg\u0101kajiem d\u0101rgakme\u0146iem ir nodevis Francijas Bankai.<\/p>\n","protected":false},"excerpt":{"rendered":"38 gadus veca sieviete, kuras v\u0101rds netiek atkl\u0101ts, tiek aps\u016bdz\u0113ta par l\u012bdzdal\u012bbu organiz\u0113t\u0101 z\u0101dz\u012bb\u0101 un noziedz\u012bg\u0101 sazv\u0113rest\u012bb\u0101 ar&hellip;\n","protected":false},"author":2,"featured_media":37216,"comment_status":"","ping_status":"","sticky":false,"template":"","format":"standard","meta":{"footnotes":""},"categories":[14],"tags":[23,57,28,29,32,33,1309,22,30,31,35,39,38,36,37,34,7894,40,20,26,27,24,25,54,55,56,7895,21,58],"class_list":{"0":"post-37215","1":"post","2":"type-post","3":"status-publish","4":"format-standard","5":"has-post-thumbnail","7":"category-zinas-no-arvalstim","8":"tag-aktualitates","9":"tag-arvalstim","10":"tag-breaking-news","11":"tag-breakingnews","12":"tag-featured-news","13":"tag-featurednews","14":"tag-francija","15":"tag-headlines","16":"tag-latest-news","17":"tag-latestnews","18":"tag-latvia","19":"tag-latvian","20":"tag-latviesu","21":"tag-latviesu-valoda","22":"tag-latviesuvaloda","23":"tag-latvija","24":"tag-luvra","25":"tag-lv","26":"tag-news","27":"tag-popularakas-zinas","28":"tag-popularakaszinas","29":"tag-top-stories","30":"tag-topstories","31":"tag-world","32":"tag-world-news","33":"tag-worldnews","34":"tag-zadzibas-un-laupisanas","35":"tag-zinas","36":"tag-zinas-no-arvalstim"},"share_on_mastodon":{"url":"https:\/\/pubeurope.com\/@lv\/115475802013442203","error":""},"_links":{"self":[{"href":"https:\/\/www.europesays.com\/lv\/wp-json\/wp\/v2\/posts\/37215","targetHints":{"allow":["GET"]}}],"collection":[{"href":"https:\/\/www.europesays.com\/lv\/wp-json\/wp\/v2\/posts"}],"about":[{"href":"https:\/\/www.europesays.com\/lv\/wp-json\/wp\/v2\/types\/post"}],"author":[{"embeddable":true,"href":"https:\/\/www.europesays.com\/lv\/wp-json\/wp\/v2\/users\/2"}],"replies":[{"embeddable":true,"href":"https:\/\/www.europesays.com\/lv\/wp-json\/wp\/v2\/comments?post=37215"}],"version-history":[{"count":0,"href":"https:\/\/www.europesays.com\/lv\/wp-json\/wp\/v2\/posts\/37215\/revisions"}],"wp:featuredmedia":[{"embeddable":true,"href":"https:\/\/www.europesays.com\/lv\/wp-json\/wp\/v2\/media\/37216"}],"wp:attachment":[{"href":"https:\/\/www.europesays.com\/lv\/wp-json\/wp\/v2\/media?parent=37215"}],"wp:term":[{"taxonomy":"category","embeddable":true,"href":"https:\/\/www.europesays.com\/lv\/wp-json\/wp\/v2\/categories?post=37215"},{"taxonomy":"post_tag","embeddable":true,"href":"https:\/\/www.europesays.com\/lv\/wp-json\/wp\/v2\/tags?post=37215"}],"curies":[{"name":"wp","href":"https:\/\/api.w.org\/{rel}","templated":true}]}}