{"id":37228,"date":"2025-11-01T18:49:07","date_gmt":"2025-11-01T18:49:07","guid":{"rendered":"https:\/\/www.europesays.com\/lv\/37228\/"},"modified":"2025-11-01T18:49:07","modified_gmt":"2025-11-01T18:49:07","slug":"no-jurisprudences-studijam-uz-kaujaslauku-ukrainas-dronu-pilote-lana-sagustijusi-ari-krievijas-karaviru-raksts","status":"publish","type":"post","link":"https:\/\/www.europesays.com\/lv\/37228\/","title":{"rendered":"No jurisprudences studij\u0101m uz kaujaslauku. Ukrainas dronu pilote Lana sag\u016bst\u012bjusi ar\u012b Krievijas karav\u012bru \/ Raksts"},"content":{"rendered":"<p>Ukrainai aizst\u0101voties pret Krievijas pilna m\u0113roga uzbrukumu, visai pasaulei k\u013cuva skaidrs \u2013 droni kaujaslauk\u0101 ien\u0101k uz palik\u0161anu un maina milit\u0101r\u0101s oper\u0101cijas. Tie maina ar\u012b karav\u012bru darbu. T\u0101 Ukrainas armijas dronu pilote ar iesauku Lana, karam s\u0101koties, stud\u0113ja jurisprudenci, bet nol\u0113ma doties kar\u0101. Un,\u00a0k\u0101 izr\u0101d\u012bjies, sav\u0101 milit\u0101raj\u0101 profesij\u0101 darbojas tik veiksm\u012bgi, ka nesen vi\u0146ai izdevies ar dronu sa\u0146emt g\u016bst\u0101 Krievijas karav\u012bru.<\/p>\n<p>Tikko pabeigu\u0161i savu 10 dienu mai\u0146u kara lauk\u0101, atpaka\u013c b\u0101z\u0113 ierodas k\u0101rt\u0113j\u0101 dronu operatoru komanda.<\/p>\n<p>Lanai karalauk\u0101 ir milz\u012bga atbild\u012bba \u2013 izl\u016bkot pretinieka poz\u012bcijas, lai p\u0113c tam uz vi\u0146as sav\u0101ktajiem datiem var\u0113tu balst\u012bties kaujas oper\u0101cijas.<\/p>\n<p>&#8220;M\u016bsu galvenais m\u0113r\u0137is ir p\u0113c iesp\u0113jas vair\u0101k gl\u0101bt m\u016bsu k\u0101jnieku dz\u012bv\u012bbas. Un, lai to sasniegtu, mums ir j\u0101izn\u012bcina p\u0113c iesp\u0113jas vair\u0101k ienaidnieku. God\u012bgi sakot, es pat nesaskait\u012b\u0161u, cik daudz jau to ir bijis. Esmu pazaud\u0113jusi skaitu&#8230;&#8221; atkl\u0101ja dronu operatore Lana.<\/p>\n<p>Vien\u012bbas komandieris ar iesauku Morja\u010doks nor\u0101d\u012bja \u2013 Lana ir vi\u0146u acis:<\/p>\n<p>&#8220;T\u0101s ir, ja t\u0101 var teikt, m\u016bsu acis, visas k\u0101jnieku brig\u0101des acis, jo \u0161obr\u012bd izl\u016bkdrons izdara \u013coti lielu darbu.<\/p>\n<blockquote>\n<p>Ja pamana no gaisa ienaidnieka kust\u012bbu, tad zi\u0146o k\u0101jniekiem, lai tie uzreiz s\u0101k r\u012bkoties \u2013 iesaist\u0101s m\u016bsu bezpilota lidapar\u0101ti, artil\u0113rija un cita tehnika, lai izn\u012bcin\u0101tu ienaidnieku.&#8221;<\/p>\n<\/blockquote>\n<p>Sag\u016bst\u012bjusi okupantu karav\u012bru<\/p>\n<p>Tagad Lanu slav\u0113 ar\u012b par to, ka vi\u0146a sag\u016bst\u012bjusi okupantu karav\u012bru. S\u0101kum\u0101 tika paman\u012bti divi no vi\u0146iem.<\/p>\n<p>&#8220;To atkl\u0101ja m\u016bsu otra izl\u016bku komanda,&#8221; st\u0101st\u012bja Lana.\u00a0&#8220;T\u0101tad tie\u0161i vi\u0146\u0161 bija pirmais, kur\u0161 n\u0101ca klaj\u0101 ar ideju par g\u016bstek\u0146u sag\u016bst\u012b\u0161anu. Un san\u0101ca t\u0101, ka vienlaic\u012bgi ar\u012b es sa\u0146\u0113mu priek\u0161niec\u012bbas pav\u0113li, lai m\u0113\u0123inu sa\u0146emt vi\u0146us g\u016bst\u0101. Vi\u0146i bija divi. Viens no vi\u0146iem salika roci\u0146as, r\u0101d\u012bja z\u012bmi, lai nenogalin\u0101m. Tobr\u012bd m\u0113s jau lidoj\u0101m ar piel\u0101d\u0113tu izn\u012bcin\u0101t\u0101jdronu, jo savu darbu labi zin\u0101m. M\u0113s saskat\u012bj\u0101mies \u2013 ah\u0101, redz, kur m\u016bsu &#8220;klients&#8221;!&#8221;<\/p>\n<p>Okupants l\u016bdzies, lai vi\u0146am iedod \u016bdeni, ko padzerties, un p\u0113c sarakst\u012b\u0161an\u0101s ar z\u012bm\u012bt\u0113m, pie\u0146emts l\u0113mums ienaidnieku neizn\u012bcin\u0101t.<\/p>\n<p>&#8220;T\u0101 viet\u0101, lai nomestu spridzekli, m\u0113s vi\u0146am iedev\u0101m pudel\u012bti ar \u016bdeni, jo vi\u0146\u0161 bija izsl\u0101pis, un\u00a0spridzekli nenomet\u0101m.<\/p>\n<blockquote>\n<p>Uzrakst\u012bj\u0101m: &#8220;Padodies, seko dronam, varb\u016bt, ka tev pal\u012bdz\u0113s.&#8221;\u00a0Un vienu izdev\u0101s izvest. Bet otrs s\u0101ka \u0161aut pa dronu.\u00a0Pie tam ar\u012b tr\u0101p\u012bja tam,&#8221; atmin\u0113j\u0101s dronu operatore.<\/p>\n<\/blockquote>\n<p>&#8220;Te bez variantiem \u2013 vai nu padodieties, vai&#8230; Pirmajam uzreiz piel\u0113ca, ka laikam j\u0101ce\u013cas k\u0101j\u0101s, un vi\u0146\u0161 s\u0101ka jau kust\u0113ties. Bet otrs pa\u0146\u0113ma autom\u0101tu. Tad m\u0113s apvainoj\u0101mies. Un tagad, nu, vi\u0146\u0161 gu\u013c tur uz lauka. Un viss,&#8221; dal\u012bj\u0101s Morja\u010doks.<\/p>\n<p>&#8220;M\u0113s atlidin\u0101j\u0101m atpaka\u013c savu &#8220;putni\u0146u&#8221;, un mums n\u0101c\u0101s vi\u0146u likvid\u0113t,&#8221; piebilda Lana.<\/p>\n<p>Ar\u012b ienaidnieks komandu v\u0113ro<\/p>\n<p>Mai\u0146a \u0161ovakar nodota. Vi\u0146u viet\u0101 uz fronti jau izbraukusi n\u0101kam\u0101 komanda. Tikm\u0113r tepat b\u0101z\u0113 turpin\u0101s tehnikas uzlabo\u0161anas darbi.<\/p>\n<p>\u0160aj\u0101 vien\u012bb\u0101 diennakts re\u017e\u012bm\u0101\u00a0kontakt\u0101 str\u0101d\u0101 gan in\u017eenieri, gan dronu piloti kaujas lauk\u0101. Un to var redz\u0113t pat tie\u0161raid\u0113, kad izl\u016bkdrons lido uz ienaidnieka poz\u012bcij\u0101m. Tikl\u012bdz notiek k\u0101da tehniska k\u013c\u016bme, drons uzreiz non\u0101k \u0161aj\u0101 vien\u012bb\u0101 un t\u0101 tiek nov\u0113rsta.<\/p>\n<p>&#8220;Ienaidnieks ar\u012b m\u016bs v\u0113ro\u00a0un dara to pa\u0161u, un g\u016bst no t\u0101 idejas. T\u0101p\u0113c es jums telev\u012bzijas kamer\u0101 daudz ko neatkl\u0101\u0161u. Bet ir daudz ideju, daudz izstr\u0101d\u0146u. Un daudzas no t\u0101m ir jau gais\u0101 un jau darbojas,&#8221; nesl\u0113pa Morja\u010doks.<\/p>\n<p>                    Valodas k\u013c\u016bda rakst\u0101?<\/p>\n<p class=\"d-none d-md-block\">Iez\u012bm\u0113jiet tekstu un spiediet Ctrl+Enter, lai nos\u016bt\u012btu labojamo teksta fragmentu redaktoram! Par faktu k\u013c\u016bd\u0101m l\u016bdzam zi\u0146ot e-past\u0101 <a href=\"https:\/\/www.lsm.lv\/cdn-cgi\/l\/email-protection\" class=\"__cf_email__\" data-cfemail=\"67150203060c040e0d06270b140a490b11\" rel=\"nofollow noopener\" target=\"_blank\">[email\u00a0protected]<\/a>.<\/p>\n<p class=\"d-md-none\">Iez\u012bm\u0113jiet tekstu un spiediet uz Zi\u0146ot par k\u013c\u016bdu pogas, lai nos\u016bt\u012btu labojamo teksta fragmentu redaktoram!<\/p>\n<p>\n                    Zi\u0146ot par k\u013c\u016bdu\n                <\/p>\n","protected":false},"excerpt":{"rendered":"Ukrainai aizst\u0101voties pret Krievijas pilna m\u0113roga uzbrukumu, visai pasaulei k\u013cuva skaidrs \u2013 droni kaujaslauk\u0101 ien\u0101k uz palik\u0161anu un&hellip;\n","protected":false},"author":2,"featured_media":37229,"comment_status":"","ping_status":"","sticky":false,"template":"","format":"standard","meta":{"footnotes":""},"categories":[14],"tags":[23,57,28,29,32,33,22,30,31,35,39,38,36,37,34,40,20,26,27,24,25,54,55,56,21,58],"class_list":{"0":"post-37228","1":"post","2":"type-post","3":"status-publish","4":"format-standard","5":"has-post-thumbnail","7":"category-zinas-no-arvalstim","8":"tag-aktualitates","9":"tag-arvalstim","10":"tag-breaking-news","11":"tag-breakingnews","12":"tag-featured-news","13":"tag-featurednews","14":"tag-headlines","15":"tag-latest-news","16":"tag-latestnews","17":"tag-latvia","18":"tag-latvian","19":"tag-latviesu","20":"tag-latviesu-valoda","21":"tag-latviesuvaloda","22":"tag-latvija","23":"tag-lv","24":"tag-news","25":"tag-popularakas-zinas","26":"tag-popularakaszinas","27":"tag-top-stories","28":"tag-topstories","29":"tag-world","30":"tag-world-news","31":"tag-worldnews","32":"tag-zinas","33":"tag-zinas-no-arvalstim"},"share_on_mastodon":{"url":"https:\/\/pubeurope.com\/@lv\/115475943533418193","error":""},"_links":{"self":[{"href":"https:\/\/www.europesays.com\/lv\/wp-json\/wp\/v2\/posts\/37228","targetHints":{"allow":["GET"]}}],"collection":[{"href":"https:\/\/www.europesays.com\/lv\/wp-json\/wp\/v2\/posts"}],"about":[{"href":"https:\/\/www.europesays.com\/lv\/wp-json\/wp\/v2\/types\/post"}],"author":[{"embeddable":true,"href":"https:\/\/www.europesays.com\/lv\/wp-json\/wp\/v2\/users\/2"}],"replies":[{"embeddable":true,"href":"https:\/\/www.europesays.com\/lv\/wp-json\/wp\/v2\/comments?post=37228"}],"version-history":[{"count":0,"href":"https:\/\/www.europesays.com\/lv\/wp-json\/wp\/v2\/posts\/37228\/revisions"}],"wp:featuredmedia":[{"embeddable":true,"href":"https:\/\/www.europesays.com\/lv\/wp-json\/wp\/v2\/media\/37229"}],"wp:attachment":[{"href":"https:\/\/www.europesays.com\/lv\/wp-json\/wp\/v2\/media?parent=37228"}],"wp:term":[{"taxonomy":"category","embeddable":true,"href":"https:\/\/www.europesays.com\/lv\/wp-json\/wp\/v2\/categories?post=37228"},{"taxonomy":"post_tag","embeddable":true,"href":"https:\/\/www.europesays.com\/lv\/wp-json\/wp\/v2\/tags?post=37228"}],"curies":[{"name":"wp","href":"https:\/\/api.w.org\/{rel}","templated":true}]}}