{"id":37235,"date":"2025-11-01T19:03:19","date_gmt":"2025-11-01T19:03:19","guid":{"rendered":"https:\/\/www.europesays.com\/lv\/37235\/"},"modified":"2025-11-01T19:03:19","modified_gmt":"2025-11-01T19:03:19","slug":"aizdomas-par-divu-sieviesu-izvarosanas-meginajumu-aizturets-attela-redzamais-virietis","status":"publish","type":"post","link":"https:\/\/www.europesays.com\/lv\/37235\/","title":{"rendered":"Aizdom\u0101s par divu sievie\u0161u izvaro\u0161anas m\u0113\u0123in\u0101jumu aiztur\u0113ts att\u0113l\u0101 redzamais v\u012brietis"},"content":{"rendered":"<p>Saist\u012bb\u0101 ar notiku\u0161o uzs\u0101kti divi\u00a0 krimin\u0101lprocesi, kas kvalific\u0113ti p\u0113c Krimin\u0101llikuma 159. panta 1. da\u013cas, p\u0113c 15. panta 4. da\u013cas un p\u0113c 180. panta \u2013 par izvaro\u0161anas m\u0113\u0123in\u0101jumu un par z\u0101dz\u012bbu neliel\u0101 apm\u0113r\u0101. Par izvaro\u0161anu vai t\u0101s m\u0113\u0123in\u0101jumu likum\u0101 paredz\u0113ta\u00a0 br\u012bv\u012bbas at\u0146em\u0161ana uz laiku no \u010detriem l\u012bdz desmit gadiem un prob\u0101cijas uzraudz\u012bba uz laiku l\u012bdz pieciem gadiem. Savuk\u0101rt par z\u0101dz\u012bbu neliel\u0101 apm\u0113r\u0101 soda ar br\u012bv\u012bbas at\u0146em\u0161anu uz laiku l\u012bdz vienam gadam vai ar \u012bslaic\u012bgu br\u012bv\u012bbas at\u0146em\u0161anu, vai ar prob\u0101cijas uzraudz\u012bbu, vai ar sabiedrisko darbu, vai ar naudas sodu.<\/p>\n","protected":false},"excerpt":{"rendered":"Saist\u012bb\u0101 ar notiku\u0161o uzs\u0101kti divi\u00a0 krimin\u0101lprocesi, kas kvalific\u0113ti p\u0113c Krimin\u0101llikuma 159. panta 1. da\u013cas, p\u0113c 15. panta 4.&hellip;\n","protected":false},"author":2,"featured_media":37236,"comment_status":"","ping_status":"","sticky":false,"template":"","format":"standard","meta":{"footnotes":""},"categories":[5],"tags":[23,28,29,32,33,22,30,31,35,39,38,36,37,34,40,20,26,27,24,25,21],"class_list":{"0":"post-37235","1":"post","2":"type-post","3":"status-publish","4":"format-standard","5":"has-post-thumbnail","7":"category-aktualitates","8":"tag-aktualitates","9":"tag-breaking-news","10":"tag-breakingnews","11":"tag-featured-news","12":"tag-featurednews","13":"tag-headlines","14":"tag-latest-news","15":"tag-latestnews","16":"tag-latvia","17":"tag-latvian","18":"tag-latviesu","19":"tag-latviesu-valoda","20":"tag-latviesuvaloda","21":"tag-latvija","22":"tag-lv","23":"tag-news","24":"tag-popularakas-zinas","25":"tag-popularakaszinas","26":"tag-top-stories","27":"tag-topstories","28":"tag-zinas"},"share_on_mastodon":{"url":"https:\/\/pubeurope.com\/@lv\/115475998647154014","error":""},"_links":{"self":[{"href":"https:\/\/www.europesays.com\/lv\/wp-json\/wp\/v2\/posts\/37235","targetHints":{"allow":["GET"]}}],"collection":[{"href":"https:\/\/www.europesays.com\/lv\/wp-json\/wp\/v2\/posts"}],"about":[{"href":"https:\/\/www.europesays.com\/lv\/wp-json\/wp\/v2\/types\/post"}],"author":[{"embeddable":true,"href":"https:\/\/www.europesays.com\/lv\/wp-json\/wp\/v2\/users\/2"}],"replies":[{"embeddable":true,"href":"https:\/\/www.europesays.com\/lv\/wp-json\/wp\/v2\/comments?post=37235"}],"version-history":[{"count":0,"href":"https:\/\/www.europesays.com\/lv\/wp-json\/wp\/v2\/posts\/37235\/revisions"}],"wp:featuredmedia":[{"embeddable":true,"href":"https:\/\/www.europesays.com\/lv\/wp-json\/wp\/v2\/media\/37236"}],"wp:attachment":[{"href":"https:\/\/www.europesays.com\/lv\/wp-json\/wp\/v2\/media?parent=37235"}],"wp:term":[{"taxonomy":"category","embeddable":true,"href":"https:\/\/www.europesays.com\/lv\/wp-json\/wp\/v2\/categories?post=37235"},{"taxonomy":"post_tag","embeddable":true,"href":"https:\/\/www.europesays.com\/lv\/wp-json\/wp\/v2\/tags?post=37235"}],"curies":[{"name":"wp","href":"https:\/\/api.w.org\/{rel}","templated":true}]}}