{"id":37253,"date":"2025-11-01T19:17:09","date_gmt":"2025-11-01T19:17:09","guid":{"rendered":"https:\/\/www.europesays.com\/lv\/37253\/"},"modified":"2025-11-01T19:17:09","modified_gmt":"2025-11-01T19:17:09","slug":"rigas-zelli-libl-spele-parspej-vef-riga-tvnet-sports","status":"publish","type":"post","link":"https:\/\/www.europesays.com\/lv\/37253\/","title":{"rendered":"&quot;R\u012bgas ze\u013c\u013ci&quot; LIBL sp\u0113l\u0113 p\u0101rsp\u0113j &quot;VEF R\u012bga&quot; &#8211; TVNET Sports"},"content":{"rendered":"<ol>\n<li><a href=\"https:\/\/news.google.com\/rss\/articles\/CBMie0FVX3lxTE1sWHF0M2JfNk9nbExZdmlTVzlOWlE2b2ZPSjhmanNLLVlKVGZneVpFVmV4U3hBWEp6SDY3c0NGRmxsMzlDVkZQWVVLbHFQRWtzYWhoQ2hqaEgxWUNzUnp5LW1BYTVuc1FVazRhN2Y5WXQ2dDhNTHJMQVlrdw?oc=5\" target=\"_blank\" rel=\"nofollow noopener\">&#8220;R\u012bgas ze\u013c\u013ci&#8221; LIBL sp\u0113l\u0113 p\u0101rsp\u0113j &#8220;VEF R\u012bga&#8221;<\/a>&nbsp;&nbsp;TVNET Sports<\/li>\n<li><a href=\"https:\/\/news.google.com\/rss\/articles\/CBMilAFBVV95cUxOQmRUM2xETV9rQm5pRkJQRjU1d2pqdUZHTHZqbkc4ZlBJdE9BZkVHY09ZZkVXU1NiSDdIRmw5dGlBeERJMVZvREVUbUEyUXc4VmpIdXBiY3RhYjZyWGJUV3MydjFJRnZDQjBhbGsxaTB6b0xhMU14YlhjVjNtQVV2aE0tQVNweEY2VGJSNi1UNlFadWJX?oc=5\" target=\"_blank\" rel=\"nofollow noopener\">Vella kalpi liek dimd\u0113t R\u012bgas zvanu tor\u0146iem, sag\u0101d\u0101jot Vefi\u0146am kapitul\u0101ciju \u2013 Basketbols<\/a>&nbsp;&nbsp;Sportacentrs.com<\/li>\n<li><a href=\"https:\/\/news.google.com\/rss\/articles\/CBMirgFBVV95cUxQVVUtdFJ1TVBMUlBnWENaM1QxUk0yZXBGSnZIXzVqbDY4UjBLS01iRTNESTBjUjN5dUdXbHA0eklNdTUzVkhmbjBiOW9TRE1tLWZ0NktXeVUxa2JodGtIQmViQ0kwTHBfd1pzMEdLQ05naXVDRlRXR1paMzg0T21qVHkwWDlYaDhydW1HTldMdEdGT3BLd3JKV2NWZ3hVS3QyamVXVWgxa1lCZUswNWc?oc=5\" target=\"_blank\" rel=\"nofollow noopener\">&#8220;R\u012bgas ze\u013c\u013ci&#8221; galvaspils\u0113tas derbij\u0101 p\u0101rsp\u0113j &#8220;VEF R\u012bga&#8221;<\/a>&nbsp;&nbsp;Delfi<\/li>\n<li><a href=\"https:\/\/news.google.com\/rss\/articles\/CBMinAFBVV95cUxPQmVSUWRTRlEyMkxQR0laa2owTng0b0MwY05teTQ1WVFTTnY5NGpnU20zQUlkUHZpdWl0WWdxOFY1TFQ3cGlZOWxmU1FuUlJwZlVseDhCMVBreWFDUTdySFdHOGRvbFh6bUxoZlo4akVqcXZTT2xGcG9BM2dxNWFwZ0hnMS1STGZoZlFNUXM5bHVUbE96dXF3WDBHSGk?oc=5\" target=\"_blank\" rel=\"nofollow noopener\">Pirmais galvaspils\u0113tas derbijs \u0161osezon \u2013 \u201cVEF R\u012bga\u201d uz\u0146ems \u201cR\u012bgas Ze\u013c\u013cus\u201d<\/a>&nbsp;&nbsp;Sportazinas.com<\/li>\n<li><a href=\"https:\/\/news.google.com\/rss\/articles\/CBMilAFBVV95cUxOVnBKQW91dXB1NHkwYlVuSVUzUFU0RGp4ZTRGdjVuLW9rYlVuaWp4SGg2aGxHbTVsQmVlVHpSRFp5Y3VOWExENGFkanpJUTliV3pwUVZFeXpYQ3VQWkthb1JBRVEyUkI1aGhiX09zNGlwdEJYU3llX25jUHR3QV96Nkp1N05XblczM0lBWmU5Rm1TNE81?oc=5\" target=\"_blank\" rel=\"nofollow noopener\">Kl\u0101t sezonas pirm\u0101 kauja par R\u012bgas basketbola atsl\u0113g\u0101m \u2013 Basketbols<\/a>&nbsp;&nbsp;Sportacentrs.com<\/li>\n<\/ol>\n","protected":false},"excerpt":{"rendered":"&#8220;R\u012bgas ze\u013c\u013ci&#8221; LIBL sp\u0113l\u0113 p\u0101rsp\u0113j &#8220;VEF R\u012bga&#8221;&nbsp;&nbsp;TVNET Sports Vella kalpi liek dimd\u0113t R\u012bgas zvanu tor\u0146iem, sag\u0101d\u0101jot Vefi\u0146am kapitul\u0101ciju&hellip;\n","protected":false},"author":2,"featured_media":37202,"comment_status":"","ping_status":"","sticky":false,"template":"","format":"standard","meta":{"footnotes":""},"categories":[17],"tags":[145,35,39,38,36,37,34,40,146,67,1618],"class_list":{"0":"post-37253","1":"post","2":"type-post","3":"status-publish","4":"format-standard","5":"has-post-thumbnail","7":"category-sports","8":"tag-basketbols","9":"tag-latvia","10":"tag-latvian","11":"tag-latviesu","12":"tag-latviesu-valoda","13":"tag-latviesuvaloda","14":"tag-latvija","15":"tag-lv","16":"tag-rigas-zelli","17":"tag-sports","18":"tag-vef-riga"},"share_on_mastodon":{"url":"https:\/\/pubeurope.com\/@lv\/115476053530945347","error":""},"_links":{"self":[{"href":"https:\/\/www.europesays.com\/lv\/wp-json\/wp\/v2\/posts\/37253","targetHints":{"allow":["GET"]}}],"collection":[{"href":"https:\/\/www.europesays.com\/lv\/wp-json\/wp\/v2\/posts"}],"about":[{"href":"https:\/\/www.europesays.com\/lv\/wp-json\/wp\/v2\/types\/post"}],"author":[{"embeddable":true,"href":"https:\/\/www.europesays.com\/lv\/wp-json\/wp\/v2\/users\/2"}],"replies":[{"embeddable":true,"href":"https:\/\/www.europesays.com\/lv\/wp-json\/wp\/v2\/comments?post=37253"}],"version-history":[{"count":0,"href":"https:\/\/www.europesays.com\/lv\/wp-json\/wp\/v2\/posts\/37253\/revisions"}],"wp:featuredmedia":[{"embeddable":true,"href":"https:\/\/www.europesays.com\/lv\/wp-json\/wp\/v2\/media\/37202"}],"wp:attachment":[{"href":"https:\/\/www.europesays.com\/lv\/wp-json\/wp\/v2\/media?parent=37253"}],"wp:term":[{"taxonomy":"category","embeddable":true,"href":"https:\/\/www.europesays.com\/lv\/wp-json\/wp\/v2\/categories?post=37253"},{"taxonomy":"post_tag","embeddable":true,"href":"https:\/\/www.europesays.com\/lv\/wp-json\/wp\/v2\/tags?post=37253"}],"curies":[{"name":"wp","href":"https:\/\/api.w.org\/{rel}","templated":true}]}}