{"id":3726,"date":"2025-09-24T12:41:07","date_gmt":"2025-09-24T12:41:07","guid":{"rendered":"https:\/\/www.europesays.com\/lv\/3726\/"},"modified":"2025-09-24T12:41:07","modified_gmt":"2025-09-24T12:41:07","slug":"snepsts-rezultativs-hc-robe-zubri-uzvara-par-cehijas-tituletako-klubu-handbols-sportacentrs-com","status":"publish","type":"post","link":"https:\/\/www.europesays.com\/lv\/3726\/","title":{"rendered":"\u0160nepsts rezultat\u012bvs &#8220;HC ROBE Zubri&#8221; uzvar\u0101 p\u0101r \u010cehijas titul\u0113t\u0101ko klubu \u2013 Handbols \u2013 Sportacentrs.com"},"content":{"rendered":"<p>Spraigaj\u0101 c\u012b\u0146\u0101 19 gadus jaunais handbolists savas komandas uzvar\u0101 pal\u012bdz\u0113ja ar tr\u012bs v\u0101rtu guvumiem.<\/p>\n<p>\u201c\u013boti s\u012bva un asa sp\u0113le, k\u0101 rezult\u0101t\u0101 vair\u0101kas sarkan\u0101s kart\u012btes. Prieks, ka sp\u0113ju pal\u012bdz\u0113t komandai uzvar\u0113t. M\u0101jas ar\u0113n\u0101 atmosf\u0113ra bija lieliska. Svar\u012bgs pan\u0101kums, bet \u0161is ir tikai sezonas s\u0101kums un viss v\u0113l priek\u0161\u0101,\u201d p\u0113c sp\u0113les sac\u012bja \u0160nespts.<\/p>\n<p>\u201cHC ROBE Zubri\u201d komandai \u0161is ir jau tre\u0161ais pan\u0101kums p\u0113c k\u0101rtas. Ar tr\u012bs uzvar\u0101m un vienu zaud\u0113jumu iekr\u0101ti 6 punkti, ierindojoties l\u012bgas kopv\u0113rt\u0113juma lab\u0101ko trijniek\u0101.<\/p>\n<p>Pirmaj\u0101s tr\u012bs k\u0101rt\u0101s \u201cHCB Karvin\u00e1\u201d vien\u012bba pretiniekus p\u0101rsp\u0113ja ar p\u0101rliecino\u0161iem pan\u0101kumumiem \u2013 l\u012bgas jaunpien\u0101c\u0113ju \u201cSokol Nov\u00e9 Vesel\u00ed\u201d ar 40:23, \u201cHBC Strakonice\u201d ar 37:24 un \u201cBrno\u201d ar 31:25. Karvinas klubs \u010cehijas augst\u0101kas l\u012bgas \u010dempion\u0101t\u0101 triumf\u0113jis p\u0113d\u0113j\u0101s divas sezonas p\u0113c k\u0101rtas, bet kopum\u0101 izc\u012bn\u012bti 14 tituli.<\/p>\n<p>Otrdien, 30. septembr\u012b, \u0160nepsta komanda n\u0101kam\u0101s k\u0101rtas sp\u0113l\u0113 izbraukum\u0101 sp\u0113kosies ar savu tie\u0161o konkurenti \u201cBrno\u201d.<\/p>\n<p>Izmantotie resursi:<br \/><a target=\"_blank\" href=\"http:\/\/www.handball.lv\" rel=\"nofollow noopener\">Latvijas Handbola Feder\u0101cija<\/a><\/p>\n","protected":false},"excerpt":{"rendered":"Spraigaj\u0101 c\u012b\u0146\u0101 19 gadus jaunais handbolists savas komandas uzvar\u0101 pal\u012bdz\u0113ja ar tr\u012bs v\u0101rtu guvumiem. \u201c\u013boti s\u012bva un asa&hellip;\n","protected":false},"author":2,"featured_media":3727,"comment_status":"","ping_status":"","sticky":false,"template":"","format":"standard","meta":{"footnotes":""},"categories":[17],"tags":[1615,35,39,38,36,37,34,40,67],"class_list":{"0":"post-3726","1":"post","2":"type-post","3":"status-publish","4":"format-standard","5":"has-post-thumbnail","7":"category-sports","8":"tag-handbols","9":"tag-latvia","10":"tag-latvian","11":"tag-latviesu","12":"tag-latviesu-valoda","13":"tag-latviesuvaloda","14":"tag-latvija","15":"tag-lv","16":"tag-sports"},"share_on_mastodon":{"url":"","error":""},"_links":{"self":[{"href":"https:\/\/www.europesays.com\/lv\/wp-json\/wp\/v2\/posts\/3726","targetHints":{"allow":["GET"]}}],"collection":[{"href":"https:\/\/www.europesays.com\/lv\/wp-json\/wp\/v2\/posts"}],"about":[{"href":"https:\/\/www.europesays.com\/lv\/wp-json\/wp\/v2\/types\/post"}],"author":[{"embeddable":true,"href":"https:\/\/www.europesays.com\/lv\/wp-json\/wp\/v2\/users\/2"}],"replies":[{"embeddable":true,"href":"https:\/\/www.europesays.com\/lv\/wp-json\/wp\/v2\/comments?post=3726"}],"version-history":[{"count":0,"href":"https:\/\/www.europesays.com\/lv\/wp-json\/wp\/v2\/posts\/3726\/revisions"}],"wp:featuredmedia":[{"embeddable":true,"href":"https:\/\/www.europesays.com\/lv\/wp-json\/wp\/v2\/media\/3727"}],"wp:attachment":[{"href":"https:\/\/www.europesays.com\/lv\/wp-json\/wp\/v2\/media?parent=3726"}],"wp:term":[{"taxonomy":"category","embeddable":true,"href":"https:\/\/www.europesays.com\/lv\/wp-json\/wp\/v2\/categories?post=3726"},{"taxonomy":"post_tag","embeddable":true,"href":"https:\/\/www.europesays.com\/lv\/wp-json\/wp\/v2\/tags?post=3726"}],"curies":[{"name":"wp","href":"https:\/\/api.w.org\/{rel}","templated":true}]}}