{"id":37266,"date":"2025-11-01T19:33:10","date_gmt":"2025-11-01T19:33:10","guid":{"rendered":"https:\/\/www.europesays.com\/lv\/37266\/"},"modified":"2025-11-01T19:33:10","modified_gmt":"2025-11-01T19:33:10","slug":"radio-bus-but-latvijas-radio-100-dzimsanas-diena-darba-duna-viesi-un-apsveikumi-raksts","status":"publish","type":"post","link":"https:\/\/www.europesays.com\/lv\/37266\/","title":{"rendered":"Radio b\u016bs b\u016bt! Latvijas Radio 100. dzim\u0161anas dien\u0101 \u2013 darba duna, viesi un apsveikumi \/ Raksts"},"content":{"rendered":"<p>Pavisam \u012bpa\u0161s \u0161\u012b gada 1. novembris ir Latvijas Radio \u2013 tie\u0161i pirms 100 gadiem R\u012bg\u0101 s\u0101ka skan\u0113t balss no \u012bpa\u0161a apar\u0101ta \u2013 radiop\u0101rraide! Klausoties un\u00a0skatoties uz cilv\u0113kiem radio m\u012btn\u0113 Doma laukum\u0101, liekas, ka 100 \u2013 tas ir tikai s\u0101kums. Svin\u012bbas, viesi, apsveikumi un ar\u012b saspringts darbs, jo \u0161\u012b simtgades diena bija t\u0101, kur\u0101 radio \u0113ters ien\u0101ca ar\u012b telev\u012bzij\u0101.<\/p>\n<p>Latvijas Telev\u012bzija viesoj\u0101s pie kol\u0113\u0123iem Latvijas Radio 1. novembra r\u012bt\u0101. &#8220;Labr\u012bt!&#8221; \u0113ter\u0101 no r\u012bta\u00a0saka radio kol\u0113\u0123i no raid\u012bjuma &#8220;Labr\u012bt&#8221;.\u00a0Un vi\u0146i to dara ar\u012b sestdien\u0101s, un ar\u012b plkst. 7 no r\u012bta.\u00a0R\u012bts gan ir tikai tiem, kuri nesen c\u0113lu\u0161ies.<\/p>\n<p>\u0160\u012b diena visiem\u00a0s\u0101kusies agr\u0101k, jo radio m\u0101j\u0101 ir nevien kli\u0146\u0123eris, bet ar\u012b grima m\u0101ksliniece. \u0160odienas programmu r\u0101d\u012bja ar\u012b Latvijas\u00a0Telev\u012bzija.\u00a0Un tas k\u0101 k\u0101rt\u012bgs papildus satraukums, k\u0101 jau liel\u0101s jubilej\u0101s pien\u0101kas.<\/p>\n<p>Latvijas Radio Zi\u0146u dienesta galven\u0101 redaktore Zane Eni\u0146a iepaz\u012bstin\u0101ja ar studiju:<\/p>\n<p>&#8220;\u0160aj\u0101 da\u013c\u0101, kur ir pults \u2013 t\u0101 ar\u012b izskat\u0101s. Ir viens cilv\u0113ks, kur\u0161 to visu regul\u0113, bet taj\u0101 pus\u0113 parasti ir divi cilv\u0113ki, nav miljons viesu. Bet \u0161or\u012bt esam t\u0101du jezgu satais\u012bju\u0161i, visu laiku main\u0101s [viesi] \u2013\u00a0biju\u0161ie darbinieki, zi\u0146u dienesta vad\u012bt\u0101ji.&#8221;<\/p>\n<p><img decoding=\"async\" src=\"https:\/\/www.europesays.com\/lv\/wp-content\/uploads\/2025\/11\/rx1e.jpg\" alt=\"Latvijas Radio studija\"\/>Latvijas Radio studija<\/p>\n<p>Foto: D\u0101vids Fredenfelds \/ Latvijas Telev\u012bzija<\/p>\n<p><img decoding=\"async\" src=\"https:\/\/www.europesays.com\/lv\/wp-content\/uploads\/2025\/11\/rx1d.jpg\" alt=\"Latvijas Radio studija\"\/>Latvijas Radio studija<\/p>\n<p>Foto: D\u0101vids Fredenfelds \/ Latvijas Telev\u012bzija<\/p>\n<p><img decoding=\"async\" src=\"https:\/\/www.europesays.com\/lv\/wp-content\/uploads\/2025\/11\/rx1c.jpg\" alt=\"Latvijas Radio studija\"\/>Latvijas Radio studija<\/p>\n<p>Foto: D\u0101vids Fredenfelds \/ Latvijas Telev\u012bzija<\/p>\n<p><img decoding=\"async\" src=\"https:\/\/www.europesays.com\/lv\/wp-content\/uploads\/2025\/11\/rx1b.jpg\" alt=\"Latvijas Radio studija\"\/>Latvijas Radio studija<\/p>\n<p>Foto: D\u0101vids Fredenfelds \/ Latvijas Telev\u012bzija<\/p>\n<\/p>\n<p>Tikm\u0113r Latvijas Radio 3 studij\u0101\u00a0\u0113tera v\u0113l nav. Trok\u0161\u0146ot dr\u012bkst, notiek lielie sagatavo\u0161an\u0101s darbi, gaidot uz interviju Valsts prezidentu. Mazs &#8220;rado\u0161ais str\u012bds&#8221;\u00a0\u2013 vai prezidents run\u0101 gana ska\u013ci?<\/p>\n<p style=\"margin-left:40px\">&#8211; Uzvilksim ska\u013c\u0101k.<br \/>&#8211; Tu uzvilksi t\u0101, lai bez s\u012bciena ir?<br \/>&#8211;\u00a0Mums nav s\u012bciena.<br \/>&#8211; B\u016bs labi, neviens te nerun\u0101 ska\u013ci, neviens neb\u013cauj rikt\u012bgi. M\u0113s tikai.<\/p>\n<p>&#8220;Tik daudz cilv\u0113kus radio koridoros es neesmu redz\u0113jusi savos 43\u00a0nostr\u0101d\u0101tos gados Latvijas Radio,&#8221; atzina Latvijas Radio 4 ska\u0146u re\u017eisore\u00a0Jana Dreimane.<\/p>\n<p>Sal\u012bdzino\u0161i k\u0101 miera osta ir Latvijas Radio 2 studija. \u00a0\u0112riks Loks &#8220;grie\u017e&#8221;\u00a0jubilejas gabalus.\u00a0Diskus par laimi nen\u0101kas izmantot, bet, ja\u00a0pazustu internets, tad klusuma\u00a0\u0113ter\u0101 neb\u016btu \u2013\u00a0mekl\u0113tu \u012bsto kompaktdisku un to atska\u0146otu radio vi\u013c\u0146os. Radio b\u016bs b\u016bt!<\/p>\n<p>            <img decoding=\"async\" src=\"https:\/\/www.europesays.com\/lv\/wp-content\/uploads\/2025\/11\/rx19.jpg\" alt=\"Latvijas Radio balss \u0112riks Loks\"\/><\/p>\n<p>Latvijas Radio balss \u0112riks Loks<\/p>\n<p>Foto: D\u0101vids Fredenfelds \/ Latvijas Telev\u012bzija<\/p>\n<\/p>\n<p>&#8220;Par\u0101d\u012bj\u0101s video, par\u0101d\u012bj\u0101s telev\u012bzija. Dom\u0101ja, kur\u0161 tad nu vairs radio klaus\u012bsies. Bet t\u0101 nu glu\u017ei nav. Radio ir sava ma\u0123ija, sava burv\u012bba,&#8221; sprieda \u0112riks Loks.<\/p>\n<p>To ma\u0123iju saglab\u0101t ar\u012b nov\u0113lam!<\/p>\n<p>                    Valodas k\u013c\u016bda rakst\u0101?<\/p>\n<p class=\"d-none d-md-block\">Iez\u012bm\u0113jiet tekstu un spiediet Ctrl+Enter, lai nos\u016bt\u012btu labojamo teksta fragmentu redaktoram! Par faktu k\u013c\u016bd\u0101m l\u016bdzam zi\u0146ot e-past\u0101 <a href=\"https:\/\/www.lsm.lv\/cdn-cgi\/l\/email-protection\" class=\"__cf_email__\" data-cfemail=\"e29087868389818b8883a28e918fcc8e94\" rel=\"nofollow noopener\" target=\"_blank\">[email\u00a0protected]<\/a>.<\/p>\n<p class=\"d-md-none\">Iez\u012bm\u0113jiet tekstu un spiediet uz Zi\u0146ot par k\u013c\u016bdu pogas, lai nos\u016bt\u012btu labojamo teksta fragmentu redaktoram!<\/p>\n<p>\n                    Zi\u0146ot par k\u013c\u016bdu\n                <\/p>\n","protected":false},"excerpt":{"rendered":"Pavisam \u012bpa\u0161s \u0161\u012b gada 1. novembris ir Latvijas Radio \u2013 tie\u0161i pirms 100 gadiem R\u012bg\u0101 s\u0101ka skan\u0113t balss&hellip;\n","protected":false},"author":2,"featured_media":37267,"comment_status":"","ping_status":"","sticky":false,"template":"","format":"standard","meta":{"footnotes":""},"categories":[5],"tags":[23,28,29,32,33,22,30,31,35,39,38,36,37,34,40,20,26,27,24,25,21],"class_list":{"0":"post-37266","1":"post","2":"type-post","3":"status-publish","4":"format-standard","5":"has-post-thumbnail","7":"category-aktualitates","8":"tag-aktualitates","9":"tag-breaking-news","10":"tag-breakingnews","11":"tag-featured-news","12":"tag-featurednews","13":"tag-headlines","14":"tag-latest-news","15":"tag-latestnews","16":"tag-latvia","17":"tag-latvian","18":"tag-latviesu","19":"tag-latviesu-valoda","20":"tag-latviesuvaloda","21":"tag-latvija","22":"tag-lv","23":"tag-news","24":"tag-popularakas-zinas","25":"tag-popularakaszinas","26":"tag-top-stories","27":"tag-topstories","28":"tag-zinas"},"share_on_mastodon":{"url":"https:\/\/pubeurope.com\/@lv\/115476116560492118","error":""},"_links":{"self":[{"href":"https:\/\/www.europesays.com\/lv\/wp-json\/wp\/v2\/posts\/37266","targetHints":{"allow":["GET"]}}],"collection":[{"href":"https:\/\/www.europesays.com\/lv\/wp-json\/wp\/v2\/posts"}],"about":[{"href":"https:\/\/www.europesays.com\/lv\/wp-json\/wp\/v2\/types\/post"}],"author":[{"embeddable":true,"href":"https:\/\/www.europesays.com\/lv\/wp-json\/wp\/v2\/users\/2"}],"replies":[{"embeddable":true,"href":"https:\/\/www.europesays.com\/lv\/wp-json\/wp\/v2\/comments?post=37266"}],"version-history":[{"count":0,"href":"https:\/\/www.europesays.com\/lv\/wp-json\/wp\/v2\/posts\/37266\/revisions"}],"wp:featuredmedia":[{"embeddable":true,"href":"https:\/\/www.europesays.com\/lv\/wp-json\/wp\/v2\/media\/37267"}],"wp:attachment":[{"href":"https:\/\/www.europesays.com\/lv\/wp-json\/wp\/v2\/media?parent=37266"}],"wp:term":[{"taxonomy":"category","embeddable":true,"href":"https:\/\/www.europesays.com\/lv\/wp-json\/wp\/v2\/categories?post=37266"},{"taxonomy":"post_tag","embeddable":true,"href":"https:\/\/www.europesays.com\/lv\/wp-json\/wp\/v2\/tags?post=37266"}],"curies":[{"name":"wp","href":"https:\/\/api.w.org\/{rel}","templated":true}]}}