{"id":37272,"date":"2025-11-01T19:39:09","date_gmt":"2025-11-01T19:39:09","guid":{"rendered":"https:\/\/www.europesays.com\/lv\/37272\/"},"modified":"2025-11-01T19:39:09","modified_gmt":"2025-11-01T19:39:09","slug":"rezekne-tomer-atliek-brivbilesu-pieskirsanu-senioriem-raksts","status":"publish","type":"post","link":"https:\/\/www.europesays.com\/lv\/37272\/","title":{"rendered":"R\u0113zekn\u0113 tom\u0113r atliek br\u012bvbi\u013ce\u0161u pie\u0161\u0137ir\u0161anu senioriem \/ Raksts"},"content":{"rendered":"<p>R\u0113zeknes finan\u0161u uzraudz\u012bba nav beigusies. P\u0113c \u0161\u012bs ned\u0113\u013cas tik\u0161an\u0101s Finan\u0161u ministrij\u0101 pa\u0161vald\u012bba atk\u0101pusies no sol\u012bjuma v\u0113l \u0161ogad <a href=\"https:\/\/www.lsm.lv\/raksts\/zinas\/ekonomika\/29.09.2025-rezekne-atjauno-bezmaksas-sabiedrisko-transportu-senioriem-opozicijai-bazas-par-budzeta-teriniem.a616256\/?utm_source=lsm&amp;utm_medium=theme&amp;utm_campaign=theme\" rel=\"nofollow noopener\" target=\"_blank\">atgriezt br\u012bvbi\u013cetes <\/a>pils\u0113tas sabiedriskaj\u0101 transport\u0101 cilv\u0113kiem, kas sasniegu\u0161i 60 gadu vecumu. T\u0101 ir vietvaras br\u012bvpr\u0101t\u012bg\u0101 iniciat\u012bva, ko sakar\u0101 ar finan\u0161u tr\u016bkumu atc\u0113la pagaidu administr\u0101cija. Br\u012bvbi\u013ce\u0161u atgrie\u0161ana \u0161opavasar k\u013cuva par vienu no galvenajiem v\u0113l\u0113\u0161anu sol\u012bjumiem partijai &#8220;Kop\u0101 Latvija&#8221;. Finan\u0161u ministrij\u0101 nor\u0101da, ka pa\u0161vald\u012bbas politiskos l\u0113mumos neiejaucas, ta\u010du \u0161aj\u0101 gad\u012bjum\u0101 atgriezu\u0161\u0101s ba\u017eas,\u00a0vai R\u0113zekn\u0113 v\u0113las t\u0113r\u0113t bez finansi\u0101l\u0101 seguma.<\/p>\n<p>\u012aSUM\u0100:<\/p>\n<ul>\n<li>R\u0113zekn\u0113 tom\u0113r atliek domes l\u0113mumu atjaunot sabiedrisk\u0101 transporta br\u012bvbi\u013cetes senioriem no 60 gadiem.<\/li>\n<li>To aptur\u0113jusi R\u0113zeknes finan\u0161u stabiliz\u0101cijas komisija, kura uzrauga par\u0101dos iestigu\u0161o pa\u0161vald\u012bbu.<\/li>\n<li>Finan\u0161u ministrija nor\u0101da \u2013 vispirms ir j\u0101pie\u0146em pa\u0161vald\u012bbas n\u0101kam\u0101 gada bud\u017eets.<\/li>\n<\/ul>\n<p>Nevis pension\u0101riem, k\u0101 tas ir ierasts citviet Latvij\u0101, bet visiem r\u0113zeknie\u0161iem, s\u0101kot no 60 gadu vecuma. Br\u012bvbi\u013ce\u0161u atgrie\u0161ana \u0161ai pasa\u017eieru grupai R\u0113zekn\u0113 uz p\u0113d\u0113jiem \u0161\u012b gada diviem m\u0113ne\u0161iem izmaks\u0101tu 30 000 eiro. Domes l\u0113mums pie\u0146emts septembra beig\u0101s, bet \u0161oned\u0113\u013c par to run\u0101ts finan\u0161u stabiliz\u0101cijas s\u0113d\u0113. Turpinot uzraudz\u012bt joproj\u0101m liel\u0101ko par\u0101dnieci pa\u0161vald\u012bbu vid\u016b, R\u0113zekni, \u0161\u0101das s\u0113des Finan\u0161u ministrij\u0101 notiek reizi m\u0113nes\u012b.<\/p>\n<p>&#8220;Stabiliz\u0101cijas komisija atteica mums ieviest no 1. novembra. Manupr\u0101t, visi priek\u0161nosac\u012bjumi bija izpild\u012bti\u00a0no m\u016bsu, no pa\u0161vald\u012bba puses, bet tom\u0113r t\u0101ds aizliegums ir. T\u0101ds jauns nosac\u012bjums \u2013 apstiprin\u0101t 2026. gada bud\u017eetu,&#8221; skaidroja\u00a0R\u0113zeknes domes priek\u0161s\u0113d\u0113t\u0101js\u00a0Aleksandrs Barta\u0161evi\u010ds\u00a0(&#8220;Kop\u0101 Latvijai&#8221;).<\/p>\n<blockquote>\n<p>Br\u012bvbi\u013cetes \u0161im gadam izmaks\u0101tu 30 000\u00a0eiro, bet n\u0101kamajam \u2013 jau gandr\u012bz 200 000 eiro.<\/p>\n<\/blockquote>\n<p>Finan\u0161u ministrij\u0101 (FM) argument\u0113, ka ilgtermi\u0146a sol\u012bjumus nevajadz\u0113tu ap\u0146emties, kam\u0113r pa\u0161vald\u012bb\u0101 v\u0113l nav pie\u0146emts n\u0101kam\u0101 gada bud\u017eets.<\/p>\n<p>&#8220;Mums nav tik svar\u012bgi, ka ir \u0161\u012b gada bud\u017eet\u0101 \u0161ie 30 000, mums ir svar\u012bgi, ka n\u0101kam\u0101 gada bud\u017eet\u0101 ir finans\u0113jums vis\u0101m pa\u0161vald\u012bbas autonomaj\u0101m funkcij\u0101m,&#8221; nor\u0101d\u012bja\u00a0FM Pa\u0161vald\u012bbu finans\u0113juma darb\u012bbas uzraudz\u012bbas departamenta\u00a0direktore\u00a0Inta Komisare.<\/p>\n<p>Atcelt pa\u0161vald\u012bbu saisto\u0161os noteikums FM nevar, bet tos saska\u0146o ar Vied\u0101s administr\u0101cijas un re\u0123ion\u0101l\u0101s att\u012bst\u012bbas ministriju.<\/p>\n<p>&#8220;Pa\u0161vald\u012bba mums ir iesniegusi ar\u012b vid\u0113ja termi\u0146a bud\u017eeta prognozi, bet m\u0113s jau diskusij\u0101s ar pa\u0161vald\u012bb\u0101m un v\u0113rt\u0113jot iesniegtos dokumentus redzam, ka \u0161eit ir izdevumi, kas nav iek\u013cauti,&#8221; past\u0101st\u012bja Komisare.<\/p>\n<blockquote>\n<p>R\u0113zekn\u0113 skaidro, ka 30 000 eiro pieejami, jo gada izska\u0146\u0101 pieaugu\u0161i ie\u0146\u0113mumi no nodok\u013ciem.<\/p>\n<\/blockquote>\n<p>Vaic\u0101ts, vai nebija politisko diskusija par to, vai nav citu jomu, kur\u0101m nauda nepiecie\u0161ama ak\u016bt\u0101k, Barta\u0161evics atbild\u0113ja:<\/p>\n<p>&#8220;M\u0113s tikai s\u0101k\u0101m str\u0101d\u0101t pie n\u0101kam\u0101 gada bud\u017eeta. Deput\u0101tu vair\u0101kums to atbalst\u012bja.&#8221;<\/p>\n<p>R\u0113zeknes iedz\u012bvot\u0101ju viedoklis par ieceri atjaunot bezmaksas bi\u013cetes senioriem at\u0161\u0137\u012br\u0101s.<\/p>\n<p style=\"margin-left:40px\">Inga:\u00a0&#8220;Pensijas mazas, r\u0113\u0137ini lieli. Protams, ka vajag. Iedz\u012bvot\u0101ji vienm\u0113r par. Jo vair\u0101k, jo lab\u0101k. Viss jau atkar\u012bgs\u00a0no t\u0101, cik iesp\u0113jams.&#8221;<\/p>\n<p style=\"margin-left:40px\">In\u0101ra:\u00a0&#8220;S\u0101kum\u0101 es brauk\u0101ju bez maksas, tagad par 70 centiem. (Saka, ka pa\u0161vald\u012bbai finan\u0161u tr\u016bkst, nevar t\u0113r\u0113ties) K\u0101 b\u016bs, t\u0101 b\u016bs, man vienalga.&#8221;<\/p>\n<p style=\"margin-left:40px\">Ginta:\u00a0&#8220;Man\u0101 apk\u0101rtn\u0113 vair\u0101k ar [priv\u0101to] autotransportu p\u0101rvietojas. (Te tikko\u00a0nesen R\u0113zekn\u0113 bija finan\u0161u probl\u0113mas. K\u0101 jums \u0161\u0137iet, j\u0101atjauno bezmaksas brauk\u0161ana vai var iztikt?) Es dom\u0101ju, ka \u0161obr\u012bd m\u0113s var\u0113tu iepauz\u0113t.&#8221;<\/p>\n<p>Ja Saeim\u0101 valsts bud\u017eeta pie\u0146em\u0161ana neaizkav\u0113sies, R\u0113zekn\u0113 pa\u0161vald\u012bbas bud\u017eetu dom\u0113 pl\u0101no pie\u0146emt decembra beig\u0101s.<\/p>\n<p>                    Valodas k\u013c\u016bda rakst\u0101?<\/p>\n<p class=\"d-none d-md-block\">Iez\u012bm\u0113jiet tekstu un spiediet Ctrl+Enter, lai nos\u016bt\u012btu labojamo teksta fragmentu redaktoram! Par faktu k\u013c\u016bd\u0101m l\u016bdzam zi\u0146ot e-past\u0101 <a href=\"https:\/\/www.lsm.lv\/cdn-cgi\/l\/email-protection\" class=\"__cf_email__\" data-cfemail=\"6b190e0f0a000802010a2b07180645071d\" rel=\"nofollow noopener\" target=\"_blank\">[email\u00a0protected]<\/a>.<\/p>\n<p class=\"d-md-none\">Iez\u012bm\u0113jiet tekstu un spiediet uz Zi\u0146ot par k\u013c\u016bdu pogas, lai nos\u016bt\u012btu labojamo teksta fragmentu redaktoram!<\/p>\n<p>\n                    Zi\u0146ot par k\u013c\u016bdu\n                <\/p>\n","protected":false},"excerpt":{"rendered":"R\u0113zeknes finan\u0161u uzraudz\u012bba nav beigusies. P\u0113c \u0161\u012bs ned\u0113\u013cas tik\u0161an\u0101s Finan\u0161u ministrij\u0101 pa\u0161vald\u012bba atk\u0101pusies no sol\u012bjuma v\u0113l \u0161ogad atgriezt&hellip;\n","protected":false},"author":2,"featured_media":37273,"comment_status":"","ping_status":"","sticky":false,"template":"","format":"standard","meta":{"footnotes":""},"categories":[5],"tags":[23,28,29,32,33,22,30,31,35,39,38,36,37,34,40,20,26,27,24,25,21],"class_list":{"0":"post-37272","1":"post","2":"type-post","3":"status-publish","4":"format-standard","5":"has-post-thumbnail","7":"category-aktualitates","8":"tag-aktualitates","9":"tag-breaking-news","10":"tag-breakingnews","11":"tag-featured-news","12":"tag-featurednews","13":"tag-headlines","14":"tag-latest-news","15":"tag-latestnews","16":"tag-latvia","17":"tag-latvian","18":"tag-latviesu","19":"tag-latviesu-valoda","20":"tag-latviesuvaloda","21":"tag-latvija","22":"tag-lv","23":"tag-news","24":"tag-popularakas-zinas","25":"tag-popularakaszinas","26":"tag-top-stories","27":"tag-topstories","28":"tag-zinas"},"share_on_mastodon":{"url":"https:\/\/pubeurope.com\/@lv\/115476140120066009","error":""},"_links":{"self":[{"href":"https:\/\/www.europesays.com\/lv\/wp-json\/wp\/v2\/posts\/37272","targetHints":{"allow":["GET"]}}],"collection":[{"href":"https:\/\/www.europesays.com\/lv\/wp-json\/wp\/v2\/posts"}],"about":[{"href":"https:\/\/www.europesays.com\/lv\/wp-json\/wp\/v2\/types\/post"}],"author":[{"embeddable":true,"href":"https:\/\/www.europesays.com\/lv\/wp-json\/wp\/v2\/users\/2"}],"replies":[{"embeddable":true,"href":"https:\/\/www.europesays.com\/lv\/wp-json\/wp\/v2\/comments?post=37272"}],"version-history":[{"count":0,"href":"https:\/\/www.europesays.com\/lv\/wp-json\/wp\/v2\/posts\/37272\/revisions"}],"wp:featuredmedia":[{"embeddable":true,"href":"https:\/\/www.europesays.com\/lv\/wp-json\/wp\/v2\/media\/37273"}],"wp:attachment":[{"href":"https:\/\/www.europesays.com\/lv\/wp-json\/wp\/v2\/media?parent=37272"}],"wp:term":[{"taxonomy":"category","embeddable":true,"href":"https:\/\/www.europesays.com\/lv\/wp-json\/wp\/v2\/categories?post=37272"},{"taxonomy":"post_tag","embeddable":true,"href":"https:\/\/www.europesays.com\/lv\/wp-json\/wp\/v2\/tags?post=37272"}],"curies":[{"name":"wp","href":"https:\/\/api.w.org\/{rel}","templated":true}]}}