{"id":37278,"date":"2025-11-01T19:45:09","date_gmt":"2025-11-01T19:45:09","guid":{"rendered":"https:\/\/www.europesays.com\/lv\/37278\/"},"modified":"2025-11-01T19:45:09","modified_gmt":"2025-11-01T19:45:09","slug":"kadas-progrozes-gaidamas-si-gada-ziemai","status":"publish","type":"post","link":"https:\/\/www.europesays.com\/lv\/37278\/","title":{"rendered":"K\u0101das progrozes gaid\u0101mas \u0161\u012b gada ziemai?"},"content":{"rendered":"<p>11. septembr\u012b Nacion\u0101l\u0101 meteorolo\u0123isk\u0101 dienesta (NWS) sinopti\u0137i public\u0113ja savus jaun\u0101kos atkl\u0101jumus: &#8220;P\u0101reja no El Ni\u00f1o uz La Ni\u00f1a, visticam\u0101k, notiks n\u0101kamo p\u0101ris m\u0113ne\u0161u laik\u0101, un La Ni\u00f1a iesp\u0113jam\u012bba no 2025. gada oktobra l\u012bdz decembrim ir 71%.&#8221;<\/p>\n<p>Lai gan La Ni\u00f1a galvenok\u0101rt ietekm\u0113 temperat\u016bru Klusaj\u0101 oke\u0101n\u0101, t\u0101s efekts j\u016btams ar\u012b Eirop\u0101. Tas saist\u012bts ar str\u016bklas straumi \u2013 sp\u0113c\u012bgu v\u0113ju joslu, kas p\u0101rvad\u0101 lietu p\u0101ri Atlantijas oke\u0101nam. L\u012bdzsvars starp augsto spiedienu virs Azoru sal\u0101m un zemo spiedienu virs \u012aslandes nosaka, k\u0101 \u0161\u012b straume pl\u016bst un kur Eirop\u0101 nol\u012bst lietus un sniegs.<\/p>\n<p>Zieme\u013ceirop\u0101 un zieme\u013caustrumu re\u0123ionos, tostarp Skandin\u0101vij\u0101, da\u013c\u0101 Apvienot\u0101s Karalistes, Baltijas valst\u012bs un pat V\u0101cij\u0101 un Polij\u0101, sagaid\u0101mas zem\u0101kas par vid\u0113jo temperat\u016bras un liel\u0101ka sniega iesp\u0113jam\u012bba. Tas noz\u012bm\u0113, ka agr\u012bn\u0101s sezonas sl\u0113pot\u0101ji var\u0113s baud\u012bt lab\u0101kus apst\u0101k\u013cus zieme\u013cu k\u016brortos un zem\u0101k\u0101s augstienes, kur parasti sniega pietr\u016bkst.<\/p>\n<p>Alpos La Ni\u00f1a ietekme ir maz\u0101k paredzama \u2013 da\u017ek\u0101rt tas var noz\u012bm\u0113t maz\u0101k stabilu sniegu no Atlantijas v\u0113tr\u0101m, ta\u010du aukstais gaiss pal\u012bdz\u0113s saglab\u0101t jau nokritu\u0161o sniegu. Dienvidu re\u0123ionos ziemas, visticam\u0101k, b\u016bs saus\u0101kas un nedaudz silt\u0101kas.<\/p>\n<p>La Ni\u00f1a ir aukst\u0101 ENSO f\u0101ze, savuk\u0101rt El Ni\u00f1o ir silta f\u0101ze. Papildus temperat\u016bras izmai\u0146\u0101m notiek ar\u012b spiediena sv\u0101rst\u012bbas, kas ietekm\u0113 laikapst\u0101k\u013cus vis\u0101 pasaul\u0113.<\/p>\n","protected":false},"excerpt":{"rendered":"11. septembr\u012b Nacion\u0101l\u0101 meteorolo\u0123isk\u0101 dienesta (NWS) sinopti\u0137i public\u0113ja savus jaun\u0101kos atkl\u0101jumus: &#8220;P\u0101reja no El Ni\u00f1o uz La Ni\u00f1a,&hellip;\n","protected":false},"author":2,"featured_media":37279,"comment_status":"","ping_status":"","sticky":false,"template":"","format":"standard","meta":{"footnotes":""},"categories":[5],"tags":[5869,23,28,29,32,33,22,396,397,30,31,35,39,38,36,37,34,40,20,26,27,24,25,21],"class_list":{"0":"post-37278","1":"post","2":"type-post","3":"status-publish","4":"format-standard","5":"has-post-thumbnail","7":"category-aktualitates","8":"tag-ziema","9":"tag-aktualitates","10":"tag-breaking-news","11":"tag-breakingnews","12":"tag-featured-news","13":"tag-featurednews","14":"tag-headlines","15":"tag-laika-zinas","16":"tag-laikapstakli","17":"tag-latest-news","18":"tag-latestnews","19":"tag-latvia","20":"tag-latvian","21":"tag-latviesu","22":"tag-latviesu-valoda","23":"tag-latviesuvaloda","24":"tag-latvija","25":"tag-lv","26":"tag-news","27":"tag-popularakas-zinas","28":"tag-popularakaszinas","29":"tag-top-stories","30":"tag-topstories","31":"tag-zinas"},"share_on_mastodon":{"url":"https:\/\/pubeurope.com\/@lv\/115476163724329124","error":""},"_links":{"self":[{"href":"https:\/\/www.europesays.com\/lv\/wp-json\/wp\/v2\/posts\/37278","targetHints":{"allow":["GET"]}}],"collection":[{"href":"https:\/\/www.europesays.com\/lv\/wp-json\/wp\/v2\/posts"}],"about":[{"href":"https:\/\/www.europesays.com\/lv\/wp-json\/wp\/v2\/types\/post"}],"author":[{"embeddable":true,"href":"https:\/\/www.europesays.com\/lv\/wp-json\/wp\/v2\/users\/2"}],"replies":[{"embeddable":true,"href":"https:\/\/www.europesays.com\/lv\/wp-json\/wp\/v2\/comments?post=37278"}],"version-history":[{"count":0,"href":"https:\/\/www.europesays.com\/lv\/wp-json\/wp\/v2\/posts\/37278\/revisions"}],"wp:featuredmedia":[{"embeddable":true,"href":"https:\/\/www.europesays.com\/lv\/wp-json\/wp\/v2\/media\/37279"}],"wp:attachment":[{"href":"https:\/\/www.europesays.com\/lv\/wp-json\/wp\/v2\/media?parent=37278"}],"wp:term":[{"taxonomy":"category","embeddable":true,"href":"https:\/\/www.europesays.com\/lv\/wp-json\/wp\/v2\/categories?post=37278"},{"taxonomy":"post_tag","embeddable":true,"href":"https:\/\/www.europesays.com\/lv\/wp-json\/wp\/v2\/tags?post=37278"}],"curies":[{"name":"wp","href":"https:\/\/api.w.org\/{rel}","templated":true}]}}