{"id":37287,"date":"2025-11-01T19:53:17","date_gmt":"2025-11-01T19:53:17","guid":{"rendered":"https:\/\/www.europesays.com\/lv\/37287\/"},"modified":"2025-11-01T19:53:17","modified_gmt":"2025-11-01T19:53:17","slug":"kurucam-un-smitam-rezultativs-sniegums-savstarpeja-maca-eiroliga","status":"publish","type":"post","link":"https:\/\/www.europesays.com\/lv\/37287\/","title":{"rendered":"Kurucam un \u0160mitam rezultat\u012bvs sniegums savstarp\u0113j\u0101 ma\u010d\u0101 Eirol\u012bg\u0101"},"content":{"rendered":"<p>Astot\u0101s k\u0101rtas ma\u010d\u0101 &#8220;Baskonia&#8221; m\u0101j\u0101s ar 86:75 (22:11, 21:28, 22:19, 21:17) p\u0101rsp\u0113ja \u0160mita p\u0101rst\u0101v\u0113to Stambulas &#8220;Anadolu Efes&#8221;.<\/p>\n<p>Kurucs m\u0101jinieku rind\u0101s sp\u0113l\u0113ja 22 min\u016btes un 21 sekundi un realiz\u0113ja visus piecus divu punktu metienus un vienu no diviem soda metieniem. Vi\u0146\u0161 ar\u012b izc\u0113l\u0101s statistik\u0101 ar tr\u012bs bumb\u0101m zem groziem, div\u0101m rezultat\u012bv\u0101m piesp\u0113l\u0113m, vienu p\u0101rtvertu bumbu, tr\u012bs izprovoc\u0113tiem sodiem un vienu k\u013c\u016bdu, tiekot pie efektivit\u0101tes koeficienta 16.<\/p>\n<p>Tikm\u0113r \u0160mits starp viesiem laukum\u0101 bija 23 min\u016btes un 59 sekundes un, raidot groz\u0101 divus no trijiem divu punktu metieniem un divus no \u010detriem t\u0101lmetieniem, guva desmit punktus, k\u0101 ar\u012b izc\u012bn\u012bja \u010detras atl\u0113ku\u0161\u0101s bumbas, nopeln\u012bja piecas piez\u012bmes, izprovoc\u0113ja \u010detrus pretinieku sodus un iekr\u0101ja efektivit\u0101tes koeficientu desmit.<\/p>\n<p>&#8220;Baskonia&#8221; otro uzvaru p\u0113c k\u0101rtas sekm\u0113ja Timotijs Luvavu-Kabarro un Mateo Spanjolo, kuri guva attiec\u012bgi 20 un 19 punktus. Stambulas komand\u0101 rezultat\u012bv\u0101kais ar 23 punktiem bija \u0160eins Larkins.<\/p>\n<p>Ceturtdien astot\u0101s k\u0101rtas ievad\u0101 D\u0101vja Bert\u0101na p\u0101rst\u0101v\u0113t\u0101 &#8220;Dubai&#8221; viesos ar 78:80 zaud\u0113ja &#8220;Valencia&#8221;, bet Madrides &#8220;Real&#8221; bez Gun\u0101ra Gr\u012bnvalda pieteikum\u0101 sav\u0101 laukum\u0101 ar 84:58 p\u0101rsp\u0113ja Stambulas &#8220;Fenerbahce&#8221;, kurai nevar pal\u012bdz\u0113t savainotais Art\u016brs \u017dagars.<\/p>\n<p>Turn\u012bra tabul\u0101 &#8220;Real&#8221; ar \u010detr\u0101m uzvar\u0101m un tikpat zaud\u0113jumiem ie\u0146em dev\u012bto vietu, &#8220;Dubai&#8221;, &#8220;Anadolu Efes&#8221; un &#8220;Fenerbahce&#8221; ar bilanci 3-5 ierindojas attiec\u012bgi 14., 15. un 16. poz\u012bcij\u0101, bet &#8220;Baskonia&#8221; ar div\u0101m uzvar\u0101m asto\u0146os ma\u010dos atrodas 19. viet\u0101 20 komandu konkurenc\u0113.<\/p>\n<p>Eirol\u012bg\u0101 katra no 20 komand\u0101m l\u012bdz apr\u012b\u013ca vidum aizvad\u012bs 38 sp\u0113les. Pamatturn\u012bra se\u0161as lab\u0101k\u0101s komandas iek\u013c\u016bs ceturtda\u013cfin\u0101l\u0101, bet sept\u012bt\u0101s l\u012bdz desmit\u0101s vietas ieguv\u0113jas c\u012bn\u012bsies &#8220;play-in&#8221; k\u0101rt\u0101.<\/p>\n<p>\u0160osezon Eirol\u012bgas fin\u0101l\u010detrinieka turn\u012brs maija beig\u0101s notiks At\u0113n\u0101s.<\/p>\n<p>Aizvad\u012btaj\u0101 sezon\u0101 fin\u0101l\u010detrinieka turn\u012bram notiekot Ab\u016b Dab\u012b, par \u010dempioni k\u013cuva Stambulas &#8220;Fenerbahce&#8221;, kas fin\u0101l\u0101 ar 81:70 p\u0101rsp\u0113ja Francijas klubu &#8220;Monaco&#8221;.<\/p>\n","protected":false},"excerpt":{"rendered":"Astot\u0101s k\u0101rtas ma\u010d\u0101 &#8220;Baskonia&#8221; m\u0101j\u0101s ar 86:75 (22:11, 21:28, 22:19, 21:17) p\u0101rsp\u0113ja \u0160mita p\u0101rst\u0101v\u0113to Stambulas &#8220;Anadolu Efes&#8221;. Kurucs&hellip;\n","protected":false},"author":2,"featured_media":37288,"comment_status":"","ping_status":"","sticky":false,"template":"","format":"standard","meta":{"footnotes":""},"categories":[17],"tags":[145,1098,35,39,38,36,37,34,40,5360,4341,67,2120],"class_list":{"0":"post-37287","1":"post","2":"type-post","3":"status-publish","4":"format-standard","5":"has-post-thumbnail","7":"category-sports","8":"tag-basketbols","9":"tag-basketbols-pasaule","10":"tag-latvia","11":"tag-latvian","12":"tag-latviesu","13":"tag-latviesu-valoda","14":"tag-latviesuvaloda","15":"tag-latvija","16":"tag-lv","17":"tag-rodions-kurucs","18":"tag-rolands-smits","19":"tag-sports","20":"tag-uleb-eiroliga"},"share_on_mastodon":{"url":"https:\/\/pubeurope.com\/@lv\/115476195080751476","error":""},"_links":{"self":[{"href":"https:\/\/www.europesays.com\/lv\/wp-json\/wp\/v2\/posts\/37287","targetHints":{"allow":["GET"]}}],"collection":[{"href":"https:\/\/www.europesays.com\/lv\/wp-json\/wp\/v2\/posts"}],"about":[{"href":"https:\/\/www.europesays.com\/lv\/wp-json\/wp\/v2\/types\/post"}],"author":[{"embeddable":true,"href":"https:\/\/www.europesays.com\/lv\/wp-json\/wp\/v2\/users\/2"}],"replies":[{"embeddable":true,"href":"https:\/\/www.europesays.com\/lv\/wp-json\/wp\/v2\/comments?post=37287"}],"version-history":[{"count":0,"href":"https:\/\/www.europesays.com\/lv\/wp-json\/wp\/v2\/posts\/37287\/revisions"}],"wp:featuredmedia":[{"embeddable":true,"href":"https:\/\/www.europesays.com\/lv\/wp-json\/wp\/v2\/media\/37288"}],"wp:attachment":[{"href":"https:\/\/www.europesays.com\/lv\/wp-json\/wp\/v2\/media?parent=37287"}],"wp:term":[{"taxonomy":"category","embeddable":true,"href":"https:\/\/www.europesays.com\/lv\/wp-json\/wp\/v2\/categories?post=37287"},{"taxonomy":"post_tag","embeddable":true,"href":"https:\/\/www.europesays.com\/lv\/wp-json\/wp\/v2\/tags?post=37287"}],"curies":[{"name":"wp","href":"https:\/\/api.w.org\/{rel}","templated":true}]}}