{"id":37305,"date":"2025-11-01T20:19:13","date_gmt":"2025-11-01T20:19:13","guid":{"rendered":"https:\/\/www.europesays.com\/lv\/37305\/"},"modified":"2025-11-01T20:19:13","modified_gmt":"2025-11-01T20:19:13","slug":"kajnieku-minas-eksplozija-ukraina-pieci-bojagajusie-raksts","status":"publish","type":"post","link":"https:\/\/www.europesays.com\/lv\/37305\/","title":{"rendered":"K\u0101jnieku m\u012bnas eksplozij\u0101 Ukrain\u0101 pieci boj\u0101g\u0101ju\u0161ie \/ Raksts"},"content":{"rendered":"<p>Ukrainas zieme\u013cos vismaz pieci cilv\u0113ki ir g\u0101ju\u0161i boj\u0101 un divi ievainoti spr\u0101dzien\u0101, automa\u0161\u012bnai me\u017e\u0101 uzbraucot k\u0101jnieku m\u012bnai, piektdien pazi\u0146oja policija.<\/p>\n<p>Eksplozija notika rajon\u0101 net\u0101lu no Baltkrievijas robe\u017eas, kad automa\u0161\u012bna uzbrauca spridzeklim m\u012bn\u0113t\u0101 zon\u0101, teikts policijas pazi\u0146ojum\u0101 soci\u0101lo mediju platform\u0101 &#8220;Facebook&#8221;.<\/p>\n<p>Pieci v\u012brie\u0161i vecum\u0101 no 19 l\u012bdz 65 gadiem uzreiz g\u0101ja boj\u0101, bet abi ievainotie tika hospitaliz\u0113ti.<\/p>\n<p>Izmekl\u0113t\u0101ju publiskotaj\u0101s fotogr\u0101fij\u0101s bija redzams automa\u0161\u012bnas vraks \u017ditomiras apgabal\u0101 un br\u012bdin\u0101juma z\u012bme uz net\u0101lu eso\u0161a koka par m\u012bnu draudiem.<\/p>\n<blockquote>\n<p>Policija pazi\u0146oja, ka civiliedz\u012bvot\u0101ji v\u0101ca malku rajon\u0101, kur Krievijas bru\u0146otie sp\u0113ki 2022. gad\u0101 iebruka Ukrain\u0101 no Baltkrievijas teritorijas.<\/p>\n<\/blockquote>\n<p>Lai nov\u0113rstu jaunus uzbrukumus no zieme\u013ciem, Ukraina ir smagi m\u012bn\u0113jusi pierobe\u017eas zonas da\u013cas.<\/p>\n<p>Varas iest\u0101des zi\u0146oja par v\u0113l vienu ar m\u012bn\u0101m saist\u012btu incidentu net\u0101lu eso\u0161\u0101 me\u017e\u0101, kur viens v\u012brietis tika ievainots un aizvests uz slimn\u012bcu.<\/p>\n<p>Policija atg\u0101din\u0101ja, ka ir izliktas br\u012bdin\u0101juma z\u012bmes un ka civiliedz\u012bvot\u0101jiem ir aizliegts ierasties zon\u0101 l\u012bdz 30 kilometru att\u0101lumam no valsts robe\u017eas.<\/p>\n<p>                    Valodas k\u013c\u016bda rakst\u0101?<\/p>\n<p class=\"d-none d-md-block\">Iez\u012bm\u0113jiet tekstu un spiediet Ctrl+Enter, lai nos\u016bt\u012btu labojamo teksta fragmentu redaktoram! Par faktu k\u013c\u016bd\u0101m l\u016bdzam zi\u0146ot e-past\u0101 <a href=\"https:\/\/www.lsm.lv\/cdn-cgi\/l\/email-protection\" class=\"__cf_email__\" data-cfemail=\"d0a2b5b4b1bbb3b9bab190bca3bdfebca6\" rel=\"nofollow noopener\" target=\"_blank\">[email\u00a0protected]<\/a>.<\/p>\n<p class=\"d-md-none\">Iez\u012bm\u0113jiet tekstu un spiediet uz Zi\u0146ot par k\u013c\u016bdu pogas, lai nos\u016bt\u012btu labojamo teksta fragmentu redaktoram!<\/p>\n<p>\n                    Zi\u0146ot par k\u013c\u016bdu\n                <\/p>\n","protected":false},"excerpt":{"rendered":"Ukrainas zieme\u013cos vismaz pieci cilv\u0113ki ir g\u0101ju\u0161i boj\u0101 un divi ievainoti spr\u0101dzien\u0101, automa\u0161\u012bnai me\u017e\u0101 uzbraucot k\u0101jnieku m\u012bnai, piektdien&hellip;\n","protected":false},"author":2,"featured_media":37306,"comment_status":"","ping_status":"","sticky":false,"template":"","format":"standard","meta":{"footnotes":""},"categories":[14],"tags":[23,57,28,29,32,33,22,30,31,35,39,38,36,37,34,40,20,26,27,24,25,54,55,56,21,58],"class_list":{"0":"post-37305","1":"post","2":"type-post","3":"status-publish","4":"format-standard","5":"has-post-thumbnail","7":"category-zinas-no-arvalstim","8":"tag-aktualitates","9":"tag-arvalstim","10":"tag-breaking-news","11":"tag-breakingnews","12":"tag-featured-news","13":"tag-featurednews","14":"tag-headlines","15":"tag-latest-news","16":"tag-latestnews","17":"tag-latvia","18":"tag-latvian","19":"tag-latviesu","20":"tag-latviesu-valoda","21":"tag-latviesuvaloda","22":"tag-latvija","23":"tag-lv","24":"tag-news","25":"tag-popularakas-zinas","26":"tag-popularakaszinas","27":"tag-top-stories","28":"tag-topstories","29":"tag-world","30":"tag-world-news","31":"tag-worldnews","32":"tag-zinas","33":"tag-zinas-no-arvalstim"},"share_on_mastodon":{"url":"https:\/\/pubeurope.com\/@lv\/115476297368755042","error":""},"_links":{"self":[{"href":"https:\/\/www.europesays.com\/lv\/wp-json\/wp\/v2\/posts\/37305","targetHints":{"allow":["GET"]}}],"collection":[{"href":"https:\/\/www.europesays.com\/lv\/wp-json\/wp\/v2\/posts"}],"about":[{"href":"https:\/\/www.europesays.com\/lv\/wp-json\/wp\/v2\/types\/post"}],"author":[{"embeddable":true,"href":"https:\/\/www.europesays.com\/lv\/wp-json\/wp\/v2\/users\/2"}],"replies":[{"embeddable":true,"href":"https:\/\/www.europesays.com\/lv\/wp-json\/wp\/v2\/comments?post=37305"}],"version-history":[{"count":0,"href":"https:\/\/www.europesays.com\/lv\/wp-json\/wp\/v2\/posts\/37305\/revisions"}],"wp:featuredmedia":[{"embeddable":true,"href":"https:\/\/www.europesays.com\/lv\/wp-json\/wp\/v2\/media\/37306"}],"wp:attachment":[{"href":"https:\/\/www.europesays.com\/lv\/wp-json\/wp\/v2\/media?parent=37305"}],"wp:term":[{"taxonomy":"category","embeddable":true,"href":"https:\/\/www.europesays.com\/lv\/wp-json\/wp\/v2\/categories?post=37305"},{"taxonomy":"post_tag","embeddable":true,"href":"https:\/\/www.europesays.com\/lv\/wp-json\/wp\/v2\/tags?post=37305"}],"curies":[{"name":"wp","href":"https:\/\/api.w.org\/{rel}","templated":true}]}}