{"id":37333,"date":"2025-11-01T21:09:15","date_gmt":"2025-11-01T21:09:15","guid":{"rendered":"https:\/\/www.europesays.com\/lv\/37333\/"},"modified":"2025-11-01T21:09:15","modified_gmt":"2025-11-01T21:09:15","slug":"hibriddraudu-apkarosana-prasa-ciesaku-sadarbibu-lente-lv","status":"publish","type":"post","link":"https:\/\/www.europesays.com\/lv\/37333\/","title":{"rendered":"Hibr\u012bddraudu apkaro\u0161ana prasa cie\u0161\u0101ku sadarb\u012bbu\u00a0\u2014\u00a0Lente.lv"},"content":{"rendered":"<p>Lietuvas premjere pirmaj\u0101 darba viz\u012bt\u0113 Latvij\u0101: Stiprin\u0101ma sadarb\u012bba hibr\u012bddraudu apkaro\u0161an\u0101<\/p>\n<p>Lietuvas Republikas premjerministre Ingr\u012bda \u0160imon\u012bte \u0161oned\u0113\u013c apmekl\u0113 Latviju pirmaj\u0101 ofici\u0101laj\u0101 darba viz\u012bt\u0113 kop\u0161 st\u0101\u0161an\u0101s amat\u0101 2025. gada august\u0101. \u0160\u012b viz\u012bte uzsver abu Baltijas valstu cie\u0161o un v\u0113sturisko saikni, k\u0101 ar\u012b nepiecie\u0161am\u012bbu padzi\u013cin\u0101t kop\u012bgo darbu, \u012bpa\u0161i hibr\u012bddraudu apkaro\u0161anas jom\u0101.<\/p>\n<p>Jaunas perspekt\u012bvas un eso\u0161\u0101s sadarb\u012bbas stiprin\u0101\u0161ana<\/p>\n<p>Premjerministres viz\u012bte, kas ir vi\u0146as tre\u0161\u0101 \u0101rvalstu darba brauciens kop\u0161 st\u0101\u0161an\u0101s premjera amat\u0101, simboliz\u0113 ne tikai form\u0101lu attiec\u012bbu uztur\u0113\u0161anu, bet ar\u012b akt\u012bvu gatav\u012bbu risin\u0101t kop\u012bgus izaicin\u0101jumus. Tik\u0161an\u0101s laik\u0101 ar Latvijas kol\u0113\u0123i tika uzsv\u0113rts, ka abu valstu sadarb\u012bba ir \u013coti cie\u0161a un augl\u012bga, tom\u0113r past\u0101v skaidra ap\u0146em\u0161an\u0101s to v\u0113l vair\u0101k stiprin\u0101t. Fokuss ir uz strat\u0113\u0123iski svar\u012bgiem dro\u0161\u012bbas jaut\u0101jumiem, kur abu valstu pieredze un resursi var sniegt b\u016btisku pienesumu.<\/p>\n<p>Hibr\u012bddraudi \u2013 kop\u012bgais frontes l\u012bnija<\/p>\n<p>\u012apa\u0161a uzman\u012bba viz\u012btes laik\u0101 tika piev\u0113rsta hibr\u012bddraudu apkaro\u0161anai. \u0160ie draudi, kas bie\u017ei vien ir neman\u0101mi un izvair\u012bgi, rada nopietnus riskus gan valstu, gan sabiedr\u012bbas dro\u0161\u012bbai. Tie var ietvert dezinform\u0101cijas kampa\u0146as, kiberuzbrukumus, ener\u0123\u0113tisk\u0101s vai ekonomisk\u0101s manipul\u0101cijas un citus pas\u0101kumus, kuru m\u0113r\u0137is ir destabiliz\u0113t valsti. Lietuva un Latvija, atrodoties \u0123eopolitiski jut\u012bg\u0101 re\u0123ion\u0101, ir \u012bpa\u0161i pak\u013cautas \u0161\u0101diem uzbrukumiem. T\u0101d\u0113\u013c ir vit\u0101li svar\u012bgi apvienot sp\u0113kus, dal\u012bties inform\u0101cij\u0101 un izstr\u0101d\u0101t kop\u012bgas strat\u0113\u0123ijas, lai efekt\u012bvi aizst\u0101v\u0113tos. K\u0101 uzsv\u0113ra premjeres, \u0161\u0101du draudu apkaro\u0161an\u0101 svar\u012bga ir ne tikai valsts, bet ar\u012b katra pilso\u0146a modr\u012bba un digit\u0101l\u0101 prat\u012bba.<\/p>\n<blockquote>\n<p>M\u016bsu kop\u012bg\u0101 atbild\u012bba ir nodro\u0161in\u0101t dro\u0161u un stabilu vidi m\u016bsu pilso\u0146iem. Hibr\u012bddraudi ir m\u016bsdienu izaicin\u0101jums, kas prasa m\u016bsu nep\u0101rtrauktu modr\u012bbu un koordin\u0113tu r\u012bc\u012bbu.<\/p>\n<\/blockquote>\n<p>Latvijas un Lietuvas draudz\u012bbas un sadarb\u012bbas pamati<\/p>\n<p>Latvijas un Lietuvas attiec\u012bbas vienm\u0113r ir biju\u0161as balst\u012btas uz savstarp\u0113ju cie\u0146u, kop\u012bgu v\u0113stures izpratni un vienotiem m\u0113r\u0137iem re\u0123iona dro\u0161\u012bb\u0101 un att\u012bst\u012bb\u0101. \u0160\u012b viz\u012bte apliecina, ka \u0161\u012bs draudz\u012bbas pamati ir stingri un gatavi piel\u0101goties jaun\u0101m realit\u0101t\u0113m. Abas valstis ir NATO un Eiropas Savien\u012bbas dal\u012bbvalstis, kas sniedz papildu dro\u0161\u012bbas garantijas un platformu cie\u0161\u0101kai sadarb\u012bbai da\u017e\u0101d\u0101s jom\u0101s \u2013 no aizsardz\u012bbas un ener\u0123\u0113tikas l\u012bdz kult\u016brai un izgl\u012bt\u012bbai. Turpm\u0101k\u0101 sadarb\u012bba \u0161ajos virzienos ir ne tikai valstu, bet visas Baltijas re\u0123iona intere\u0161u nodro\u0161in\u0101\u0161ana.<\/p>\n<p>N\u0101kotnes perspekt\u012bvas un kop\u012bgie so\u013ci<\/p>\n<p>Lai gan viz\u012btes m\u0113r\u0137is bija stiprin\u0101t eso\u0161\u0101s attiec\u012bbas un defin\u0113t priorit\u0101tes turpm\u0101kai sadarb\u012bbai, t\u0101 ar\u012b iez\u012bm\u0113ja skaidru virzienu uz n\u0101kotni. Tika pausts nodoms turpin\u0101t dialogu un mekl\u0113t jaunus sadarb\u012bbas form\u0101tus, lai v\u0113l efekt\u012bv\u0101k risin\u0101tu gan dro\u0161\u012bbas, gan citus ar re\u0123iona att\u012bst\u012bbu saist\u012btus jaut\u0101jumus. Gan Latvijas, gan Lietuvas vald\u012bbas ir ap\u0146\u0113mu\u0161\u0101s \u0161o dinamiku uztur\u0113t un att\u012bst\u012bt, lai Baltijas valstis kop\u0101 sp\u0113tu stabili un p\u0101rliecino\u0161i virz\u012bties uz priek\u0161u, saskaroties ar jebkuriem izaicin\u0101jumiem.<\/p>\n","protected":false},"excerpt":{"rendered":"Lietuvas premjere pirmaj\u0101 darba viz\u012bt\u0113 Latvij\u0101: Stiprin\u0101ma sadarb\u012bba hibr\u012bddraudu apkaro\u0161an\u0101 Lietuvas Republikas premjerministre Ingr\u012bda \u0160imon\u012bte \u0161oned\u0113\u013c apmekl\u0113 Latviju&hellip;\n","protected":false},"author":2,"featured_media":37334,"comment_status":"","ping_status":"","sticky":false,"template":"","format":"standard","meta":{"footnotes":""},"categories":[5],"tags":[23,28,29,32,33,22,10932,10931,30,31,35,39,38,36,37,34,10791,40,20,26,27,200,24,25,21],"class_list":{"0":"post-37333","1":"post","2":"type-post","3":"status-publish","4":"format-standard","5":"has-post-thumbnail","7":"category-aktualitates","8":"tag-aktualitates","9":"tag-breaking-news","10":"tag-breakingnews","11":"tag-featured-news","12":"tag-featurednews","13":"tag-headlines","14":"tag-hibriddraudi","15":"tag-ingrida-simonite","16":"tag-latest-news","17":"tag-latestnews","18":"tag-latvia","19":"tag-latvian","20":"tag-latviesu","21":"tag-latviesu-valoda","22":"tag-latviesuvaloda","23":"tag-latvija","24":"tag-lietuvas-premjere","25":"tag-lv","26":"tag-news","27":"tag-popularakas-zinas","28":"tag-popularakaszinas","29":"tag-sadarbiba","30":"tag-top-stories","31":"tag-topstories","32":"tag-zinas"},"share_on_mastodon":{"url":"https:\/\/pubeurope.com\/@lv\/115476493978240842","error":""},"_links":{"self":[{"href":"https:\/\/www.europesays.com\/lv\/wp-json\/wp\/v2\/posts\/37333","targetHints":{"allow":["GET"]}}],"collection":[{"href":"https:\/\/www.europesays.com\/lv\/wp-json\/wp\/v2\/posts"}],"about":[{"href":"https:\/\/www.europesays.com\/lv\/wp-json\/wp\/v2\/types\/post"}],"author":[{"embeddable":true,"href":"https:\/\/www.europesays.com\/lv\/wp-json\/wp\/v2\/users\/2"}],"replies":[{"embeddable":true,"href":"https:\/\/www.europesays.com\/lv\/wp-json\/wp\/v2\/comments?post=37333"}],"version-history":[{"count":0,"href":"https:\/\/www.europesays.com\/lv\/wp-json\/wp\/v2\/posts\/37333\/revisions"}],"wp:featuredmedia":[{"embeddable":true,"href":"https:\/\/www.europesays.com\/lv\/wp-json\/wp\/v2\/media\/37334"}],"wp:attachment":[{"href":"https:\/\/www.europesays.com\/lv\/wp-json\/wp\/v2\/media?parent=37333"}],"wp:term":[{"taxonomy":"category","embeddable":true,"href":"https:\/\/www.europesays.com\/lv\/wp-json\/wp\/v2\/categories?post=37333"},{"taxonomy":"post_tag","embeddable":true,"href":"https:\/\/www.europesays.com\/lv\/wp-json\/wp\/v2\/tags?post=37333"}],"curies":[{"name":"wp","href":"https:\/\/api.w.org\/{rel}","templated":true}]}}