{"id":3738,"date":"2025-09-24T12:50:11","date_gmt":"2025-09-24T12:50:11","guid":{"rendered":"https:\/\/www.europesays.com\/lv\/3738\/"},"modified":"2025-09-24T12:50:11","modified_gmt":"2025-09-24T12:50:11","slug":"septembra-izskana-bus-parsvara-sauss-laiks","status":"publish","type":"post","link":"https:\/\/www.europesays.com\/lv\/3738\/","title":{"rendered":"Septembra izska\u0146\u0101 b\u016bs p\u0101rsvar\u0101 sauss laiks"},"content":{"rendered":"<p>Zem\u0101k\u0101 gaisa temperat\u016bra gaid\u0101ma nakt\u012b uz ceturtdienu, 25.septembri, kad viet\u0101m &#8211; galvenok\u0101rt valsts austrumos &#8211; t\u0101 nosl\u012bd\u0113s gr\u0101du zem nulles. Ceturtdiena b\u016bs p\u0101rsvar\u0101 saulaina, m\u0101ko\u0146ain\u0101ka Kurzem\u0113, un gaisa temperat\u016bra p\u0113cpusdien\u0101 sasniegs +12..+16 gr\u0101dus.<\/p>\n<p>Septembra p\u0113d\u0113j\u0101s piec\u0101s diennakt\u012bs gaid\u0101ms main\u012bgs m\u0101ko\u0146u daudzums, bez nokri\u0161\u0146iem. P\u016b\u0161ot l\u0113nam v\u0113jam, nakts un r\u012bta stund\u0101s da\u017eviet veidosies migla. Gaisa temperat\u016bra nakt\u012bs galvenok\u0101rt pazemin\u0101sies l\u012bdz +2..+10 gr\u0101diem, maksim\u0101l\u0101 temperat\u016bra p\u0113cpusdien\u0101s b\u016bs +13..+18 gr\u0101di.<\/p>\n<p>Visticam\u0101k, l\u012bdz\u012bgi <a href=\"https:\/\/www.apollo.lv\/term\/570679\/laikapstakli\" class=\"topicLink\" target=\"_blank\" rel=\"nofollow noopener\">laikapst\u0101k\u013ci<\/a> saglab\u0101sies ar\u012b oktobra s\u0101kum\u0101, iesp\u0113jamas da\u017eas silt\u0101kas dienas.<\/p>\n","protected":false},"excerpt":{"rendered":"Zem\u0101k\u0101 gaisa temperat\u016bra gaid\u0101ma nakt\u012b uz ceturtdienu, 25.septembri, kad viet\u0101m &#8211; galvenok\u0101rt valsts austrumos &#8211; t\u0101 nosl\u012bd\u0113s gr\u0101du&hellip;\n","protected":false},"author":2,"featured_media":3739,"comment_status":"","ping_status":"","sticky":false,"template":"","format":"standard","meta":{"footnotes":""},"categories":[12],"tags":[23,28,29,32,33,22,1811,396,397,30,31,35,39,38,36,37,34,40,20,26,27,155,24,25,21],"class_list":{"0":"post-3738","1":"post","2":"type-post","3":"status-publish","4":"format-standard","5":"has-post-thumbnail","7":"category-latvija","8":"tag-aktualitates","9":"tag-breaking-news","10":"tag-breakingnews","11":"tag-featured-news","12":"tag-featurednews","13":"tag-headlines","14":"tag-laika-zina","15":"tag-laika-zinas","16":"tag-laikapstakli","17":"tag-latest-news","18":"tag-latestnews","19":"tag-latvia","20":"tag-latvian","21":"tag-latviesu","22":"tag-latviesu-valoda","23":"tag-latviesuvaloda","24":"tag-latvija","25":"tag-lv","26":"tag-news","27":"tag-popularakas-zinas","28":"tag-popularakaszinas","29":"tag-rudens","30":"tag-top-stories","31":"tag-topstories","32":"tag-zinas"},"share_on_mastodon":{"url":"","error":""},"_links":{"self":[{"href":"https:\/\/www.europesays.com\/lv\/wp-json\/wp\/v2\/posts\/3738","targetHints":{"allow":["GET"]}}],"collection":[{"href":"https:\/\/www.europesays.com\/lv\/wp-json\/wp\/v2\/posts"}],"about":[{"href":"https:\/\/www.europesays.com\/lv\/wp-json\/wp\/v2\/types\/post"}],"author":[{"embeddable":true,"href":"https:\/\/www.europesays.com\/lv\/wp-json\/wp\/v2\/users\/2"}],"replies":[{"embeddable":true,"href":"https:\/\/www.europesays.com\/lv\/wp-json\/wp\/v2\/comments?post=3738"}],"version-history":[{"count":0,"href":"https:\/\/www.europesays.com\/lv\/wp-json\/wp\/v2\/posts\/3738\/revisions"}],"wp:featuredmedia":[{"embeddable":true,"href":"https:\/\/www.europesays.com\/lv\/wp-json\/wp\/v2\/media\/3739"}],"wp:attachment":[{"href":"https:\/\/www.europesays.com\/lv\/wp-json\/wp\/v2\/media?parent=3738"}],"wp:term":[{"taxonomy":"category","embeddable":true,"href":"https:\/\/www.europesays.com\/lv\/wp-json\/wp\/v2\/categories?post=3738"},{"taxonomy":"post_tag","embeddable":true,"href":"https:\/\/www.europesays.com\/lv\/wp-json\/wp\/v2\/tags?post=3738"}],"curies":[{"name":"wp","href":"https:\/\/api.w.org\/{rel}","templated":true}]}}