{"id":37415,"date":"2025-11-02T02:31:09","date_gmt":"2025-11-02T02:31:09","guid":{"rendered":"https:\/\/www.europesays.com\/lv\/37415\/"},"modified":"2025-11-02T02:31:09","modified_gmt":"2025-11-02T02:31:09","slug":"wta-finals-turnirs-sakas-ar-svjontekas-un-ribakinas-uzvaram-tvnet-sports","status":"publish","type":"post","link":"https:\/\/www.europesays.com\/lv\/37415\/","title":{"rendered":"&quot;WTA Finals&quot; turn\u012brs s\u0101kas ar \u0160vjontekas un Ribakinas uzvar\u0101m &#8211; TVNET Sports"},"content":{"rendered":"<ol>\n<li><a href=\"https:\/\/news.google.com\/rss\/articles\/CBMilgFBVV95cUxQbkFkS2c1Y0lnc1NmNjZrQVRVZXJ0Qk5lb3FSbXNabm1PTm94RWFDaTdqOWloVjk4SDlENS1FZVpfczVRUkF2aVN5Rl9QQVlKTlpmLXl0TGRkUzBSXzF5ZWJMOUZhZHZhRzVpN0FaQ24wdzlyTVhsQUlONkFKQVBhWmRBU2d5SzhIeXZvTVcxVkxQV0xjZ1E?oc=5\" target=\"_blank\" rel=\"nofollow noopener\">&#8220;WTA Finals&#8221; turn\u012brs s\u0101kas ar \u0160vjontekas un Ribakinas uzvar\u0101m<\/a>&nbsp;&nbsp;TVNET Sports<\/li>\n<li><a href=\"https:\/\/news.google.com\/rss\/articles\/CBMirAFBVV95cUxOT0RUbHZHS2YzcXZ4SkNTZ3otRWdGVUVGMVBBdTlKUFQwTmRZb3VkcFR6ZjVNcGNqT3VGM2tzR2JYaHBUUTZlWENIcGFQbF81WnFHYkhkazJ1c2JDLUdGcXNiZVdjcUIySEdWcTk0QWVQUWF6WVd0OTNGYzcyZ3M0U1pMYk5za2pFTGVGV01nYmlMQXBWTDRXSm52THBPUVFjNFpUVEVEenF0MVN1?oc=5\" target=\"_blank\" rel=\"nofollow noopener\">Ostapenko p\u0101r\u012b ar Sji s\u0101k &#8220;WTA Finals&#8221; turn\u012bru ar uzvaru<\/a>&nbsp;&nbsp;Delfi<\/li>\n<li><a href=\"https:\/\/news.google.com\/rss\/articles\/CBMi6AFBVV95cUxPSDNYMk9maE9YbVVRUE1nVXFhemNaejdfSGlBbU9idE9UMjE4bmFMSW9mYkFMX0hVSDRPeTdPNHVrMV90TVpRY3BhMzJOaDNXekhZeUlBUnhndlZqQWplT25EUzMtazlUX3dsVy0tTHM2T3gyQmRoM3QzS1RSeWZ1cG1NQnNKVWc4bTVYeWlNZ0hycjZiX2xCdEJzT09faXNlMXoxS2FFU2tUdGd1MVhoUklfRC00dmw5bmtwT0N2eXhnZjI1ZmpYUXZtUWRKdXlkMGh1UnZGeXZHZ3ZSR0xfN1ZGbm0walpP?oc=5\" target=\"_blank\" rel=\"nofollow noopener\">Ostapenko tenisa sezonas nosl\u0113guma turn\u012bru dubultsp\u0113l\u0113 s\u0101k ar uzvaru p\u0101r Vimbldonas \u010dempion\u0113m<\/a>&nbsp;&nbsp;LSM<\/li>\n<li><a href=\"https:\/\/news.google.com\/rss\/articles\/CBMimwFBVV95cUxPZGttR0VHVHY2OHNIZzBuNFc4VHZtMGE0UldidnhhNmZiYU12bXI2QVk4dndXLXo0NnhJbWpCSjRILUNhcVFkZnRtMUZtYzdhLTJZSzBKU3BGS1piVlVzTWJPUjRMYVdiVkhraVEyMTM2NS1oRmw0QlEta2ZCa3ZkdlRlTHFfeTVDVWdoaGpIV0lIcXQ3NHNFY3U3Zw?oc=5\" target=\"_blank\" rel=\"nofollow noopener\">WTA fin\u0101lturn\u012br\u0101 Ostapenko\/\u0160ei s\u0101k ar gr\u016btu uzvaru \u2013 Teniss<\/a>&nbsp;&nbsp;Sportacentrs.com<\/li>\n<li><a href=\"https:\/\/news.google.com\/rss\/articles\/CBMipwFBVV95cUxNTDZfYVhsaThzX2lNNElJVzBKUXZsQ2dhODdGU3o1NFA0Y2wtbnNPZkdPZnozSzZHTnF6VnhNSzJlcEs3UnVCc25wVVZyR3BUSkZsbk5YVlN2TVFmcHNOX0JkeEE1UGJEVEdZaUNLdmNETVJCanBrVk5UUlRmYk10ZW5ad184amowMXdDMGxSTHVHUjZYbnpHWDBacFRTZnZPYWZMSVhWNA?oc=5\" target=\"_blank\" rel=\"nofollow noopener\">Ostapenko un \u0160ei sestdien start\u0113 WTA fin\u0101lturn\u012br\u0101 dubultsp\u0113l\u0113s<\/a>&nbsp;&nbsp;Lente.lv<\/li>\n<\/ol>\n","protected":false},"excerpt":{"rendered":"&#8220;WTA Finals&#8221; turn\u012brs s\u0101kas ar \u0160vjontekas un Ribakinas uzvar\u0101m&nbsp;&nbsp;TVNET Sports Ostapenko p\u0101r\u012b ar Sji s\u0101k &#8220;WTA Finals&#8221; turn\u012bru&hellip;\n","protected":false},"author":2,"featured_media":37416,"comment_status":"","ping_status":"","sticky":false,"template":"","format":"standard","meta":{"footnotes":""},"categories":[5],"tags":[23,28,29,32,33,22,30,31,35,39,38,36,37,34,40,20,26,27,941,683,24,25,939,21],"class_list":{"0":"post-37415","1":"post","2":"type-post","3":"status-publish","4":"format-standard","5":"has-post-thumbnail","7":"category-aktualitates","8":"tag-aktualitates","9":"tag-breaking-news","10":"tag-breakingnews","11":"tag-featured-news","12":"tag-featurednews","13":"tag-headlines","14":"tag-latest-news","15":"tag-latestnews","16":"tag-latvia","17":"tag-latvian","18":"tag-latviesu","19":"tag-latviesu-valoda","20":"tag-latviesuvaloda","21":"tag-latvija","22":"tag-lv","23":"tag-news","24":"tag-popularakas-zinas","25":"tag-popularakaszinas","26":"tag-sieviesu-teniss","27":"tag-teniss","28":"tag-top-stories","29":"tag-topstories","30":"tag-wta","31":"tag-zinas"},"share_on_mastodon":{"url":"https:\/\/pubeurope.com\/@lv\/115477760106784223","error":""},"_links":{"self":[{"href":"https:\/\/www.europesays.com\/lv\/wp-json\/wp\/v2\/posts\/37415","targetHints":{"allow":["GET"]}}],"collection":[{"href":"https:\/\/www.europesays.com\/lv\/wp-json\/wp\/v2\/posts"}],"about":[{"href":"https:\/\/www.europesays.com\/lv\/wp-json\/wp\/v2\/types\/post"}],"author":[{"embeddable":true,"href":"https:\/\/www.europesays.com\/lv\/wp-json\/wp\/v2\/users\/2"}],"replies":[{"embeddable":true,"href":"https:\/\/www.europesays.com\/lv\/wp-json\/wp\/v2\/comments?post=37415"}],"version-history":[{"count":0,"href":"https:\/\/www.europesays.com\/lv\/wp-json\/wp\/v2\/posts\/37415\/revisions"}],"wp:featuredmedia":[{"embeddable":true,"href":"https:\/\/www.europesays.com\/lv\/wp-json\/wp\/v2\/media\/37416"}],"wp:attachment":[{"href":"https:\/\/www.europesays.com\/lv\/wp-json\/wp\/v2\/media?parent=37415"}],"wp:term":[{"taxonomy":"category","embeddable":true,"href":"https:\/\/www.europesays.com\/lv\/wp-json\/wp\/v2\/categories?post=37415"},{"taxonomy":"post_tag","embeddable":true,"href":"https:\/\/www.europesays.com\/lv\/wp-json\/wp\/v2\/tags?post=37415"}],"curies":[{"name":"wp","href":"https:\/\/api.w.org\/{rel}","templated":true}]}}