{"id":37450,"date":"2025-11-02T04:51:07","date_gmt":"2025-11-02T04:51:07","guid":{"rendered":"https:\/\/www.europesays.com\/lv\/37450\/"},"modified":"2025-11-02T04:51:07","modified_gmt":"2025-11-02T04:51:07","slug":"bauskas-notikumi-ir-signals-par-tuvojosos-tragediju-un-sabiedribas-vardarbibas-kari-lente-lv","status":"publish","type":"post","link":"https:\/\/www.europesays.com\/lv\/37450\/","title":{"rendered":"Bauskas notikumi ir sign\u0101ls par tuvojo\u0161os tra\u0123\u0113diju un sabiedr\u012bbas vardarb\u012bbas k\u0101ri\u00a0\u2014\u00a0Lente.lv"},"content":{"rendered":"<p>Rajevska br\u012bdin\u0101jums: Vardarb\u012bbas k\u0101re sabiedr\u012bb\u0101 un tra\u0123\u0113dijas tuvo\u0161an\u0101s<\/p>\n<p>Politologs Filips Rajevskis pau\u017e dzi\u013cas ba\u017eas par notikumiem Bauskas novad\u0101, kur atrasti no\u0161auti su\u0146i. Vi\u0146a skat\u012bjum\u0101 \u0161is gad\u012bjums nav vien izol\u0113ts akts, bet gan satrauco\u0161s sign\u0101ls par uzkr\u0101ju\u0161os vardarb\u012bbas alk\u0101m sabiedr\u012bb\u0101, kas var signaliz\u0113t par priek\u0161\u0101 st\u0101vo\u0161u tra\u0123\u0113diju.<\/p>\n<p>Rajevskis TV24 raid\u012bjum\u0101 pauda, ka sabiedr\u012bb\u0101 j\u016btama \u201cuzkr\u0101ta k\u0101re p\u0113c vardarb\u012bbas\u201d, kas, vi\u0146apr\u0101t, ir \u013coti bied\u0113jo\u0161a tendence. \u0160\u0101di notikumi, k\u0101 tra\u0123\u0113dija Bauskas novad\u0101, kalpo k\u0101 spogulis, atspogu\u013cojot dzi\u013c\u0101kas probl\u0113mas, kas s\u0101k mud\u017e\u0113t zem sabiedr\u012bbas virsmas. Vi\u0146\u0161 uzsver, ka \u0161\u0101du gad\u012bjumu ignor\u0113\u0161ana vai nov\u0113rt\u0113\u0161ana par zemu var\u0113tu novest pie v\u0113l liel\u0101k\u0101m, neprognoz\u0113jam\u0101m sek\u0101m.<\/p>\n<p>Neatbild\u012bg\u0101s r\u012bc\u012bbas sekas un mor\u0101lais pagrimums<\/p>\n<p>Bauskas novad\u0101 notiku\u0161ais ir \u0161ok\u0113jis daudzus. Atrastie no\u0161autie su\u0146i ir ne tikai zv\u0113r\u012bga r\u012bc\u012bba, bet ar\u012b nor\u0101da uz dzi\u013cu mor\u0101lo pagrimumu un atbild\u012bbas tr\u016bkumu pret dz\u012bv\u0101m rad\u012bb\u0101m. \u0160\u0101das darb\u012bbas rada jaut\u0101jumus par indiv\u012bdu psiholo\u0123isko st\u0101vokli un vi\u0146u sp\u0113ju l\u012bdzciest un emp\u0101tiju. Politologs br\u012bdina, ka \u0161\u0101ds cinisms un vienaldz\u012bba pret dz\u012bv\u012bbu var izpausties ar\u012b cit\u0101s dz\u012bves jom\u0101s, radot b\u012bstamu precedentu.<\/p>\n<p>Speci\u0101lists nor\u0101da, ka katrs \u0161\u0101ds gad\u012bjums, kas paliek bez pien\u0101c\u012bgas izmekl\u0113\u0161anas un sek\u0101m, veicina saj\u016btu, ka vardarb\u012bba ir pie\u0146emama vai vismaz sod\u0101ma tikai tad, ja t\u0101 sasniedz noteiktu slieksni. Tas ir k\u0101 maza plaisa, kas var k\u013c\u016bt par lielu plaisu, ja to nepaman\u0101m un neremont\u0113jam laic\u012bgi. Sabiedr\u012bbas reakcija uz \u0161\u0101diem notikumiem ir \u013coti svar\u012bga. Ja cilv\u0113ki ir vienaldz\u012bgi, tas dod za\u013co gaismu t\u0101l\u0101kai vardarb\u012bbas izplat\u012bbai.<\/p>\n<p>Sabiedr\u012bbas iesaiste un profilakses noz\u012bme<\/p>\n<p>Lai nov\u0113rstu turpm\u0101kas tra\u0123\u0113dijas, ir nepiecie\u0161ama pla\u0161\u0101ka sabiedr\u012bbas iesaiste un akt\u012bv\u0101ka r\u012bc\u012bba. Rajevskis uzsver, ka sabiedr\u012bbai nevajadz\u0113tu palikt vienaldz\u012bgai. T\u0101 viet\u0101 ir j\u0101run\u0101 par \u0161\u012bm probl\u0113m\u0101m, j\u0101mekl\u0113 risin\u0101jumi un j\u0101prasa atbild\u012bba no tiem, kas demonstr\u0113 ant-soci\u0101lu uzved\u012bbu. Ir svar\u012bgi veicin\u0101t izpratni par dz\u012bvnieku labtur\u012bbu un cie\u0146pilnu attieksmi pret vis\u0101m dz\u012bv\u0101m b\u016btn\u0113m jau no mazotnes. \u0160\u012b ir ilgtermi\u0146a invest\u012bcija dro\u0161\u0101k\u0101 un hum\u0101n\u0101k\u0101 n\u0101kotn\u0113.<\/p>\n<p>Ir j\u0101dom\u0101 par prevent\u012bviem pas\u0101kumiem, kas pal\u012bdz\u0113tu identific\u0113t un risin\u0101t probl\u0113mas pirms t\u0101s saasin\u0101s. Tas var\u0113tu ietvert psiholo\u0123isk\u0101 atbalsta pieejam\u012bbas uzlabo\u0161anu, inform\u0101cijas kampa\u0146u r\u012bko\u0161anu par vardarb\u012bbas sek\u0101m un sabiedr\u012bbas iesaist\u012b\u0161anu dz\u012bvnieku aizsardz\u012bbas jaut\u0101jumos. Tikai kop\u012bgiem sp\u0113kiem m\u0113s varam rad\u012bt vidi, kur\u0101 vardarb\u012bbai nav vietas un kur\u0101 katra dz\u012bv\u012bba tiek cien\u012bta.<\/p>\n","protected":false},"excerpt":{"rendered":"Rajevska br\u012bdin\u0101jums: Vardarb\u012bbas k\u0101re sabiedr\u012bb\u0101 un tra\u0123\u0113dijas tuvo\u0161an\u0101s Politologs Filips Rajevskis pau\u017e dzi\u013cas ba\u017eas par notikumiem Bauskas novad\u0101,&hellip;\n","protected":false},"author":2,"featured_media":37451,"comment_status":"","ping_status":"","sticky":false,"template":"","format":"standard","meta":{"footnotes":""},"categories":[5],"tags":[23,6879,28,29,8140,32,33,10964,22,30,31,35,39,38,36,37,34,40,20,26,27,10965,24,25,899,21],"class_list":{"0":"post-37450","1":"post","2":"type-post","3":"status-publish","4":"format-standard","5":"has-post-thumbnail","7":"category-aktualitates","8":"tag-aktualitates","9":"tag-bauskas-novads","10":"tag-breaking-news","11":"tag-breakingnews","12":"tag-dzivnieku-aizsardziba","13":"tag-featured-news","14":"tag-featurednews","15":"tag-filips-rajevskis","16":"tag-headlines","17":"tag-latest-news","18":"tag-latestnews","19":"tag-latvia","20":"tag-latvian","21":"tag-latviesu","22":"tag-latviesu-valoda","23":"tag-latviesuvaloda","24":"tag-latvija","25":"tag-lv","26":"tag-news","27":"tag-popularakas-zinas","28":"tag-popularakaszinas","29":"tag-sabiedribas-problemas","30":"tag-top-stories","31":"tag-topstories","32":"tag-vardarbiba","33":"tag-zinas"},"share_on_mastodon":{"url":"https:\/\/pubeurope.com\/@lv\/115478310665204554","error":""},"_links":{"self":[{"href":"https:\/\/www.europesays.com\/lv\/wp-json\/wp\/v2\/posts\/37450","targetHints":{"allow":["GET"]}}],"collection":[{"href":"https:\/\/www.europesays.com\/lv\/wp-json\/wp\/v2\/posts"}],"about":[{"href":"https:\/\/www.europesays.com\/lv\/wp-json\/wp\/v2\/types\/post"}],"author":[{"embeddable":true,"href":"https:\/\/www.europesays.com\/lv\/wp-json\/wp\/v2\/users\/2"}],"replies":[{"embeddable":true,"href":"https:\/\/www.europesays.com\/lv\/wp-json\/wp\/v2\/comments?post=37450"}],"version-history":[{"count":0,"href":"https:\/\/www.europesays.com\/lv\/wp-json\/wp\/v2\/posts\/37450\/revisions"}],"wp:featuredmedia":[{"embeddable":true,"href":"https:\/\/www.europesays.com\/lv\/wp-json\/wp\/v2\/media\/37451"}],"wp:attachment":[{"href":"https:\/\/www.europesays.com\/lv\/wp-json\/wp\/v2\/media?parent=37450"}],"wp:term":[{"taxonomy":"category","embeddable":true,"href":"https:\/\/www.europesays.com\/lv\/wp-json\/wp\/v2\/categories?post=37450"},{"taxonomy":"post_tag","embeddable":true,"href":"https:\/\/www.europesays.com\/lv\/wp-json\/wp\/v2\/tags?post=37450"}],"curies":[{"name":"wp","href":"https:\/\/api.w.org\/{rel}","templated":true}]}}