{"id":37453,"date":"2025-11-02T04:57:20","date_gmt":"2025-11-02T04:57:20","guid":{"rendered":"https:\/\/www.europesays.com\/lv\/37453\/"},"modified":"2025-11-02T04:57:20","modified_gmt":"2025-11-02T04:57:20","slug":"darba-vietas-latvija-82-smagi-un-8-letali-negadijumi-pusgada-vdi-uzsak-kampanu-drosibai-lente-lv","status":"publish","type":"post","link":"https:\/\/www.europesays.com\/lv\/37453\/","title":{"rendered":"Darba viet\u0101s Latvij\u0101 \u2013 82 smagi un 8 let\u0101li negad\u012bjumi pusgad\u0101; VDI uzs\u0101k kampa\u0146u dro\u0161\u012bbai\u00a0\u2014\u00a0Lente.lv"},"content":{"rendered":"<p>Darba dro\u0161\u012bbas izaicin\u0101jumi Latvij\u0101: Nopietni dati par negad\u012bjumiem un VDI kampa\u0146as m\u0113r\u0137i<\/p>\n<p>\u0160\u012b gada pirmaj\u0101 pusgad\u0101 Latvijas darba viet\u0101s re\u0123istr\u0113ti 1080 nelaimes gad\u012bjumi, no kuriem 82 biju\u0161i \u013coti smagi, bet asto\u0146i \u2013 let\u0101li. \u0160ie satrauco\u0161ie skait\u013ci, ko apkopojusi Valsts darba inspekcija (VDI), liecina par nep\u0101rtrauktu nepiecie\u0161am\u012bbu piev\u0113rst pastiprin\u0101tu uzman\u012bbu darba aizsardz\u012bbai. Sal\u012bdzinot ar pag\u0101ju\u0161o gadu, kad kopum\u0101 notika 2312 negad\u012bjumi, no kuriem 250 bija smagi un 25 let\u0101li, redzam, ka probl\u0113ma saglab\u0101jas aktu\u0101la. \u0160\u0101di r\u0101d\u012bt\u0101ji ir dr\u016bms atg\u0101din\u0101jums par to, cik b\u016btiski ir neignor\u0113t dro\u0161\u012bbas pas\u0101kumus.<\/p>\n<p>Kampa\u0146a \u201cEsi dro\u0161s, ka darbs ir dro\u0161s!\u201d \u2013 prevent\u012bvo pas\u0101kumu veicin\u0101\u0161ana<\/p>\n<p>Lai c\u012bn\u012btos pret \u0161o tendenci un vairotu izpratni par dro\u0161as darba vides noz\u012bmi, VDI 23. septembr\u012b plkst. 9:30 VEF kvart\u0101la Sp\u012bdolas z\u0101l\u0113 atkl\u0101j ikgad\u0113jo kampa\u0146u \u201cEsi dro\u0161s, ka darbs ir dro\u0161s!\u201d. Kampa\u0146as galvenais m\u0113r\u0137is ir ne tikai inform\u0113t, bet ar\u012b iedvesmot gan darba dev\u0113jus, gan darbiniekus uz\u0146emties atbild\u012bbu par dro\u0161\u012bbas kult\u016bras veido\u0161anu. \u0160ogad \u012bpa\u0161a uzman\u012bba tiek velt\u012bta traum\u0113jo\u0161iem faktoriem, kas saist\u012bti ar pakri\u0161anu un paklup\u0161anu \u2013 bie\u017ei vien vienk\u0101r\u0161i prevent\u012bvi pas\u0101kumi, piem\u0113ram, pretsl\u012bdes segumi vai uzlabots apgaismojums, var nov\u0113rst nopietnas traumas.<\/p>\n<p>Ekspertu diskusijas un risin\u0101jumi dro\u0161\u0101kai n\u0101kotnei<\/p>\n<p>Kampa\u0146as atkl\u0101\u0161anas pas\u0101kum\u0101 pulc\u0113sies nozares eksperti, politikas veidot\u0101ji un uz\u0146\u0113mumu p\u0101rst\u0101vji, lai diskut\u0113tu par aktu\u0101l\u0101kajiem dro\u0161\u012bbas jaut\u0101jumiem. Paredz\u0113ts debates par efekt\u012bvu prevent\u012bvo pas\u0101kumu ievie\u0161anu, kas pal\u012bdz\u0113tu samazin\u0101t nelaimes gad\u012bjumu skaitu. Diskusij\u0101s piedal\u012bsies labkl\u0101j\u012bbas ministrs Reinis Uzulnieks, VDI direktors Ren\u0101rs L\u016bsis, k\u0101 ar\u012b citi atbild\u012bgie speci\u0101listi no uz\u0146\u0113mumiem un \u0101rstniec\u012bbas iest\u0101d\u0113m. Vi\u0146i dal\u012bsies ar savu pieredzi un mekl\u0113s kop\u012bgus risin\u0101jumus, k\u0101 padar\u012bt darba vidi Latvij\u0101 dro\u0161\u0101ku ikvienam darbiniekam.<\/p>\n","protected":false},"excerpt":{"rendered":"Darba dro\u0161\u012bbas izaicin\u0101jumi Latvij\u0101: Nopietni dati par negad\u012bjumiem un VDI kampa\u0146as m\u0113r\u0137i \u0160\u012b gada pirmaj\u0101 pusgad\u0101 Latvijas darba&hellip;\n","protected":false},"author":2,"featured_media":37454,"comment_status":"","ping_status":"","sticky":false,"template":"","format":"standard","meta":{"footnotes":""},"categories":[5],"tags":[23,28,29,10968,32,33,22,30,31,35,39,38,36,37,34,40,10966,20,26,27,10970,24,25,10967,10969,21],"class_list":{"0":"post-37453","1":"post","2":"type-post","3":"status-publish","4":"format-standard","5":"has-post-thumbnail","7":"category-aktualitates","8":"tag-aktualitates","9":"tag-breaking-news","10":"tag-breakingnews","11":"tag-darba-drosiba","12":"tag-featured-news","13":"tag-featurednews","14":"tag-headlines","15":"tag-latest-news","16":"tag-latestnews","17":"tag-latvia","18":"tag-latvian","19":"tag-latviesu","20":"tag-latviesu-valoda","21":"tag-latviesuvaloda","22":"tag-latvija","23":"tag-lv","24":"tag-nelaimes-gadijumi-darba","25":"tag-news","26":"tag-popularakas-zinas","27":"tag-popularakaszinas","28":"tag-preventivie-pasakumi","29":"tag-top-stories","30":"tag-topstories","31":"tag-valsts-darba-inspekcija","32":"tag-vdi-kampana","33":"tag-zinas"},"share_on_mastodon":{"url":"https:\/\/pubeurope.com\/@lv\/115478334241453408","error":""},"_links":{"self":[{"href":"https:\/\/www.europesays.com\/lv\/wp-json\/wp\/v2\/posts\/37453","targetHints":{"allow":["GET"]}}],"collection":[{"href":"https:\/\/www.europesays.com\/lv\/wp-json\/wp\/v2\/posts"}],"about":[{"href":"https:\/\/www.europesays.com\/lv\/wp-json\/wp\/v2\/types\/post"}],"author":[{"embeddable":true,"href":"https:\/\/www.europesays.com\/lv\/wp-json\/wp\/v2\/users\/2"}],"replies":[{"embeddable":true,"href":"https:\/\/www.europesays.com\/lv\/wp-json\/wp\/v2\/comments?post=37453"}],"version-history":[{"count":0,"href":"https:\/\/www.europesays.com\/lv\/wp-json\/wp\/v2\/posts\/37453\/revisions"}],"wp:featuredmedia":[{"embeddable":true,"href":"https:\/\/www.europesays.com\/lv\/wp-json\/wp\/v2\/media\/37454"}],"wp:attachment":[{"href":"https:\/\/www.europesays.com\/lv\/wp-json\/wp\/v2\/media?parent=37453"}],"wp:term":[{"taxonomy":"category","embeddable":true,"href":"https:\/\/www.europesays.com\/lv\/wp-json\/wp\/v2\/categories?post=37453"},{"taxonomy":"post_tag","embeddable":true,"href":"https:\/\/www.europesays.com\/lv\/wp-json\/wp\/v2\/tags?post=37453"}],"curies":[{"name":"wp","href":"https:\/\/api.w.org\/{rel}","templated":true}]}}