{"id":37457,"date":"2025-11-02T05:07:18","date_gmt":"2025-11-02T05:07:18","guid":{"rendered":"https:\/\/www.europesays.com\/lv\/37457\/"},"modified":"2025-11-02T05:07:18","modified_gmt":"2025-11-02T05:07:18","slug":"polijas-iznicinataji-partver-krievijas-izluklidmasinu-jau-treso-reizi-sonedel-jauns-lv","status":"publish","type":"post","link":"https:\/\/www.europesays.com\/lv\/37457\/","title":{"rendered":"Polijas izn\u012bcin\u0101t\u0101ji p\u0101rtver Krievijas izl\u016bklidma\u0161\u012bnu. Jau tre\u0161o reizi \u0161oned\u0113\u013c! &#8211; Jauns.lv"},"content":{"rendered":"<ol>\n<li><a href=\"https:\/\/news.google.com\/rss\/articles\/CBMiuAFBVV95cUxNeTRCYjd5TlhQMGpkenBHYnBWNXZ2SkhCYml2QmVsT3NiYlJsS0tfQUlfRF9seFoxbUpKdWV5c3U5RXBEUFhXcGdBZjZ3S01wTUx5YUlKZXFYaVVEbVRKajZlNEllR3ozSmxpN21qcU5rMHU0TnIxNmd1SWtEVldKeG5QVHVxR19VOThuZ1Vld0NGSGE2YmZDYy1fYjhSRkFZcDY1c1dBN2hORF9yS2ZZYVZOWEpGbnEt?oc=5\" target=\"_blank\" rel=\"nofollow noopener\">Polijas izn\u012bcin\u0101t\u0101ji p\u0101rtver Krievijas izl\u016bklidma\u0161\u012bnu. Jau tre\u0161o reizi \u0161oned\u0113\u013c!<\/a>&nbsp;&nbsp;Jauns.lv<\/li>\n<li><a href=\"https:\/\/news.google.com\/rss\/articles\/CBMiqAFBVV95cUxOWm1acWtWSkNNYlN6azhCNEN6cW9Fd0w2S0czbHoweUh0cmNPbUwyeVJwUzVBeGRjUEJtVDdsdG1iRGh2UUFocTlMRGtrWTJYVE9YN1hLMUJncFN4azNxeGh4Q1hTWk5pN3BwVTZYMDZLc1NBQ213clBlamMtazVpSzlPZU02bEZVOXZtcnN1S081RDJWVEdsSUdrY2h5amRuNUVRckFoNDY?oc=5\" target=\"_blank\" rel=\"nofollow noopener\">Tre\u0161o reizi \u0161oned\u0113\u013c Polijas izn\u012bcin\u0101t\u0101ji p\u0101rtv\u0113ru\u0161i Krievijas izl\u016bklidma\u0161\u012bnu<\/a>&nbsp;&nbsp;TVNET<\/li>\n<li><a href=\"https:\/\/news.google.com\/rss\/articles\/CBMi2AFBVV95cUxPMndISnV4eXJZVEd6OE5LRUJEVGk1VHY2b0FnQTNrcG9xZEs3OVR1TVd3R2NRUFk0cU1JejdEWTlxZ0xiT3A5RUY1Y2ZMNnpLT1l2Vkd6V0lKLS1UY1dtSkF2eXQySEVOa1I2ZUdKY2pIWV9iZ21DZ3Y1RE9GcFZjQ19tUzNQSWY3Nk8yc0h1QVJodDhRU0h6NXVKcjNsNVRpNkx4SDJxcUpfbFVqaEFWVTd0TmxVaUdFUEw5azc1cVd6MTd4MkJDVmNRTkFWblU3U2xTR0Vyc0M?oc=5\" target=\"_blank\" rel=\"nofollow noopener\">Rea\u0123\u0113jot uz Krievijas mas\u012bvo uzbrukumu Ukrainai, Polija pac\u0113lusi gais\u0101 reakt\u012bvos izn\u012bcin\u0101t\u0101jus<\/a>&nbsp;&nbsp;Delfi<\/li>\n<li><a href=\"https:\/\/news.google.com\/rss\/articles\/CBMi1AFBVV95cUxQRjRobzhhb0Z6ZFdyNGVwZnZBTUNQMWY0OS1feGlhQlF2NGVGLWJ6SWtqNTVQTGVpcTRqRU9MTXVHcXBQU2tqak45TjZOTnQ0XzJ5MmlDVE4ySmJ3c01BOFBPeWxHZURKejkwMWVTZlRpVTJ6elhkY0p1M014WU9RYXpKS3pSYUxiMVN1WWFESkJrVWxLS2RRT0J1RllhYzVmeG5iNlMwYV9oNzg5RUJxeTJlaE5jbG1pZTlmZlE5Q0tpOGhNUVliX2J0UEVyanBmRjlsSA?oc=5\" target=\"_blank\" rel=\"nofollow noopener\">Gadsimta v\u0113tra Jamaik\u0101 rada pirmos post\u012bjumus un pl\u016bdus; iedz\u012bvot\u0101jus br\u012bdina uzman\u012bties ar\u012b no krokodiliem<\/a>&nbsp;&nbsp;tv3.lv<\/li>\n<li><a href=\"https:\/\/news.google.com\/rss\/articles\/CBMi4gFBVV95cUxPNlJYbjJFWVFMSmVIaHU5ZTAtYzFCWXFaaG9mLWNWWjlfeXBmby11QTcyTUZEbHVNbHZXNDlienl3czQwWkFfV0RCMXBTNm5FYzBsY0dNTW1MMGdaT0Q3cXNCdHM3d21TaGJkdWpSWHdrd0p0MlVMV3VvcGk1VzVzTjh6U0tUeDhhSzhOU0ZvdDk1N21tTk9NU0VmcDVNZFd6aUVILTFIM0haODFyWkRmdndYN2pNR3pNbjJGS2IwRHVfaUxZRDVHOEE3R0E2bzE3NzFPZEU1SV9DNjc2LVhJN1l3?oc=5\" target=\"_blank\" rel=\"nofollow noopener\">Medijs: Sp\u0101nija NATO misijas \u00abAustrumu sardze\u00bb ietvaros Polij\u0101 izvietos savus izn\u012bcin\u0101t\u0101jus<\/a>&nbsp;&nbsp;LSM<\/li>\n<\/ol>\n","protected":false},"excerpt":{"rendered":"Polijas izn\u012bcin\u0101t\u0101ji p\u0101rtver Krievijas izl\u016bklidma\u0161\u012bnu. Jau tre\u0161o reizi \u0161oned\u0113\u013c!&nbsp;&nbsp;Jauns.lv Tre\u0161o reizi \u0161oned\u0113\u013c Polijas izn\u012bcin\u0101t\u0101ji p\u0101rtv\u0113ru\u0161i Krievijas izl\u016bklidma\u0161\u012bnu&nbsp;&nbsp;TVNET Rea\u0123\u0113jot&hellip;\n","protected":false},"author":2,"featured_media":37458,"comment_status":"","ping_status":"","sticky":false,"template":"","format":"standard","meta":{"footnotes":""},"categories":[14],"tags":[23,57,28,29,32,33,22,30,31,35,39,38,36,37,34,40,20,26,27,24,25,54,55,56,21,58],"class_list":{"0":"post-37457","1":"post","2":"type-post","3":"status-publish","4":"format-standard","5":"has-post-thumbnail","7":"category-zinas-no-arvalstim","8":"tag-aktualitates","9":"tag-arvalstim","10":"tag-breaking-news","11":"tag-breakingnews","12":"tag-featured-news","13":"tag-featurednews","14":"tag-headlines","15":"tag-latest-news","16":"tag-latestnews","17":"tag-latvia","18":"tag-latvian","19":"tag-latviesu","20":"tag-latviesu-valoda","21":"tag-latviesuvaloda","22":"tag-latvija","23":"tag-lv","24":"tag-news","25":"tag-popularakas-zinas","26":"tag-popularakaszinas","27":"tag-top-stories","28":"tag-topstories","29":"tag-world","30":"tag-world-news","31":"tag-worldnews","32":"tag-zinas","33":"tag-zinas-no-arvalstim"},"share_on_mastodon":{"url":"https:\/\/pubeurope.com\/@lv\/115478373555603311","error":""},"_links":{"self":[{"href":"https:\/\/www.europesays.com\/lv\/wp-json\/wp\/v2\/posts\/37457","targetHints":{"allow":["GET"]}}],"collection":[{"href":"https:\/\/www.europesays.com\/lv\/wp-json\/wp\/v2\/posts"}],"about":[{"href":"https:\/\/www.europesays.com\/lv\/wp-json\/wp\/v2\/types\/post"}],"author":[{"embeddable":true,"href":"https:\/\/www.europesays.com\/lv\/wp-json\/wp\/v2\/users\/2"}],"replies":[{"embeddable":true,"href":"https:\/\/www.europesays.com\/lv\/wp-json\/wp\/v2\/comments?post=37457"}],"version-history":[{"count":0,"href":"https:\/\/www.europesays.com\/lv\/wp-json\/wp\/v2\/posts\/37457\/revisions"}],"wp:featuredmedia":[{"embeddable":true,"href":"https:\/\/www.europesays.com\/lv\/wp-json\/wp\/v2\/media\/37458"}],"wp:attachment":[{"href":"https:\/\/www.europesays.com\/lv\/wp-json\/wp\/v2\/media?parent=37457"}],"wp:term":[{"taxonomy":"category","embeddable":true,"href":"https:\/\/www.europesays.com\/lv\/wp-json\/wp\/v2\/categories?post=37457"},{"taxonomy":"post_tag","embeddable":true,"href":"https:\/\/www.europesays.com\/lv\/wp-json\/wp\/v2\/tags?post=37457"}],"curies":[{"name":"wp","href":"https:\/\/api.w.org\/{rel}","templated":true}]}}