{"id":37461,"date":"2025-11-02T05:19:16","date_gmt":"2025-11-02T05:19:16","guid":{"rendered":"https:\/\/www.europesays.com\/lv\/37461\/"},"modified":"2025-11-02T05:19:16","modified_gmt":"2025-11-02T05:19:16","slug":"karnijs-atvainojies-trampam-par-ontario-reklamu-pret-tarifiem","status":"publish","type":"post","link":"https:\/\/www.europesays.com\/lv\/37461\/","title":{"rendered":"K\u0101rnijs atvainojies Trampam par Ont\u0101rio rekl\u0101mu pret tarifiem"},"content":{"rendered":"<p class=\"lead\">\n                                Kan\u0101das premjerministrs Marks K\u0101rnijs atvainojies ASV prezidentam Donaldam Trampam par Ont\u0101rio provinces vald\u012bbas rekl\u0101mu, kas izprovoc\u0113ja Trampu aptur\u0113t tirdzniec\u012bbas sarunas ar Kan\u0101du.\n                            <\/p>\n<p style=\"margin-left:0px;\">Telev\u012bzijas rekl\u0101m\u0101, kas v\u0113rsta pret tarifiem, iek\u013cauti biju\u0161\u0101 Savienoto Valstu prezidenta Ronalda Reigana 1987. gad\u0101 izteikti koment\u0101ri par tarifiem un to \u0113nas pusi ilgtermi\u0146\u0101.<\/p>\n<p style=\"margin-left:0px;\">&#8220;Es atvainojos [ASV] prezidentam,&#8221; atbildot uz \u017eurn\u0101listu jaut\u0101jumu par incidentu ar rekl\u0101mu, sestdien sac\u012bja K\u0101rnijs. Vi\u0146\u0161 piebilda, ka Tramps bija apvainojies par rekl\u0101mu.<\/p>\n<p style=\"margin-left:0px;\">Tramps Ont\u0101rio provinces vald\u012bbas rekl\u0101m\u0101 saskat\u012bja savas tarifu politikas kritiku un aptur\u0113ja tirdzniec\u012bbas sarunas ar Kan\u0101du. Tramps pazi\u0146oja, ka Reigana izteikumi rekl\u0101m\u0101 izmantoti selekt\u012bvi un maldino\u0161i.<\/p>\n<p style=\"margin-left:0px;\">P\u0113c Trampa l\u0113muma aptur\u0113t tirdzniec\u012bbas sarunas ar Kan\u0101du, Ont\u0101rio provinces premjerministrs Dags Fords pag\u0101ju\u0161aj\u0101 ned\u0113\u013c\u0101 pazi\u0146oja, ka rekl\u0101mas demonstr\u0113\u0161ana pagaid\u0101m tiks p\u0101rtraukta. Fords sac\u012bja, ka m\u0113r\u0137is br\u012bdin\u0101t ASV sabiedr\u012bbu par tarifu ietekmi uz darba \u0146\u0113m\u0113jiem un uz\u0146\u0113mumiem un rosin\u0101t diskusiju ir sasniegts.<\/p>\n<p style=\"margin-left:0px;\">Ta\u010du Tramps uzskat\u012bja, ka rekl\u0101mas aptur\u0113\u0161ana nenotiek pietiekami \u0101tri, un pazi\u0146oja par papildu tarifiem Kan\u0101dai 10% apm\u0113r\u0101.<\/p>\n<p style=\"margin-left:0px;\">Vair\u0101ki mediji zi\u0146oja, ka ar\u012b Tramps prezidenta lidma\u0161\u012bn\u0101 \u017eurn\u0101listiem sac\u012bjis, ka Kan\u0101das premjerministrs person\u012bgi ir atvainojies par rekl\u0101mu. Jaut\u0101ts, vai vi\u0146\u0161 tagad ats\u0101ks tirdzniec\u012bbas sarunas ar Kan\u0101du, Tramps atbild\u0113ja, ka nepl\u0101no to dar\u012bt, zi\u0146oja laikraksts &#8220;Toronto Star&#8221;.<\/p>\n<p style=\"margin-left:0px;\">\u00a0<\/p>\n<p class=\"paragraph-muted\">Izv\u0113lies savu soct\u012bklu platformu, lai sekotu LASI.LV: <a href=\"https:\/\/www.facebook.com\/portals.lasi.lv\" target=\"_blank\" rel=\"noopener noreferrer nofollow\">Facebook<\/a>, <a href=\"https:\/\/twitter.com\/lasilvportals\" target=\"_blank\" rel=\"noopener noreferrer nofollow\">X<\/a>, <a href=\"https:\/\/bsky.app\/profile\/lasilv.bsky.social\" target=\"_blank\" rel=\"noopener noreferrer nofollow\">Bluesky<\/a>, <a href=\"https:\/\/www.draugiem.lv\/lasilv\/?pg=4\" target=\"_blank\" rel=\"noopener noreferrer nofollow\">Draugiem<\/a> vai ar\u012b <a href=\"https:\/\/www.instagram.com\/lasilv_zinas\/\" target=\"_blank\" rel=\"noopener noreferrer nofollow\">Instagram<\/a>. Pievienojies m\u016bsu las\u012bt\u0101ju pulkam, lai sa\u0146emtu \u012bpa\u0161i tev atlas\u012btu noder\u012bgu, praktisku un aktu\u0101lu saturu.\u00a0<\/p>\n<p><a href=\"https:\/\/lasi.lv\/abonesana\" rel=\"nofollow noopener\" target=\"_blank\">Abon\u0113<\/a>\u00a0LASI.LV gadam\u00a0vai k\u0101du no\u00a0&#8220;Latvijas Mediju&#8221; periodiskajiem izdevumiem 2026. gadam, un laim\u0113 1500 eiro vai Philips kafijas autom\u0101tu. Loterijas at\u013caujas nr. 8744.<\/p>\n<p><img decoding=\"async\" src=\"https:\/\/www.europesays.com\/lv\/wp-content\/uploads\/2025\/10\/1760568371_496_2025100311425268df8c8c1572e.jpg\" alt=\"\" loading=\"lazy\"\/><\/p>\n<p style=\"margin-left:auto;\">Pieraksties LASI.LV redaktora v\u0113stkopai <a href=\"https:\/\/lasi.lv\/vestkopa\/lasi-lv-galvena-redaktora-vestkopa\" rel=\"nofollow noopener\" target=\"_blank\">\u0161eit<\/a>.<\/p>\n<p>Pieraksties v\u0113stkopai un divas reizes ned\u0113\u013c\u0101 sa\u0146em padzi\u013cin\u0101tu LASI.LV galven\u0101 redaktora aktu\u0101lo zi\u0146u, kompetentu viedok\u013cu un interesant\u0101ko interviju apkopojumu.<\/p>\n<p>Ko tu sa\u0146emsi:<\/p>\n<ul>\n<li>Daudzveid\u012bgus koment\u0101rus un kompetentus Latvijas Mediju \u017eurn\u0101listu un autoru viedok\u013cus par aktu\u0101lo<\/li>\n<li>Ekspertu koment\u0101rus par da\u017e\u0101diem praktiskiem, noder\u012bgiem tematiem<\/li>\n<li>Aizraujo\u0161us materi\u0101lus par v\u0113sturi, psiholo\u0123iju, kult\u016bru<\/li>\n<li>Gata \u0160\u013c\u016bkas karikat\u016bru<\/li>\n<li>Tav\u0101 e-pasta kast\u012bt\u0113 katru ceturtdienu<\/li>\n<\/ul>\n<p style=\"margin-left:auto;\">\u00a0<\/p>\n<p><script async src=\"https:\/\/platform.twitter.com\/widgets.js\" charset=\"utf-8\"><\/script><script async src=\"\/\/www.instagram.com\/embed.js\"><\/script><\/p>\n","protected":false},"excerpt":{"rendered":"Kan\u0101das premjerministrs Marks K\u0101rnijs atvainojies ASV prezidentam Donaldam Trampam par Ont\u0101rio provinces vald\u012bbas rekl\u0101mu, kas izprovoc\u0113ja Trampu aptur\u0113t&hellip;\n","protected":false},"author":2,"featured_media":37462,"comment_status":"","ping_status":"","sticky":false,"template":"","format":"standard","meta":{"footnotes":""},"categories":[14],"tags":[23,57,28,29,32,33,22,30,31,35,39,38,36,37,34,40,20,26,27,24,25,54,55,56,21,58],"class_list":{"0":"post-37461","1":"post","2":"type-post","3":"status-publish","4":"format-standard","5":"has-post-thumbnail","7":"category-zinas-no-arvalstim","8":"tag-aktualitates","9":"tag-arvalstim","10":"tag-breaking-news","11":"tag-breakingnews","12":"tag-featured-news","13":"tag-featurednews","14":"tag-headlines","15":"tag-latest-news","16":"tag-latestnews","17":"tag-latvia","18":"tag-latvian","19":"tag-latviesu","20":"tag-latviesu-valoda","21":"tag-latviesuvaloda","22":"tag-latvija","23":"tag-lv","24":"tag-news","25":"tag-popularakas-zinas","26":"tag-popularakaszinas","27":"tag-top-stories","28":"tag-topstories","29":"tag-world","30":"tag-world-news","31":"tag-worldnews","32":"tag-zinas","33":"tag-zinas-no-arvalstim"},"share_on_mastodon":{"url":"https:\/\/pubeurope.com\/@lv\/115478420744443584","error":""},"_links":{"self":[{"href":"https:\/\/www.europesays.com\/lv\/wp-json\/wp\/v2\/posts\/37461","targetHints":{"allow":["GET"]}}],"collection":[{"href":"https:\/\/www.europesays.com\/lv\/wp-json\/wp\/v2\/posts"}],"about":[{"href":"https:\/\/www.europesays.com\/lv\/wp-json\/wp\/v2\/types\/post"}],"author":[{"embeddable":true,"href":"https:\/\/www.europesays.com\/lv\/wp-json\/wp\/v2\/users\/2"}],"replies":[{"embeddable":true,"href":"https:\/\/www.europesays.com\/lv\/wp-json\/wp\/v2\/comments?post=37461"}],"version-history":[{"count":0,"href":"https:\/\/www.europesays.com\/lv\/wp-json\/wp\/v2\/posts\/37461\/revisions"}],"wp:featuredmedia":[{"embeddable":true,"href":"https:\/\/www.europesays.com\/lv\/wp-json\/wp\/v2\/media\/37462"}],"wp:attachment":[{"href":"https:\/\/www.europesays.com\/lv\/wp-json\/wp\/v2\/media?parent=37461"}],"wp:term":[{"taxonomy":"category","embeddable":true,"href":"https:\/\/www.europesays.com\/lv\/wp-json\/wp\/v2\/categories?post=37461"},{"taxonomy":"post_tag","embeddable":true,"href":"https:\/\/www.europesays.com\/lv\/wp-json\/wp\/v2\/tags?post=37461"}],"curies":[{"name":"wp","href":"https:\/\/api.w.org\/{rel}","templated":true}]}}