{"id":37495,"date":"2025-11-02T06:25:13","date_gmt":"2025-11-02T06:25:13","guid":{"rendered":"https:\/\/www.europesays.com\/lv\/37495\/"},"modified":"2025-11-02T06:25:13","modified_gmt":"2025-11-02T06:25:13","slug":"atklats-nato-plans-krievijas-atturesanai","status":"publish","type":"post","link":"https:\/\/www.europesays.com\/lv\/37495\/","title":{"rendered":"Atkl\u0101ts NATO pl\u0101ns Krievijas attur\u0113\u0161anai"},"content":{"rendered":"<p>Welt: NATO prezent\u0113jusi aizsardz\u012bbas koncepciju austrumu robe\u017e\u0101m no Krievijas.<\/p>\n<p>NATO sauszemes sp\u0113ku komandieris \u0123ener\u0101lis Kristofers Donahj\u016b prezent\u0113ja alianses valst\u012bm aizsardz\u012bbas koncepciju austrumu robe\u017e\u0101m ar nosaukumu &#8220;Austrumu flanga attur\u0113\u0161anas koncepcija&#8221;. Par to zi\u0146o Welt.<\/p>\n<p>&#8220;NATO OVS sauszemes sp\u0113ku augst\u0101k\u0101 komandiera Kristofers Donahj\u016b Brisel\u0113 prezent\u0113ja milit\u0101rajiem p\u0101rst\u0101vjiem no 32 NATO valst\u012bm visaptvero\u0161u aizsardz\u012bbas koncepciju,&#8221; teikts pazi\u0146ojum\u0101.<\/p>\n<p>Saska\u0146\u0101 ar izdevuma datiem \u0123ener\u0101\u013ca pl\u0101ns aptver vair\u0101k nek\u0101 4,4 t\u016bksto\u0161us lapu. Jaun\u0101 strat\u0113\u0123ija ir v\u0113rsta uz bru\u0146oto sp\u0113ku mijiedarb\u012bbas uzlabo\u0161anu datu apmai\u0146ai, k\u0101 ar\u012b uz bezpilota un autonomo sist\u0113mu integr\u0101ciju NATO austrumu robe\u017eas aizsardz\u012bbas strukt\u016br\u0101.<\/p>\n<p>Iepriek\u0161 anal\u012bti\u0137i no Kara p\u0113t\u012bjumu instit\u016bta (ISW) pazi\u0146oja, ka Krievija, iesp\u0113jams, jau gatavojas iesp\u0113jamiem konfliktiem ar NATO un var\u0113tu s\u0101kt rad\u012bt re\u0101lus draudus alianses dro\u0161\u012bbai agr\u0101k par 2036. gadu. &#8220;Krievija jau ir iek\u013cuvusi &#8216;nulles f\u0101z\u0113&#8217; \u2014 inform\u0101cijas un psiholo\u0123isk\u0101s sagatavo\u0161anas f\u0101z\u0113 savai kampa\u0146ai, lai sagatavotos iesp\u0113jamai karai starp NATO un Krieviju n\u0101kotn\u0113,&#8221; teikts materi\u0101l\u0101.<\/p>\n","protected":false},"excerpt":{"rendered":"Welt: NATO prezent\u0113jusi aizsardz\u012bbas koncepciju austrumu robe\u017e\u0101m no Krievijas. NATO sauszemes sp\u0113ku komandieris \u0123ener\u0101lis Kristofers Donahj\u016b prezent\u0113ja alianses&hellip;\n","protected":false},"author":2,"featured_media":37496,"comment_status":"","ping_status":"","sticky":false,"template":"","format":"standard","meta":{"footnotes":""},"categories":[14],"tags":[23,57,28,29,32,33,22,30,31,35,39,38,36,37,34,40,20,26,27,24,25,54,55,56,21,58],"class_list":{"0":"post-37495","1":"post","2":"type-post","3":"status-publish","4":"format-standard","5":"has-post-thumbnail","7":"category-zinas-no-arvalstim","8":"tag-aktualitates","9":"tag-arvalstim","10":"tag-breaking-news","11":"tag-breakingnews","12":"tag-featured-news","13":"tag-featurednews","14":"tag-headlines","15":"tag-latest-news","16":"tag-latestnews","17":"tag-latvia","18":"tag-latvian","19":"tag-latviesu","20":"tag-latviesu-valoda","21":"tag-latviesuvaloda","22":"tag-latvija","23":"tag-lv","24":"tag-news","25":"tag-popularakas-zinas","26":"tag-popularakaszinas","27":"tag-top-stories","28":"tag-topstories","29":"tag-world","30":"tag-world-news","31":"tag-worldnews","32":"tag-zinas","33":"tag-zinas-no-arvalstim"},"share_on_mastodon":{"url":"https:\/\/pubeurope.com\/@lv\/115478680234432063","error":""},"_links":{"self":[{"href":"https:\/\/www.europesays.com\/lv\/wp-json\/wp\/v2\/posts\/37495","targetHints":{"allow":["GET"]}}],"collection":[{"href":"https:\/\/www.europesays.com\/lv\/wp-json\/wp\/v2\/posts"}],"about":[{"href":"https:\/\/www.europesays.com\/lv\/wp-json\/wp\/v2\/types\/post"}],"author":[{"embeddable":true,"href":"https:\/\/www.europesays.com\/lv\/wp-json\/wp\/v2\/users\/2"}],"replies":[{"embeddable":true,"href":"https:\/\/www.europesays.com\/lv\/wp-json\/wp\/v2\/comments?post=37495"}],"version-history":[{"count":0,"href":"https:\/\/www.europesays.com\/lv\/wp-json\/wp\/v2\/posts\/37495\/revisions"}],"wp:featuredmedia":[{"embeddable":true,"href":"https:\/\/www.europesays.com\/lv\/wp-json\/wp\/v2\/media\/37496"}],"wp:attachment":[{"href":"https:\/\/www.europesays.com\/lv\/wp-json\/wp\/v2\/media?parent=37495"}],"wp:term":[{"taxonomy":"category","embeddable":true,"href":"https:\/\/www.europesays.com\/lv\/wp-json\/wp\/v2\/categories?post=37495"},{"taxonomy":"post_tag","embeddable":true,"href":"https:\/\/www.europesays.com\/lv\/wp-json\/wp\/v2\/tags?post=37495"}],"curies":[{"name":"wp","href":"https:\/\/api.w.org\/{rel}","templated":true}]}}