{"id":37499,"date":"2025-11-02T06:31:09","date_gmt":"2025-11-02T06:31:09","guid":{"rendered":"https:\/\/www.europesays.com\/lv\/37499\/"},"modified":"2025-11-02T06:31:09","modified_gmt":"2025-11-02T06:31:09","slug":"putins-ir-pazaudejis-saikni-ar-realitati-eksperts-atklaj-kremla-diktatora-trakas-un-nerimtosas-ambicijas","status":"publish","type":"post","link":"https:\/\/www.europesays.com\/lv\/37499\/","title":{"rendered":"\u201cPutins ir pazaud\u0113jis saikni ar realit\u0101ti\u201d \u2013 eksperts atkl\u0101j Krem\u013ca diktatora trak\u0101s un nerimto\u0161\u0101s amb\u012bcijas"},"content":{"rendered":"<p>    <img decoding=\"async\" src=\"https:\/\/www.europesays.com\/lv\/wp-content\/uploads\/2025\/11\/2025-03-18t131346z_522171741_rc2pfdawyxb6_rtrmadp_3_russia-business-putin-1-800x535.jpg\" alt=\"&#10;Krievijas prezidents Vladimirs Putins.&#10;\"\/><\/p>\n<p>Krievijas prezidents Vladimirs Putins.<\/p>\n<p>Foto: REUTERS\/SCANPIX\n<\/p>\n<p>Nosaukti \u012bstie m\u0113r\u0137i kara noziegumus pie\u013c\u0101vu\u0161ajam Putinam, kur\u0161 past\u0101v\u012bgi p\u0101rtrauc sarunas ar ASV. Pl\u0101not\u0101 tik\u0161an\u0101s starp ASV prezidentu Donaldu Trampu un Krievijas diktatoru Putinu Budape\u0161t\u0101 tika atcelta. Kremlis m\u0113\u0123in\u0101ja uzspiest savus nosac\u012bjumus kara p\u0101rtrauk\u0161anai, tom\u0113r Putina nost\u0101ja izrais\u012bja asi negat\u012bvu reakciju no Amerikas administr\u0101cijas un k\u013cuva par iemeslu Trampa diplom\u0101tisk\u0101 kursa mai\u0146ai, v\u0113sta <a href=\"https:\/\/www.dialog.ua\/opinion\/323261_1761993954\" rel=\"noopener nofollow\" target=\"_blank\">Dialog.ua.<\/a><\/p>\n<p>        Las\u012bt\u0101kie<br \/>\n        <a data-imagesrc=\"{&quot;300&quot;:&quot;https:\\\/\\\/lastatic.ams3.cdn.digitaloceanspaces.com\\\/2024\\\/02\\\/LET_24759787-300x196.jpg&quot;,&quot;1024&quot;:&quot;https:\\\/\\\/lastatic.ams3.cdn.digitaloceanspaces.com\\\/2024\\\/02\\\/LET_24759787-1024x668.jpg&quot;,&quot;768&quot;:&quot;https:\\\/\\\/lastatic.ams3.cdn.digitaloceanspaces.com\\\/2024\\\/02\\\/LET_24759787-768x501.jpg&quot;,&quot;1536&quot;:&quot;https:\\\/\\\/lastatic.ams3.cdn.digitaloceanspaces.com\\\/2024\\\/02\\\/LET_24759787-1536x1001.jpg&quot;,&quot;2048&quot;:&quot;https:\\\/\\\/lastatic.ams3.cdn.digitaloceanspaces.com\\\/2024\\\/02\\\/LET_24759787-2048x1335.jpg&quot;,&quot;200&quot;:&quot;https:\\\/\\\/lastatic.ams3.cdn.digitaloceanspaces.com\\\/2024\\\/02\\\/LET_24759787-200x130.jpg&quot;,&quot;400&quot;:&quot;https:\\\/\\\/lastatic.ams3.cdn.digitaloceanspaces.com\\\/2024\\\/02\\\/LET_24759787-400x261.jpg&quot;,&quot;500&quot;:&quot;https:\\\/\\\/lastatic.ams3.cdn.digitaloceanspaces.com\\\/2024\\\/02\\\/LET_24759787-500x326.jpg&quot;,&quot;800&quot;:&quot;https:\\\/\\\/lastatic.ams3.cdn.digitaloceanspaces.com\\\/2024\\\/02\\\/LET_24759787-800x522.jpg&quot;,&quot;1000&quot;:&quot;https:\\\/\\\/lastatic.ams3.cdn.digitaloceanspaces.com\\\/2024\\\/02\\\/LET_24759787-1000x652.jpg&quot;,&quot;2560&quot;:&quot;https:\\\/\\\/lastatic.ams3.cdn.digitaloceanspaces.com\\\/2024\\\/02\\\/LET_24759787-scaled.jpg&quot;}\" data-focuspoint=\"{&quot;x&quot;:&quot;50.43754378608738&quot;,&quot;y&quot;:&quot;36.10689855186913&quot;}\" data-p=\"2457850\" href=\"https:\/\/www.la.lv\/pilseta-runa-ka-vid-generaldirektore-esot-nonakusi-sprukas-kam-vina-varetu-but-uzkapusi-uz-varzacim\" class=\"content-item lazy-load\" wp_automatic_readability=\"27\" rel=\"nofollow noopener\" target=\"_blank\"><\/p>\n<p>                                <img decoding=\"async\" src=\"\" alt=\"\" style=\"object-position: 50.43754378608738% 36.10689855186913%\" data-imageid=\"\"\/><\/p>\n<p>                                TV24<\/p>\n<p>                                            Pils\u0113t\u0101 run\u0101, ka VID \u0123ener\u0101ldirektore esot non\u0101kusi spruk\u0101s\u2026 Kam vi\u0146a var\u0113tu b\u016bt uzk\u0101pusi uz var\u017eac\u012bm?\n                            <\/p>\n<p><\/a><a data-imagesrc=\"{&quot;300&quot;:&quot;https:\\\/\\\/lastatic.ams3.cdn.digitaloceanspaces.com\\\/2025\\\/11\\\/suns-2-300x188.png&quot;,&quot;1024&quot;:&quot;https:\\\/\\\/lastatic.ams3.cdn.digitaloceanspaces.com\\\/2025\\\/11\\\/suns-2-1024x640.png&quot;,&quot;1536&quot;:&quot;https:\\\/\\\/lastatic.ams3.cdn.digitaloceanspaces.com\\\/2025\\\/11\\\/suns-2-1536x960.png&quot;,&quot;500&quot;:&quot;https:\\\/\\\/lastatic.ams3.cdn.digitaloceanspaces.com\\\/2025\\\/11\\\/suns-2-500x313.png&quot;,&quot;800&quot;:&quot;https:\\\/\\\/lastatic.ams3.cdn.digitaloceanspaces.com\\\/2025\\\/11\\\/suns-2-800x500.png&quot;,&quot;1600&quot;:&quot;https:\\\/\\\/lastatic.ams3.cdn.digitaloceanspaces.com\\\/2025\\\/11\\\/suns-2.png&quot;}\" data-focuspoint=\"&quot;&quot;\" data-p=\"2459277\" href=\"https:\/\/www.la.lv\/12-cilveku-ieradumi-kas-skiet-arpratigi-kaitinosi-suniem-veterinararsti-ipasi-izcel-desmito\" class=\"content-item lazy-load\" wp_automatic_readability=\"27\" rel=\"nofollow noopener\" target=\"_blank\"><\/p>\n<p>                                <img decoding=\"async\" src=\"\" alt=\"\" style=\"\" data-imageid=\"\"\/><\/p>\n<p>                                M\u0101jas<\/p>\n<p>\n                                                12 cilv\u0113ku ieradumi, kas \u0161\u0137iet \u0101rpr\u0101t\u012bgi kaitino\u0161i su\u0146iem \u2013 veterin\u0101r\u0101rsti \u012bpa\u0161i izce\u013c desmito\n                            <\/p>\n<p><\/a><a data-imagesrc=\"{&quot;300&quot;:&quot;https:\\\/\\\/lastatic.ams3.cdn.digitaloceanspaces.com\\\/2019\\\/09\\\/Depozits3_VS_9-300x194.jpg&quot;,&quot;768&quot;:&quot;https:\\\/\\\/lastatic.ams3.cdn.digitaloceanspaces.com\\\/2019\\\/09\\\/Depozits3_VS_9-768x496.jpg&quot;,&quot;200&quot;:&quot;https:\\\/\\\/lastatic.ams3.cdn.digitaloceanspaces.com\\\/2019\\\/09\\\/Depozits3_VS_9-200x129.jpg&quot;,&quot;400&quot;:&quot;https:\\\/\\\/lastatic.ams3.cdn.digitaloceanspaces.com\\\/2019\\\/09\\\/Depozits3_VS_9-400x258.jpg&quot;,&quot;500&quot;:&quot;https:\\\/\\\/lastatic.ams3.cdn.digitaloceanspaces.com\\\/2019\\\/09\\\/Depozits3_VS_9-500x323.jpg&quot;,&quot;800&quot;:&quot;https:\\\/\\\/lastatic.ams3.cdn.digitaloceanspaces.com\\\/2019\\\/09\\\/Depozits3_VS_9-800x517.jpg&quot;,&quot;1000&quot;:&quot;https:\\\/\\\/lastatic.ams3.cdn.digitaloceanspaces.com\\\/2019\\\/09\\\/Depozits3_VS_9.jpg&quot;}\" data-focuspoint=\"&quot;&quot;\" data-p=\"2458854\" href=\"https:\/\/www.la.lv\/jauni-noteikumi-depozita-dzerienu-iepakojumu-nodosana-ka-tie-ietekmes-tavu-macinu\" class=\"content-item lazy-load\" wp_automatic_readability=\"26.5\" rel=\"nofollow noopener\" target=\"_blank\"><\/p>\n<p>                                <img decoding=\"async\" src=\"\" alt=\"\" style=\"\" data-imageid=\"\"\/><\/p>\n<p>\n                                                No 1.novembra jauni noteikumi depoz\u012bta dz\u0113rienu iepakojumu nodo\u0161an\u0101: k\u0101 tie ietekm\u0113s tavu maci\u0146u?\n                            <\/p>\n<p><\/a><br \/>\n        <a class=\"read-more\" href=\"https:\/\/www.la.lv\/top\" rel=\"nofollow noopener\" target=\"_blank\">Las\u012bt citas zi\u0146as<\/a><\/p>\n<p>P\u0113c Kijivas Nacion\u0101l\u0101s notur\u012bbas p\u0113t\u012bjumu centra direktora, biju\u0161\u0101 Ukrainas v\u0113stniec\u012bbu konsultanta Kan\u0101d\u0101 un Kenij\u0101 O\u013cega Belokolosu teikt\u0101, kur\u0161 sniedza interviju \u201cHartija 97\u201d, Kremlis nekad nav apsv\u0113ris patiesu kara p\u0101rtrauk\u0161anu. Visi teksti par \u201cmiera sarun\u0101m\u201d ir tikai mask\u0113\u0161an\u0101s, lai turpin\u0101tu agresiju pret Ukrainu.<\/p>\n<p>\u201cJa uzman\u012bgi analiz\u0113 Krievijas amatpersonu un ekspertu, kuri ir tuvi Kremlim, teikto, k\u013c\u016bst ac\u012bmredzams: vi\u0146u m\u0113r\u0137is ir neatkar\u012bgas Ukrainas izn\u012bcin\u0101\u0161ana. Vi\u0146i atkl\u0101ti run\u0101 par okup\u0101ciju, un neviens neapstr\u012bd \u0161os izteikumus. Putins piln\u012bb\u0101 ir pazaud\u0113jis saikni ar realit\u0101ti un dz\u012bvo sav\u0101 pasaul\u0113, kur viss pak\u013cauts vi\u0146a trakaj\u0101m amb\u012bcij\u0101m,\u201d uzsv\u0113ra Belokoloss.<\/p>\n<p>    CITI \u0160OBR\u012aD LASA<\/p>\n<p>P\u0113c vi\u0146a teikt\u0101, Krievijas milit\u0101r\u0101 bud\u017eeta pieaugums un jaunas mobiliz\u0101cijas vilnis pier\u0101da, ka Maskava nepl\u0101no apst\u0101ties. Glu\u017ei pret\u0113ji, t\u0101 gatavojas ilgsto\u0161am karam, kam\u0113r Kremlis turpina savas darb\u012bbas pasniegt k\u0101 \u201cmiera mekl\u0113\u0161anu\u201d.<\/p>\n<p>Taj\u0101 pa\u0161\u0101 laik\u0101, k\u0101 nor\u0101da eksperts, Trampa nost\u0101ja k\u013c\u016bst arvien stingr\u0101ka. Tik\u0161an\u0101s ar Putinu atcel\u0161ana ir sign\u0101ls, ka Va\u0161ingtona nepl\u0101no piek\u0101pties diktatoram. Belokoloss ir p\u0101rliecin\u0101ts, ka Amerikas Savienot\u0101s Valstis gatavo jaunus so\u013cus pret Krieviju.<\/p>\n<p>\u201cSabiedr\u012bbas viedoklis ASV ir Ukrainas pus\u0113, un prezidents to nevar ignor\u0113t. Pat konservat\u012bv\u0101s aprindas, tostarp eva\u0146\u0123\u0113listi, nosoda Krievijas kara noziegumus, \u012bpa\u0161i Ukrainas b\u0113rnu nolaup\u012b\u0161anu. Vi\u0146i skaidri pazi\u0146o: sarunas nav iesp\u0113jamas bez vi\u0146u atgrie\u0161anas,\u201d atz\u012bm\u0113ja diplom\u0101ts.<\/p>\n<p>T\u0113mas<\/p>\n<p>    SAIST\u012aTIE RAKSTI<\/p>\n","protected":false},"excerpt":{"rendered":"Krievijas prezidents Vladimirs Putins. Foto: REUTERS\/SCANPIX Nosaukti \u012bstie m\u0113r\u0137i kara noziegumus pie\u013c\u0101vu\u0161ajam Putinam, kur\u0161 past\u0101v\u012bgi p\u0101rtrauc sarunas ar&hellip;\n","protected":false},"author":2,"featured_media":37500,"comment_status":"","ping_status":"","sticky":false,"template":"","format":"standard","meta":{"footnotes":""},"categories":[14],"tags":[23,57,28,29,32,33,22,30,31,35,39,38,36,37,34,40,20,26,27,24,25,54,55,56,21,58],"class_list":{"0":"post-37499","1":"post","2":"type-post","3":"status-publish","4":"format-standard","5":"has-post-thumbnail","7":"category-zinas-no-arvalstim","8":"tag-aktualitates","9":"tag-arvalstim","10":"tag-breaking-news","11":"tag-breakingnews","12":"tag-featured-news","13":"tag-featurednews","14":"tag-headlines","15":"tag-latest-news","16":"tag-latestnews","17":"tag-latvia","18":"tag-latvian","19":"tag-latviesu","20":"tag-latviesu-valoda","21":"tag-latviesuvaloda","22":"tag-latvija","23":"tag-lv","24":"tag-news","25":"tag-popularakas-zinas","26":"tag-popularakaszinas","27":"tag-top-stories","28":"tag-topstories","29":"tag-world","30":"tag-world-news","31":"tag-worldnews","32":"tag-zinas","33":"tag-zinas-no-arvalstim"},"share_on_mastodon":{"url":"https:\/\/pubeurope.com\/@lv\/115478703847998378","error":""},"_links":{"self":[{"href":"https:\/\/www.europesays.com\/lv\/wp-json\/wp\/v2\/posts\/37499","targetHints":{"allow":["GET"]}}],"collection":[{"href":"https:\/\/www.europesays.com\/lv\/wp-json\/wp\/v2\/posts"}],"about":[{"href":"https:\/\/www.europesays.com\/lv\/wp-json\/wp\/v2\/types\/post"}],"author":[{"embeddable":true,"href":"https:\/\/www.europesays.com\/lv\/wp-json\/wp\/v2\/users\/2"}],"replies":[{"embeddable":true,"href":"https:\/\/www.europesays.com\/lv\/wp-json\/wp\/v2\/comments?post=37499"}],"version-history":[{"count":0,"href":"https:\/\/www.europesays.com\/lv\/wp-json\/wp\/v2\/posts\/37499\/revisions"}],"wp:featuredmedia":[{"embeddable":true,"href":"https:\/\/www.europesays.com\/lv\/wp-json\/wp\/v2\/media\/37500"}],"wp:attachment":[{"href":"https:\/\/www.europesays.com\/lv\/wp-json\/wp\/v2\/media?parent=37499"}],"wp:term":[{"taxonomy":"category","embeddable":true,"href":"https:\/\/www.europesays.com\/lv\/wp-json\/wp\/v2\/categories?post=37499"},{"taxonomy":"post_tag","embeddable":true,"href":"https:\/\/www.europesays.com\/lv\/wp-json\/wp\/v2\/tags?post=37499"}],"curies":[{"name":"wp","href":"https:\/\/api.w.org\/{rel}","templated":true}]}}