{"id":37614,"date":"2025-11-02T09:16:08","date_gmt":"2025-11-02T09:16:08","guid":{"rendered":"https:\/\/www.europesays.com\/lv\/37614\/"},"modified":"2025-11-02T09:16:08","modified_gmt":"2025-11-02T09:16:08","slug":"atzistos-ir-pirma-dziesma-kura-vins-nerepo-lente-lv","status":"publish","type":"post","link":"https:\/\/www.europesays.com\/lv\/37614\/","title":{"rendered":"&#8220;Atz\u012bstos&#8221; ir pirm\u0101 dziesma, kur\u0101 vi\u0146\u0161 nerepo\u00a0\u2014\u00a0Lente.lv"},"content":{"rendered":"<p>Jauns muzik\u0101ls pagrieziens Reika karjer\u0101 ar singlu &#8220;Atz\u012bstos&#8221;<\/p>\n<p>M\u016bzi\u0137is Reiks, kur\u0161 iepriek\u0161 bija paz\u012bstams ar savu dinamisko skan\u0113jumu, bie\u017ei vien bag\u0101tin\u0101tu ar repa elementiem, ir p\u0101rsteidzis klaus\u012bt\u0101jus ar savu jaun\u0101ko singlu &#8220;Atz\u012bstos&#8221;, kas izdots 27. oktobr\u012b. \u0160is darbs iez\u012bm\u0113 noz\u012bm\u012bgu rado\u0161o pav\u0113rsienu, jo ir pirm\u0101 dziesma Reika diskogr\u0101fij\u0101, kur\u0101 m\u0101kslinieks apzin\u0101ti attur\u0113jies no repa partij\u0101m. T\u0101 viet\u0101 vi\u0146\u0161 pied\u0101v\u0101 emocion\u0101li dzi\u013cu un atkl\u0101tu st\u0101stu, kas velt\u012bts attiec\u012bbu sare\u017e\u0123\u012bt\u012bbai un sp\u0113jai atlaist cilv\u0113kus. \u0160is singls apliecina Reika v\u0113lmi eksperiment\u0113t un att\u012bst\u012bties k\u0101 m\u0101ksliniekam.<\/p>\n<p>Emocion\u0101ls dzi\u013cums un person\u012bg\u0101 noz\u012bme<\/p>\n<p>Reiks atkl\u0101j, ka dziesma &#8220;Atz\u012bstos&#8221; radusies k\u0101 dzi\u013ci personiska nepiecie\u0161am\u012bba. T\u0101 ir vi\u0146a pa\u0161a veidota &#8220;atlaide&#8221; \u2013 metodes, k\u0101 izdz\u012bvot un saprast s\u0101pes, kas saist\u012btas ar \u0161\u0137ir\u0161anos un gr\u016bt\u012bb\u0101m palaist k\u0101du prom pat p\u0113c ilga laika. Iedzi\u013cinoties \u0161ajos iek\u0161\u0113jos procesos un daloties ar sav\u0101m j\u016bt\u0101m dziesm\u0101, k\u0101 ar\u012b run\u0101jot par t\u0101m ar citiem, Reiks cer sniegt atbalstu ne tikai sev, bet ar\u012b citiem, kuri saskaras ar l\u012bdz\u012bg\u0101m dz\u012bves situ\u0101cij\u0101m.<\/p>\n<p>Sadarb\u012bba un gaid\u0101mais koncerts<\/p>\n<p>Dziesmas tap\u0161an\u0101 noz\u012bm\u012bgu ieguld\u012bjumu devu\u0161i ar\u012b Arturs Bruke, pal\u012bdzot v\u0101rdu veido\u0161anas proces\u0101, un producents Krstofer Harris no Apvienot\u0101s Karalistes. B\u016btisku pienesumu dziesmas skan\u0113jum\u0101 veicis \u0123it\u0101rists Kaspars Vizulis, kur\u0161 pievienosies Reikam ar\u012b gaid\u0101maj\u0101 koncert\u0101 &#8220;Palladium R\u012bga&#8221; 14. novembr\u012b. Koncerts sol\u0101s b\u016bt iespaid\u012bgs muzik\u0101ls ce\u013cojums, apvienojot dz\u012bv\u0101 sast\u0101va ener\u0123iju ar house un hiphopa ritmiem, ko papildin\u0101s vizu\u0101l\u0101s projekcijas. Tas b\u016bs st\u0101sts par Reika muzik\u0101lo un person\u012bgo izaugsmi, atspogu\u013cojot gan pag\u0101tnes pieredzi, gan dz\u012bves laik\u0101 g\u016bt\u0101s atzi\u0146as.<\/p>\n","protected":false},"excerpt":{"rendered":"Jauns muzik\u0101ls pagrieziens Reika karjer\u0101 ar singlu &#8220;Atz\u012bstos&#8221; M\u016bzi\u0137is Reiks, kur\u0161 iepriek\u0161 bija paz\u012bstams ar savu dinamisko skan\u0113jumu,&hellip;\n","protected":false},"author":2,"featured_media":37615,"comment_status":"","ping_status":"","sticky":false,"template":"","format":"standard","meta":{"footnotes":""},"categories":[19],"tags":[10592,89,90,440,35,39,38,194,36,37,34,40,2762,5317],"class_list":{"0":"post-37614","1":"post","2":"type-post","3":"status-publish","4":"format-standard","5":"has-post-thumbnail","7":"category-izklaide","8":"tag-atzistos","9":"tag-entertainment","10":"tag-izklaide","11":"tag-jauns-singls","12":"tag-latvia","13":"tag-latvian","14":"tag-latviesu","15":"tag-latviesu-muzika","16":"tag-latviesu-valoda","17":"tag-latviesuvaloda","18":"tag-latvija","19":"tag-lv","20":"tag-muzikas-jaunumi","21":"tag-reiks"},"share_on_mastodon":{"url":"https:\/\/pubeurope.com\/@lv\/115479352673287087","error":""},"_links":{"self":[{"href":"https:\/\/www.europesays.com\/lv\/wp-json\/wp\/v2\/posts\/37614","targetHints":{"allow":["GET"]}}],"collection":[{"href":"https:\/\/www.europesays.com\/lv\/wp-json\/wp\/v2\/posts"}],"about":[{"href":"https:\/\/www.europesays.com\/lv\/wp-json\/wp\/v2\/types\/post"}],"author":[{"embeddable":true,"href":"https:\/\/www.europesays.com\/lv\/wp-json\/wp\/v2\/users\/2"}],"replies":[{"embeddable":true,"href":"https:\/\/www.europesays.com\/lv\/wp-json\/wp\/v2\/comments?post=37614"}],"version-history":[{"count":0,"href":"https:\/\/www.europesays.com\/lv\/wp-json\/wp\/v2\/posts\/37614\/revisions"}],"wp:featuredmedia":[{"embeddable":true,"href":"https:\/\/www.europesays.com\/lv\/wp-json\/wp\/v2\/media\/37615"}],"wp:attachment":[{"href":"https:\/\/www.europesays.com\/lv\/wp-json\/wp\/v2\/media?parent=37614"}],"wp:term":[{"taxonomy":"category","embeddable":true,"href":"https:\/\/www.europesays.com\/lv\/wp-json\/wp\/v2\/categories?post=37614"},{"taxonomy":"post_tag","embeddable":true,"href":"https:\/\/www.europesays.com\/lv\/wp-json\/wp\/v2\/tags?post=37614"}],"curies":[{"name":"wp","href":"https:\/\/api.w.org\/{rel}","templated":true}]}}