{"id":37621,"date":"2025-11-02T09:21:07","date_gmt":"2025-11-02T09:21:07","guid":{"rendered":"https:\/\/www.europesays.com\/lv\/37621\/"},"modified":"2025-11-02T09:21:07","modified_gmt":"2025-11-02T09:21:07","slug":"ministram-nav-pilnvaru-uzdot-procesualas-darbibas-sunu-nosausanas-lieta-lente-lv","status":"publish","type":"post","link":"https:\/\/www.europesays.com\/lv\/37621\/","title":{"rendered":"Ministram nav pilnvaru uzdot procesu\u0101l\u0101s darb\u012bbas su\u0146u no\u0161au\u0161anas liet\u0101\u00a0\u2014\u00a0Lente.lv"},"content":{"rendered":"<p>Ministrs nevar uzdot procesu\u0101l\u0101s darb\u012bbas su\u0146u no\u0161au\u0161anas liet\u0101<\/p>\n<p>Iek\u0161lietu ministrs Rihards Kozlovskis ir sniedzis atbildi Saeimas Piepras\u012bjumu komisijai saist\u012bb\u0101 ar jaut\u0101jumiem par Valsts policijas r\u012bc\u012bbu tr\u012bs su\u0146u no\u0161au\u0161anas gad\u012bjum\u0101 Bauskas novada Brunavas pagast\u0101. Ministrs skaidro, ka vi\u0146am k\u0101 amatpersonai nav pie\u0161\u0137irtas pilnvaras tie\u0161i uzdot veikt procesu\u0101l\u0101s darb\u012bbas vai uzraudz\u012bt krimin\u0101lprocesu.<\/p>\n<p>Kozlovska atbilde par pilnvar\u0101m un krimin\u0101lprocesu<\/p>\n<p>\u0160is skaidrojums tika sniegts p\u0113c partijas &#8220;Latvija pirmaj\u0101 viet\u0101&#8221; deput\u0101tu piepras\u012bjuma izskat\u012b\u0161anas. Deput\u0101ti v\u0113l\u0113j\u0101s noskaidrot Valsts policijas atbild\u012bbu konkr\u0113taj\u0101 gad\u012bjum\u0101. Kozlovska rakstisk\u0101 atbilde uzsver, ka likumdo\u0161ana neparedz ministra person\u012bgu iejauk\u0161anos un procesu\u0101lu darb\u012bbu uzdo\u0161anu krimin\u0101lprocesos. \u0160\u0101das pilnvaras nav paredz\u0113tas ministru amata aprakst\u0101 vai kompetenc\u0113, t\u0101d\u0113j\u0101di ministrs nevar tie\u0161i ietekm\u0113t izmekl\u0113\u0161anas gaitu vai piepras\u012bt konkr\u0113tu darb\u012bbu veik\u0161anu.<\/p>\n<p>Policijas atbild\u012bba un dienesta p\u0101rbaude<\/p>\n<p>Lai gan ministrs nevar uzdot procesu\u0101l\u0101s darb\u012bbas, tas nenoz\u012bm\u0113, ka nav iesp\u0113jama dienesta p\u0101rbaude vai iek\u0161\u0113j\u0101 kontrole p\u0101r policijas darbu. Likum\u0101 noteiktaj\u0101 k\u0101rt\u012bb\u0101 policijas amatpersonu darb\u012bbas var tikt izv\u0113rt\u0113tas, ja ir pamats uzskat\u012bt, ka t\u0101s ir biju\u0161as nepamatotas vai neatbilsto\u0161as likumam. \u0160\u0101dos gad\u012bjumos var tikt uzs\u0101kta dienesta p\u0101rbaude, lai noskaidrotu visus apst\u0101k\u013cus un pie\u0146emtu atbilsto\u0161us l\u0113mumus. Tom\u0113r pati procesa virz\u012bba un procesu\u0101lo l\u0113mumu pie\u0146em\u0161ana ir j\u0101veic atbilsto\u0161i Krimin\u0101lprocesa likuma norm\u0101m, nevis politisk\u0101m vai \u0101r\u0113j\u0101m nor\u0101d\u0113m.<\/p>\n<p>Sabiedr\u012bbas reakcija un ba\u017eas par dz\u012bvnieku labtur\u012bbu<\/p>\n<p>Gad\u012bjums ar tr\u012bs no\u0161autajiem su\u0146iem ir izrais\u012bjis pla\u0161u rezonansi sabiedr\u012bb\u0101, radot ba\u017eas par dz\u012bvnieku labtur\u012bbas jaut\u0101jumiem un policijas r\u012bc\u012bbas adekv\u0101tumu. Daudzi iedz\u012bvot\u0101ji pau\u017e neizpratni un sa\u0161utumu par notiku\u0161o, uzsverot, ka pret dz\u012bvniekiem ir j\u0101izturas ar cie\u0146u un atbild\u012bgi. \u0160\u0101di incidenti bie\u017ei vien aktualiz\u0113 nepiecie\u0161am\u012bbu p\u0113c stingr\u0101kiem normat\u012bviem aktiem dz\u012bvnieku aizsardz\u012bbas jom\u0101 un efekt\u012bv\u0101kas to piem\u0113ro\u0161anas uzraudz\u012bbas. Sabiedr\u012bbas spiediens un interese par \u0161\u0101diem gad\u012bjumiem ir dabiska un svar\u012bga, jo t\u0101 veicina atbild\u012bbas mekl\u0113\u0161anu un centienus uzlabot situ\u0101ciju kopum\u0101.<\/p>\n<p>Likumdo\u0161anas ietvars un iesp\u0113jam\u0101s izmai\u0146as<\/p>\n<p>Lai gan \u0161obr\u012bd ministrs nevar tie\u0161i iejaukties krimin\u0101lproces\u0101, iesp\u0113jams, ka \u0161\u012b un l\u012bdz\u012bgas situ\u0101cijas mudin\u0101s politi\u0137us un likumdev\u0113jus izv\u0113rt\u0113t eso\u0161\u0101 likumdo\u0161anas ietvara atbilst\u012bbu un apsv\u0113rt nepiecie\u0161am\u0101s izmai\u0146as. T\u0101s var\u0113tu b\u016bt saist\u012btas gan ar policijas darba uzraudz\u012bbas meh\u0101nismiem, gan ar\u012b ar pa\u0161iem dz\u012bvnieku aizsardz\u012bbas likumiem. Svar\u012bgi ir atrast l\u012bdzsvaru starp nepiecie\u0161am\u012bbu nodro\u0161in\u0101t tiesiskumu un nov\u0113rst politisku iejauk\u0161anos izmekl\u0113\u0161an\u0101, un vienlaic\u012bgi garant\u0113t, ka dz\u012bvnieku labtur\u012bbas jaut\u0101jumi tiek risin\u0101ti pien\u0101c\u012bgi un efekt\u012bvi. Gad\u012bjuma izmekl\u0113\u0161anas gaita un t\u0101s rezult\u0101ti noteikti tiks r\u016bp\u012bgi sekoti l\u012bdzi gan no sabiedr\u012bbas, gan ar\u012b no politisko aprindu puses.<\/p>\n","protected":false},"excerpt":{"rendered":"Ministrs nevar uzdot procesu\u0101l\u0101s darb\u012bbas su\u0146u no\u0161au\u0161anas liet\u0101 Iek\u0161lietu ministrs Rihards Kozlovskis ir sniedzis atbildi Saeimas Piepras\u012bjumu komisijai&hellip;\n","protected":false},"author":2,"featured_media":37622,"comment_status":"","ping_status":"","sticky":false,"template":"","format":"standard","meta":{"footnotes":""},"categories":[5],"tags":[23,28,29,7275,32,33,22,6786,30,31,35,39,38,36,37,34,40,20,26,27,1398,8138,24,25,138,21],"class_list":{"0":"post-37621","1":"post","2":"type-post","3":"status-publish","4":"format-standard","5":"has-post-thumbnail","7":"category-aktualitates","8":"tag-aktualitates","9":"tag-breaking-news","10":"tag-breakingnews","11":"tag-dzivnieku-labturiba","12":"tag-featured-news","13":"tag-featurednews","14":"tag-headlines","15":"tag-kriminalprocess","16":"tag-latest-news","17":"tag-latestnews","18":"tag-latvia","19":"tag-latvian","20":"tag-latviesu","21":"tag-latviesu-valoda","22":"tag-latviesuvaloda","23":"tag-latvija","24":"tag-lv","25":"tag-news","26":"tag-popularakas-zinas","27":"tag-popularakaszinas","28":"tag-rihards-kozlovskis","29":"tag-sunu-nosausana","30":"tag-top-stories","31":"tag-topstories","32":"tag-valsts-policija","33":"tag-zinas"},"share_on_mastodon":{"url":"https:\/\/pubeurope.com\/@lv\/115479372299569573","error":""},"_links":{"self":[{"href":"https:\/\/www.europesays.com\/lv\/wp-json\/wp\/v2\/posts\/37621","targetHints":{"allow":["GET"]}}],"collection":[{"href":"https:\/\/www.europesays.com\/lv\/wp-json\/wp\/v2\/posts"}],"about":[{"href":"https:\/\/www.europesays.com\/lv\/wp-json\/wp\/v2\/types\/post"}],"author":[{"embeddable":true,"href":"https:\/\/www.europesays.com\/lv\/wp-json\/wp\/v2\/users\/2"}],"replies":[{"embeddable":true,"href":"https:\/\/www.europesays.com\/lv\/wp-json\/wp\/v2\/comments?post=37621"}],"version-history":[{"count":0,"href":"https:\/\/www.europesays.com\/lv\/wp-json\/wp\/v2\/posts\/37621\/revisions"}],"wp:featuredmedia":[{"embeddable":true,"href":"https:\/\/www.europesays.com\/lv\/wp-json\/wp\/v2\/media\/37622"}],"wp:attachment":[{"href":"https:\/\/www.europesays.com\/lv\/wp-json\/wp\/v2\/media?parent=37621"}],"wp:term":[{"taxonomy":"category","embeddable":true,"href":"https:\/\/www.europesays.com\/lv\/wp-json\/wp\/v2\/categories?post=37621"},{"taxonomy":"post_tag","embeddable":true,"href":"https:\/\/www.europesays.com\/lv\/wp-json\/wp\/v2\/tags?post=37621"}],"curies":[{"name":"wp","href":"https:\/\/api.w.org\/{rel}","templated":true}]}}