{"id":37630,"date":"2025-11-02T09:45:04","date_gmt":"2025-11-02T09:45:04","guid":{"rendered":"https:\/\/www.europesays.com\/lv\/37630\/"},"modified":"2025-11-02T09:45:04","modified_gmt":"2025-11-02T09:45:04","slug":"porzinga-parstavetajai-hawks-ilgaku-laiku-bus-jaiztiek-bez-lidera-janga","status":"publish","type":"post","link":"https:\/\/www.europesays.com\/lv\/37630\/","title":{"rendered":"Porzi\u0146\u0123a p\u0101rst\u0101v\u0113tajai &#8220;Hawks&#8221; ilg\u0101ku laiku b\u016bs j\u0101iztiek bez l\u012bdera Janga"},"content":{"rendered":"<p>Tre\u0161dienas ma\u010d\u0101 pret Bruklinas &#8220;Nets&#8221; Jangs guva lab\u0101s k\u0101jas ce\u013cgala savainojumu. P\u0113c r\u016bp\u012bgiem izmekl\u0113jumiem konstat\u0113ts, ka basketbolists guvis medi\u0101l\u0101s s\u0101nu saites sastiepumu.<\/p>\n<p>Krustenisk\u0101s ce\u013cgala saites nav boj\u0101tas, k\u0101 ar\u012b magn\u0113tiskaj\u0101 rezonans\u0113 netika konstat\u0113ti pl\u012bsumi vai l\u016bzumi kaulos.<\/p>\n<p>Janga iesp\u0113jam\u0101 atgrie\u0161an\u0101s laukum\u0101 tiks v\u0113rt\u0113ta p\u0113c aptuveni \u010detr\u0101m ned\u0113\u013c\u0101m. L\u012bdz ar to &#8220;Hawks&#8221; sasp\u0113les vad\u012bt\u0101js, visticam\u0101k, nepiedal\u012bsies turpm\u0101kaj\u0101s 15 sp\u0113l\u0113s.<\/p>\n<p>Pirms traumas g\u016b\u0161anas Jangs \u010detr\u0101s sp\u0113l\u0113s vid\u0113ji guva 20,8 punktus. Iepriek\u0161\u0113j\u0101s sezonas <a href=\"https:\/\/sports.tvnet.lv\/term\/10004\/nba\" class=\"topicLink\" target=\"_blank\" rel=\"nofollow noopener\">NBA<\/a> l\u012bderis rezultat\u012bvaj\u0101s piesp\u0113l\u0113s vid\u0113ji ma\u010d\u0101 (11,6), Jangs \u0161osezon caurm\u0113r\u0101 vien\u0101 sp\u0113l\u0113 asist\u0113jis 7,8 uzbrukumos.<\/p>\n<p>&#8220;Hawks&#8221; ar tr\u012bs uzvar\u0101m se\u0161\u0101s sp\u0113l\u0113s ie\u0146em sesto vietu Austrumu konferenc\u0113.<\/p>\n","protected":false},"excerpt":{"rendered":"Tre\u0161dienas ma\u010d\u0101 pret Bruklinas &#8220;Nets&#8221; Jangs guva lab\u0101s k\u0101jas ce\u013cgala savainojumu. P\u0113c r\u016bp\u012bgiem izmekl\u0113jumiem konstat\u0113ts, ka basketbolists guvis&hellip;\n","protected":false},"author":2,"featured_media":37631,"comment_status":"","ping_status":"","sticky":false,"template":"","format":"standard","meta":{"footnotes":""},"categories":[5],"tags":[23,4136,28,29,32,33,22,1260,30,31,35,39,38,36,37,34,40,1258,20,26,27,24,25,6655,21],"class_list":{"0":"post-37630","1":"post","2":"type-post","3":"status-publish","4":"format-standard","5":"has-post-thumbnail","7":"category-aktualitates","8":"tag-aktualitates","9":"tag-atlanta-hawks","10":"tag-breaking-news","11":"tag-breakingnews","12":"tag-featured-news","13":"tag-featurednews","14":"tag-headlines","15":"tag-kristaps-porzingis","16":"tag-latest-news","17":"tag-latestnews","18":"tag-latvia","19":"tag-latvian","20":"tag-latviesu","21":"tag-latviesu-valoda","22":"tag-latviesuvaloda","23":"tag-latvija","24":"tag-lv","25":"tag-nba","26":"tag-news","27":"tag-popularakas-zinas","28":"tag-popularakaszinas","29":"tag-top-stories","30":"tag-topstories","31":"tag-trejs-jangs","32":"tag-zinas"},"share_on_mastodon":{"url":"https:\/\/pubeurope.com\/@lv\/115479466744811130","error":""},"_links":{"self":[{"href":"https:\/\/www.europesays.com\/lv\/wp-json\/wp\/v2\/posts\/37630","targetHints":{"allow":["GET"]}}],"collection":[{"href":"https:\/\/www.europesays.com\/lv\/wp-json\/wp\/v2\/posts"}],"about":[{"href":"https:\/\/www.europesays.com\/lv\/wp-json\/wp\/v2\/types\/post"}],"author":[{"embeddable":true,"href":"https:\/\/www.europesays.com\/lv\/wp-json\/wp\/v2\/users\/2"}],"replies":[{"embeddable":true,"href":"https:\/\/www.europesays.com\/lv\/wp-json\/wp\/v2\/comments?post=37630"}],"version-history":[{"count":0,"href":"https:\/\/www.europesays.com\/lv\/wp-json\/wp\/v2\/posts\/37630\/revisions"}],"wp:featuredmedia":[{"embeddable":true,"href":"https:\/\/www.europesays.com\/lv\/wp-json\/wp\/v2\/media\/37631"}],"wp:attachment":[{"href":"https:\/\/www.europesays.com\/lv\/wp-json\/wp\/v2\/media?parent=37630"}],"wp:term":[{"taxonomy":"category","embeddable":true,"href":"https:\/\/www.europesays.com\/lv\/wp-json\/wp\/v2\/categories?post=37630"},{"taxonomy":"post_tag","embeddable":true,"href":"https:\/\/www.europesays.com\/lv\/wp-json\/wp\/v2\/tags?post=37630"}],"curies":[{"name":"wp","href":"https:\/\/api.w.org\/{rel}","templated":true}]}}