{"id":37654,"date":"2025-11-02T10:11:09","date_gmt":"2025-11-02T10:11:09","guid":{"rendered":"https:\/\/www.europesays.com\/lv\/37654\/"},"modified":"2025-11-02T10:11:09","modified_gmt":"2025-11-02T10:11:09","slug":"arina-sobolenko-sanema-pirmas-pasaules-raketes-balvu-pec-2025-gada-rezultatiem","status":"publish","type":"post","link":"https:\/\/www.europesays.com\/lv\/37654\/","title":{"rendered":"Arina Sobolenko sa\u0146\u0113ma pirm\u0101s pasaules raketes balvu p\u0113c 2025. gada rezult\u0101tiem"},"content":{"rendered":"<p>Baltkrievu tenisiste Arina Sobolenko v\u0113l tikai gatavojas piedal\u012bties WTA Fin\u0101lturn\u012br\u0101, ta\u010du jau sa\u0146\u0113musi no organizatoriem pirm\u0101s pasaules raketes balvu p\u0113c 2025. gada rezult\u0101tiem.<\/p>\n<p>K\u0101 jau zi\u0146ots, Sobolenko \u0161aj\u0101 sezon\u0101 vairs nav atkar\u012bga no savu pretinie\u010du snieguma, lai saglab\u0101tu pirmo vietu WTA rang\u0101.<\/p>\n<p>Pirm\u0101s ar l\u012bdz\u012bgu sasniegumu kol\u0113\u0123i apsveica sp\u0101niete Garbi\u00f1e Muguruza un rum\u0101niete Simona Halep.<\/p>\n","protected":false},"excerpt":{"rendered":"Baltkrievu tenisiste Arina Sobolenko v\u0113l tikai gatavojas piedal\u012bties WTA Fin\u0101lturn\u012br\u0101, ta\u010du jau sa\u0146\u0113musi no organizatoriem pirm\u0101s pasaules raketes&hellip;\n","protected":false},"author":2,"featured_media":37655,"comment_status":"","ping_status":"","sticky":false,"template":"","format":"standard","meta":{"footnotes":""},"categories":[17],"tags":[35,39,38,36,37,34,40,67],"class_list":{"0":"post-37654","1":"post","2":"type-post","3":"status-publish","4":"format-standard","5":"has-post-thumbnail","7":"category-sports","8":"tag-latvia","9":"tag-latvian","10":"tag-latviesu","11":"tag-latviesu-valoda","12":"tag-latviesuvaloda","13":"tag-latvija","14":"tag-lv","15":"tag-sports"},"share_on_mastodon":{"url":"https:\/\/pubeurope.com\/@lv\/115479568893360645","error":""},"_links":{"self":[{"href":"https:\/\/www.europesays.com\/lv\/wp-json\/wp\/v2\/posts\/37654","targetHints":{"allow":["GET"]}}],"collection":[{"href":"https:\/\/www.europesays.com\/lv\/wp-json\/wp\/v2\/posts"}],"about":[{"href":"https:\/\/www.europesays.com\/lv\/wp-json\/wp\/v2\/types\/post"}],"author":[{"embeddable":true,"href":"https:\/\/www.europesays.com\/lv\/wp-json\/wp\/v2\/users\/2"}],"replies":[{"embeddable":true,"href":"https:\/\/www.europesays.com\/lv\/wp-json\/wp\/v2\/comments?post=37654"}],"version-history":[{"count":0,"href":"https:\/\/www.europesays.com\/lv\/wp-json\/wp\/v2\/posts\/37654\/revisions"}],"wp:featuredmedia":[{"embeddable":true,"href":"https:\/\/www.europesays.com\/lv\/wp-json\/wp\/v2\/media\/37655"}],"wp:attachment":[{"href":"https:\/\/www.europesays.com\/lv\/wp-json\/wp\/v2\/media?parent=37654"}],"wp:term":[{"taxonomy":"category","embeddable":true,"href":"https:\/\/www.europesays.com\/lv\/wp-json\/wp\/v2\/categories?post=37654"},{"taxonomy":"post_tag","embeddable":true,"href":"https:\/\/www.europesays.com\/lv\/wp-json\/wp\/v2\/tags?post=37654"}],"curies":[{"name":"wp","href":"https:\/\/api.w.org\/{rel}","templated":true}]}}