{"id":37681,"date":"2025-11-02T11:15:08","date_gmt":"2025-11-02T11:15:08","guid":{"rendered":"https:\/\/www.europesays.com\/lv\/37681\/"},"modified":"2025-11-02T11:15:08","modified_gmt":"2025-11-02T11:15:08","slug":"sleseram-naves-draudus-izteikusais-cilveks-nogadats-arstniecibas-iestade","status":"publish","type":"post","link":"https:\/\/www.europesays.com\/lv\/37681\/","title":{"rendered":"\u0160leseram n\u0101ves draudus izteiku\u0161ais cilv\u0113ks nog\u0101d\u0101ts \u0101rstniec\u012bbas iest\u0101d\u0113"},"content":{"rendered":"<p>Pla\u0161\u0101kus koment\u0101rus VP \u0161obr\u012bd nesniegs.<\/p>\n<p>K\u0101 zi\u0146ots, VP sestdien aiztur\u0113ja \u0160leseram n\u0101ves draudus izteiku\u0161o cilv\u0113ku, un t\u0101 atrad\u0101s \u012bslaic\u012bgas aiztur\u0113\u0161anas viet\u0101.<\/p>\n<p>Par notiku\u0161o ir s\u0101kts krimin\u0101lprocess p\u0113c Krimin\u0101llikuma 132.panta par draudiem izdar\u012bt slepkav\u012bbu un nodar\u012bt smagu miesas boj\u0101jumu, ja ir bijis pamats baid\u012bties, ka \u0161ie draudi var tikt izpild\u012bti. Par \u0161\u0101du noziegumu, ja t\u0101ds tiek konstat\u0113ts, Krimin\u0101llikum\u0101 paredz\u0113ts sods ar br\u012bv\u012bbas at\u0146em\u0161anu uz laiku l\u012bdz vienam gadam vai ar \u012bslaic\u012bgu br\u012bv\u012bbas at\u0146em\u0161anu, vai ar prob\u0101cijas uzraudz\u012bbu.<\/p>\n<p>Policij\u0101 skaidro, ka izmekl\u0113\u0161ana turpin\u0101s prokurat\u016bras uzraudz\u012bb\u0101, lai saprastu t\u0101l\u0101ku procesa virz\u012bbu un perspekt\u012bvu.<\/p>\n<p>\u0145emot v\u0113r\u0101 personas datu aizsardz\u012bbu, policija nevar koment\u0113t personas darb\u012bbu mot\u012bvus, lai gan tie esot saprotami, jo cilv\u0113ks iepriek\u0161 jau ir non\u0101cis gan policijas, gan medi\u0137u redzeslok\u0101.<\/p>\n<p>Veikti pas\u0101kumi, lai noskaidrotu personas atra\u0161an\u0101s vietu, jo policijai netika sniegta inform\u0101cija, ka persona ir izlaista no medic\u012bnas iest\u0101des, kur iepriek\u0161 tika nog\u0101d\u0101ta.<\/p>\n<p>VP iesniegumu par notiku\u0161o sa\u0146\u0113musi vakar ap plkst. 23. Iesniegums saska\u0146\u0101 ar Krimin\u0101lprocesa likuma 7. pantu \u0161\u0101dos gad\u012bjumos \u2013 par draudiem izdar\u012bt slepkav\u012bbu, ja ir bijis pamats baid\u012bties, ka \u0161ie draudi var tikt izpild\u012bti \u2013 ir nepiecie\u0161ams, lai uzs\u0101ktu krimin\u0101lprocesu.<\/p>\n<p class=\"ad-desc ad-desc-main\">Saturs turpin\u0101s p\u0113c rekl\u0101mas<\/p>\n<p class=\"ad-desc ad-desc-sec\">Rekl\u0101ma<\/p>\n<p>Jau v\u0113st\u012bts, ka \u0160leseram vakar izteikti draudi no\u0161aut, t\u0101p\u0113c vi\u0146\u0161 v\u0113rsies \u201cdro\u0161\u012bbas dienestos\u201d, teikts partijas izplat\u012btaj\u0101 pazi\u0146ojum\u0101.<\/p>\n<p>LPV p\u0101rst\u0101ve L\u012bga Krap\u0101ne a\u0123ent\u016brai LETA preciz\u0113ja, ka \u0160lesers draudus sa\u0146\u0113mis s\u016bt\u012bjum\u0101 soci\u0101lajos medijos. P\u0113c tam \u0160lesers uzreiz v\u0113rsies policij\u0101.<\/p>\n<p>Valsts policijas Sabiedrisko attiec\u012bbu noda\u013c\u0101 a\u0123ent\u016bru LETA iepriek\u0161 inform\u0113ja, ka interneta vid\u0113 izplat\u012bts video, kur\u0101, iesp\u0113jams, izteikti draudi un bijusi v\u0113rojama pret personu v\u0113rsta agres\u012bva uzved\u012bba. Policija noskaidrojusi video autoru un s\u0101kusi administrat\u012bvo procesu.<\/p>\n<p>\u0160lesera partija, kuras politi\u0137i pa\u0161i nereti izce\u013cas ar agres\u012bvu retoriku, pazi\u0146ojum\u0101 vaino savus politiskos oponentus, kas kurinot naidu pret \u0160leseru, kas savuk\u0101rt esot novedis pie draudiem.<\/p>\n<p class=\"tv3-fw-500\">Zi\u0146o par k\u013c\u016bdu rakst\u0101<\/p>\n<p class=\"d-md-block d-none\">Iez\u012bm\u0113 k\u013c\u016bdaino tekstu un spied Ctrl+Enter.<\/p>\n<p class=\"d-md-none d-block\">Iez\u012bm\u0113 k\u013c\u016bdaino tekstu un zi\u0146o par to!<\/p>\n","protected":false},"excerpt":{"rendered":"Pla\u0161\u0101kus koment\u0101rus VP \u0161obr\u012bd nesniegs. K\u0101 zi\u0146ots, VP sestdien aiztur\u0113ja \u0160leseram n\u0101ves draudus izteiku\u0161o cilv\u0113ku, un t\u0101 atrad\u0101s&hellip;\n","protected":false},"author":2,"featured_media":2619,"comment_status":"","ping_status":"","sticky":false,"template":"","format":"standard","meta":{"footnotes":""},"categories":[5],"tags":[10776,23,28,29,32,33,22,30,31,35,39,38,36,37,34,40,20,26,27,24,25,21],"class_list":{"0":"post-37681","1":"post","2":"type-post","3":"status-publish","4":"format-standard","5":"has-post-thumbnail","7":"category-aktualitates","8":"tag-ainars-sleserslatvija-pirmaja-vieta","9":"tag-aktualitates","10":"tag-breaking-news","11":"tag-breakingnews","12":"tag-featured-news","13":"tag-featurednews","14":"tag-headlines","15":"tag-latest-news","16":"tag-latestnews","17":"tag-latvia","18":"tag-latvian","19":"tag-latviesu","20":"tag-latviesu-valoda","21":"tag-latviesuvaloda","22":"tag-latvija","23":"tag-lv","24":"tag-news","25":"tag-popularakas-zinas","26":"tag-popularakaszinas","27":"tag-top-stories","28":"tag-topstories","29":"tag-zinas"},"share_on_mastodon":{"url":"https:\/\/pubeurope.com\/@lv\/115479820648730253","error":""},"_links":{"self":[{"href":"https:\/\/www.europesays.com\/lv\/wp-json\/wp\/v2\/posts\/37681","targetHints":{"allow":["GET"]}}],"collection":[{"href":"https:\/\/www.europesays.com\/lv\/wp-json\/wp\/v2\/posts"}],"about":[{"href":"https:\/\/www.europesays.com\/lv\/wp-json\/wp\/v2\/types\/post"}],"author":[{"embeddable":true,"href":"https:\/\/www.europesays.com\/lv\/wp-json\/wp\/v2\/users\/2"}],"replies":[{"embeddable":true,"href":"https:\/\/www.europesays.com\/lv\/wp-json\/wp\/v2\/comments?post=37681"}],"version-history":[{"count":0,"href":"https:\/\/www.europesays.com\/lv\/wp-json\/wp\/v2\/posts\/37681\/revisions"}],"wp:featuredmedia":[{"embeddable":true,"href":"https:\/\/www.europesays.com\/lv\/wp-json\/wp\/v2\/media\/2619"}],"wp:attachment":[{"href":"https:\/\/www.europesays.com\/lv\/wp-json\/wp\/v2\/media?parent=37681"}],"wp:term":[{"taxonomy":"category","embeddable":true,"href":"https:\/\/www.europesays.com\/lv\/wp-json\/wp\/v2\/categories?post=37681"},{"taxonomy":"post_tag","embeddable":true,"href":"https:\/\/www.europesays.com\/lv\/wp-json\/wp\/v2\/tags?post=37681"}],"curies":[{"name":"wp","href":"https:\/\/api.w.org\/{rel}","templated":true}]}}