{"id":37707,"date":"2025-11-02T11:43:08","date_gmt":"2025-11-02T11:43:08","guid":{"rendered":"https:\/\/www.europesays.com\/lv\/37707\/"},"modified":"2025-11-02T11:43:08","modified_gmt":"2025-11-02T11:43:08","slug":"sis-nav-par-konvenciju-bet-par-demokratiju-un-matematiku","status":"publish","type":"post","link":"https:\/\/www.europesays.com\/lv\/37707\/","title":{"rendered":"\u0161is nav par konvenciju, bet par demokr\u0101tiju un matem\u0101tiku"},"content":{"rendered":"<p data-end=\"1253\" data-start=\"850\">Vi\u0146\u0161 uzsver, ka runas par \u201ctautas balss\u201d ignor\u0113\u0161anu \u0161aj\u0101 gad\u012bjum\u0101 nav pamatotas, jo Stambulas konvencija Saeim\u0101 ratific\u0113ta\u00a0politisko vieno\u0161anos, nevis v\u0113l\u0113t\u0101ju gribas izpausmes\u00a0rezult\u0101t\u0101. Mendzi\u0146\u0161 ar\u012b atsaucas uz Nassima Nikolasa Taleba j\u0113dzienu par \u201csp\u012bt\u012bgo maz\u0101kumu\u201d, nor\u0101dot, ka \u0161oreiz \u0161is maz\u0101kums sabiedr\u012bb\u0101 nav p\u0101rsp\u0113jis vair\u0101kuma nost\u0101ju \u2013 un tas, vi\u0146apr\u0101t, esot pozit\u012bvi demokr\u0101tijas zi\u0146\u0101.<\/p>\n","protected":false},"excerpt":{"rendered":"Vi\u0146\u0161 uzsver, ka runas par \u201ctautas balss\u201d ignor\u0113\u0161anu \u0161aj\u0101 gad\u012bjum\u0101 nav pamatotas, jo Stambulas konvencija Saeim\u0101 ratific\u0113ta\u00a0politisko vieno\u0161anos,&hellip;\n","protected":false},"author":2,"featured_media":37708,"comment_status":"","ping_status":"","sticky":false,"template":"","format":"standard","meta":{"footnotes":""},"categories":[14],"tags":[23,57,28,29,32,33,22,30,31,35,39,38,36,37,34,40,20,26,27,24,25,54,55,56,21,58],"class_list":{"0":"post-37707","1":"post","2":"type-post","3":"status-publish","4":"format-standard","5":"has-post-thumbnail","7":"category-zinas-no-arvalstim","8":"tag-aktualitates","9":"tag-arvalstim","10":"tag-breaking-news","11":"tag-breakingnews","12":"tag-featured-news","13":"tag-featurednews","14":"tag-headlines","15":"tag-latest-news","16":"tag-latestnews","17":"tag-latvia","18":"tag-latvian","19":"tag-latviesu","20":"tag-latviesu-valoda","21":"tag-latviesuvaloda","22":"tag-latvija","23":"tag-lv","24":"tag-news","25":"tag-popularakas-zinas","26":"tag-popularakaszinas","27":"tag-top-stories","28":"tag-topstories","29":"tag-world","30":"tag-world-news","31":"tag-worldnews","32":"tag-zinas","33":"tag-zinas-no-arvalstim"},"share_on_mastodon":{"url":"https:\/\/pubeurope.com\/@lv\/115479930775324950","error":""},"_links":{"self":[{"href":"https:\/\/www.europesays.com\/lv\/wp-json\/wp\/v2\/posts\/37707","targetHints":{"allow":["GET"]}}],"collection":[{"href":"https:\/\/www.europesays.com\/lv\/wp-json\/wp\/v2\/posts"}],"about":[{"href":"https:\/\/www.europesays.com\/lv\/wp-json\/wp\/v2\/types\/post"}],"author":[{"embeddable":true,"href":"https:\/\/www.europesays.com\/lv\/wp-json\/wp\/v2\/users\/2"}],"replies":[{"embeddable":true,"href":"https:\/\/www.europesays.com\/lv\/wp-json\/wp\/v2\/comments?post=37707"}],"version-history":[{"count":0,"href":"https:\/\/www.europesays.com\/lv\/wp-json\/wp\/v2\/posts\/37707\/revisions"}],"wp:featuredmedia":[{"embeddable":true,"href":"https:\/\/www.europesays.com\/lv\/wp-json\/wp\/v2\/media\/37708"}],"wp:attachment":[{"href":"https:\/\/www.europesays.com\/lv\/wp-json\/wp\/v2\/media?parent=37707"}],"wp:term":[{"taxonomy":"category","embeddable":true,"href":"https:\/\/www.europesays.com\/lv\/wp-json\/wp\/v2\/categories?post=37707"},{"taxonomy":"post_tag","embeddable":true,"href":"https:\/\/www.europesays.com\/lv\/wp-json\/wp\/v2\/tags?post=37707"}],"curies":[{"name":"wp","href":"https:\/\/api.w.org\/{rel}","templated":true}]}}