{"id":37711,"date":"2025-11-02T11:49:14","date_gmt":"2025-11-02T11:49:14","guid":{"rendered":"https:\/\/www.europesays.com\/lv\/37711\/"},"modified":"2025-11-02T11:49:14","modified_gmt":"2025-11-02T11:49:14","slug":"irinas-zarutskas-slepkaviba-asv-aizdomas-turetajam-draud-navessods","status":"publish","type":"post","link":"https:\/\/www.europesays.com\/lv\/37711\/","title":{"rendered":"Irinas Zarutskas slepkav\u012bba ASV: aizdom\u0101s tur\u0113tajam draud n\u0101vessods"},"content":{"rendered":"<p class=\"descr\">V\u012brietim, kuru tur aizdom\u0101s par 23 gadus vec\u0101s ukrainietes Irinas Zarutskas slepkav\u012bbu Amerikas Savienotaj\u0101s Valst\u012bs, draud n\u0101vessods, v\u0113sta &#8220;NBC News&#8221;.<\/p>\n<p>Zieme\u013ckarol\u012bnas feder\u0101laj\u0101 ties\u0101 34 gadus vecajam Dekarlosam Braunam jaun\u0101kajam ir izvirz\u012btas aps\u016bdz\u012bbas par ukrainietes n\u0101v\u0113jo\u0161u sadur\u0161anu.<\/p>\n<p>Braunam tiek izvirz\u012btas ar\u012b aps\u016bdz\u012bbas par &#8220;vardarb\u012bgu uzbrukumu dzelzce\u013ca operatoram un sabiedrisk\u0101 transporta sist\u0113mai, k\u0101 rezult\u0101t\u0101 iest\u0101jusies n\u0101ve&#8221;.<\/p>\n<blockquote><p>&#8220;Liel\u0101 \u017e\u016brija atzina, ka Brauns &#8220;t\u012b\u0161i nogalin\u0101ja&#8221; <a href=\"https:\/\/nra.lv\/birka\/irina-zarutska\/\" target=\"_blank\" rel=\"noopener nofollow\">Irinu Zarutsku<\/a> uzbrukuma laik\u0101 \u0160arlotes apgabala transporta sist\u0113mas vilcienam 22. august\u0101. \u0160\u012b aps\u016bdz\u012bba \u013cauj vi\u0146am piespriest n\u0101vessodu,&#8221; zi\u0146o &#8220;NBC News&#8221;.<\/p><\/blockquote>\n<p>Upura \u0123imeni p\u0101rst\u0101vo\u0161\u0101 advok\u0101te Lor\u0113na O. \u0145\u016btone pazi\u0146oja, ka vi\u0146i ir &#8220;apmierin\u0101ti ar aps\u016bdz\u012bbu un cer uz \u0101tru taisn\u012bgumu Irinai&#8221;.<\/p>\n<p>J\u0101atg\u0101dina, ka, saska\u0146\u0101 ar dro\u0161\u012bbas kameru ierakstiem, Zarutska iek\u0101pa vilcien\u0101 plkst. 21.46, ie\u0146emot br\u012bvo vietu Brauna priek\u0161\u0101. Brauns izvilcis no kabatas nazi un tr\u012bs reizes sad\u016bris vi\u0146u no aizmugures. P\u0113c tam Brauns aizb\u0113dzis.<\/p>\n<p>Ukrainiete nomira notikuma viet\u0101. Policija vi\u0146as \u0137erme\u0146a tuvum\u0101 atrada kabatas nazi un sarkanu, asin\u012bm notraip\u012btu kreklu.<\/p>\n<p>Brauns tika arest\u0113ts uz stacijas perona. Septembr\u012b vi\u0146am tika izvirz\u012bta feder\u0101la aps\u016bdz\u012bba par pasa\u017eiera n\u0101ves izrais\u012b\u0161anu sabiedriskaj\u0101 transport\u0101. Viet\u0113j\u0101 policija vi\u0146am izvirz\u012bja aps\u016bdz\u012bbu pirm\u0101s pak\u0101pes slepkav\u012bb\u0101.<\/p>\n<p>\t\t\t\t\t\tinfo<\/p>\n<p>Uzzini pirmais<br \/>kas interesants noticis Latvij\u0101 un pasaul\u0113,<br \/>pievienojoties mums <a href=\"https:\/\/t.me\/neatkariga\" rel=\"nofollow\">Telegram<\/a> vai <a href=\"https:\/\/whatsapp.com\/channel\/0029VaMLFUH5K3zLU5s4wm3y\" rel=\"nofollow noopener\" target=\"_blank\">Whatsapp<\/a> kan\u0101l\u0101<\/p>\n","protected":false},"excerpt":{"rendered":"V\u012brietim, kuru tur aizdom\u0101s par 23 gadus vec\u0101s ukrainietes Irinas Zarutskas slepkav\u012bbu Amerikas Savienotaj\u0101s Valst\u012bs, draud n\u0101vessods, v\u0113sta&hellip;\n","protected":false},"author":2,"featured_media":37712,"comment_status":"","ping_status":"","sticky":false,"template":"","format":"standard","meta":{"footnotes":""},"categories":[14],"tags":[23,57,28,29,32,33,22,30,31,35,39,38,36,37,34,40,20,26,27,24,25,54,55,56,21,58],"class_list":{"0":"post-37711","1":"post","2":"type-post","3":"status-publish","4":"format-standard","5":"has-post-thumbnail","7":"category-zinas-no-arvalstim","8":"tag-aktualitates","9":"tag-arvalstim","10":"tag-breaking-news","11":"tag-breakingnews","12":"tag-featured-news","13":"tag-featurednews","14":"tag-headlines","15":"tag-latest-news","16":"tag-latestnews","17":"tag-latvia","18":"tag-latvian","19":"tag-latviesu","20":"tag-latviesu-valoda","21":"tag-latviesuvaloda","22":"tag-latvija","23":"tag-lv","24":"tag-news","25":"tag-popularakas-zinas","26":"tag-popularakaszinas","27":"tag-top-stories","28":"tag-topstories","29":"tag-world","30":"tag-world-news","31":"tag-worldnews","32":"tag-zinas","33":"tag-zinas-no-arvalstim"},"share_on_mastodon":{"url":"https:\/\/pubeurope.com\/@lv\/115479954334389089","error":""},"_links":{"self":[{"href":"https:\/\/www.europesays.com\/lv\/wp-json\/wp\/v2\/posts\/37711","targetHints":{"allow":["GET"]}}],"collection":[{"href":"https:\/\/www.europesays.com\/lv\/wp-json\/wp\/v2\/posts"}],"about":[{"href":"https:\/\/www.europesays.com\/lv\/wp-json\/wp\/v2\/types\/post"}],"author":[{"embeddable":true,"href":"https:\/\/www.europesays.com\/lv\/wp-json\/wp\/v2\/users\/2"}],"replies":[{"embeddable":true,"href":"https:\/\/www.europesays.com\/lv\/wp-json\/wp\/v2\/comments?post=37711"}],"version-history":[{"count":0,"href":"https:\/\/www.europesays.com\/lv\/wp-json\/wp\/v2\/posts\/37711\/revisions"}],"wp:featuredmedia":[{"embeddable":true,"href":"https:\/\/www.europesays.com\/lv\/wp-json\/wp\/v2\/media\/37712"}],"wp:attachment":[{"href":"https:\/\/www.europesays.com\/lv\/wp-json\/wp\/v2\/media?parent=37711"}],"wp:term":[{"taxonomy":"category","embeddable":true,"href":"https:\/\/www.europesays.com\/lv\/wp-json\/wp\/v2\/categories?post=37711"},{"taxonomy":"post_tag","embeddable":true,"href":"https:\/\/www.europesays.com\/lv\/wp-json\/wp\/v2\/tags?post=37711"}],"curies":[{"name":"wp","href":"https:\/\/api.w.org\/{rel}","templated":true}]}}