{"id":37715,"date":"2025-11-02T11:55:14","date_gmt":"2025-11-02T11:55:14","guid":{"rendered":"https:\/\/www.europesays.com\/lv\/37715\/"},"modified":"2025-11-02T11:55:14","modified_gmt":"2025-11-02T11:55:14","slug":"pieaudzis-treso-valstu-pilsonu-skaits-kas-latvija-pieteicies-vecaku-pabalstiem","status":"publish","type":"post","link":"https:\/\/www.europesays.com\/lv\/37715\/","title":{"rendered":"Pieaudzis tre\u0161o valstu pilso\u0146u skaits, kas Latvij\u0101 pieteicies vec\u0101ku pabalstiem"},"content":{"rendered":"<p>K\u0101 inform\u0113ja VSAA Statistikas da\u013c\u0101, no 844 tre\u0161o valstu vec\u0101ku pabalstu sa\u0146\u0113m\u0113jiem \u0161ogad 332 ir sievietes, bet 512 &#8211; v\u012brie\u0161i.<\/p>\n<p>\u0160ogad min\u0113taj\u0101 period\u0101 liel\u0101k\u0101 da\u013ca &#8211; 30% &#8211; no tre\u0161o valstu pilso\u0146u vec\u0101ku pabalstu sa\u0146\u0113m\u0113jiem ir Ukrainas pilso\u0146i, 23% &#8211; Uzbekist\u0101nas pilso\u0146i, 15% &#8211; Krievijas pilso\u0146i, bet 10% &#8211; Tad\u017eikist\u0101nas pilso\u0146i.<\/p>\n<p>Sal\u012bdzino\u0161i p\u0113rn pirmajos devi\u0146os m\u0113ne\u0161os vec\u0101ku pabalstu sa\u0146\u0113ma 628 tre\u0161o valstu pilso\u0146i, to vid\u016b 337 bija sievietes un 291 v\u012brietis. Savuk\u0101rt 2023. gada period\u0101 no janv\u0101ra l\u012bdz septembrim vec\u0101ku pabalstu sa\u0146\u0113ma 421 tre\u0161o valstu pilsonis, tostarp 265 sievietes un 156 v\u012brie\u0161i.<\/p>\n<p>VSAA r\u012bc\u012bb\u0101 neesot inform\u0101cijas, kuru tre\u0161o valstu pilso\u0146u pabalstu sa\u0146\u0113m\u0113ju b\u0113rni nedz\u012bvo Latvij\u0101, k\u0101 ar\u012b iest\u0101de neesot inform\u0113ta, pamatojoties uz k\u0101da uztur\u0113\u0161an\u0101s at\u013cauju veida pabalstu pieteic\u0113ji uzturas Latvij\u0101.<\/p>\n<p>VSAA Statistikas da\u013c\u0101 v\u0113rt\u0113, ka p\u0113d\u0113jo gadu laik\u0101 b\u016btiski pieaudzis vec\u0101ku pabalsta sa\u0146\u0113m\u0113ju Uzbekist\u0101nas un Tad\u017eikist\u0101nas pilso\u0146u skaits, jo \u012bpa\u0161i pabalstus pieteiku\u0161o v\u012brie\u0161u skaits.<\/p>\n<p>Labkl\u0101j\u012bbas ministrija (LM) atz\u012bm\u0113, ka p\u0113d\u0113jos gados strauji pieaudzis pabalstu piepras\u012bjumu skaits no tre\u0161o valstu pilso\u0146iem, kuri str\u0101d\u0101 Latvij\u0101 uz termin\u0113tu laiku, bet kuru \u0123imene un b\u0113rni dz\u012bvo \u0101rpus Latvijas. Pa\u0161reiz\u0113jais regul\u0113jums \u013cauj \u0161\u0101d\u0101m person\u0101m sa\u0146emt vec\u0101ku pabalstu ar\u012b p\u0113c darba attiec\u012bbu izbeig\u0161an\u0101s un termi\u0146uztur\u0113\u0161an\u0101s at\u013caujas beigu datuma, jo nav noteikts, cik ilgam laikam pabalsts pie\u0161\u0137irams.<\/p>\n","protected":false},"excerpt":{"rendered":"K\u0101 inform\u0113ja VSAA Statistikas da\u013c\u0101, no 844 tre\u0161o valstu vec\u0101ku pabalstu sa\u0146\u0113m\u0113jiem \u0161ogad 332 ir sievietes, bet 512&hellip;\n","protected":false},"author":2,"featured_media":37716,"comment_status":"","ping_status":"","sticky":false,"template":"","format":"standard","meta":{"footnotes":""},"categories":[14],"tags":[23,57,28,29,11026,32,33,22,30,31,35,39,38,36,37,34,40,20,1908,26,27,24,25,54,55,56,21,58],"class_list":{"0":"post-37715","1":"post","2":"type-post","3":"status-publish","4":"format-standard","5":"has-post-thumbnail","7":"category-zinas-no-arvalstim","8":"tag-aktualitates","9":"tag-arvalstim","10":"tag-breaking-news","11":"tag-breakingnews","12":"tag-demografija","13":"tag-featured-news","14":"tag-featurednews","15":"tag-headlines","16":"tag-latest-news","17":"tag-latestnews","18":"tag-latvia","19":"tag-latvian","20":"tag-latviesu","21":"tag-latviesu-valoda","22":"tag-latviesuvaloda","23":"tag-latvija","24":"tag-lv","25":"tag-news","26":"tag-pabalsti","27":"tag-popularakas-zinas","28":"tag-popularakaszinas","29":"tag-top-stories","30":"tag-topstories","31":"tag-world","32":"tag-world-news","33":"tag-worldnews","34":"tag-zinas","35":"tag-zinas-no-arvalstim"},"share_on_mastodon":{"url":"https:\/\/pubeurope.com\/@lv\/115479977903706203","error":""},"_links":{"self":[{"href":"https:\/\/www.europesays.com\/lv\/wp-json\/wp\/v2\/posts\/37715","targetHints":{"allow":["GET"]}}],"collection":[{"href":"https:\/\/www.europesays.com\/lv\/wp-json\/wp\/v2\/posts"}],"about":[{"href":"https:\/\/www.europesays.com\/lv\/wp-json\/wp\/v2\/types\/post"}],"author":[{"embeddable":true,"href":"https:\/\/www.europesays.com\/lv\/wp-json\/wp\/v2\/users\/2"}],"replies":[{"embeddable":true,"href":"https:\/\/www.europesays.com\/lv\/wp-json\/wp\/v2\/comments?post=37715"}],"version-history":[{"count":0,"href":"https:\/\/www.europesays.com\/lv\/wp-json\/wp\/v2\/posts\/37715\/revisions"}],"wp:featuredmedia":[{"embeddable":true,"href":"https:\/\/www.europesays.com\/lv\/wp-json\/wp\/v2\/media\/37716"}],"wp:attachment":[{"href":"https:\/\/www.europesays.com\/lv\/wp-json\/wp\/v2\/media?parent=37715"}],"wp:term":[{"taxonomy":"category","embeddable":true,"href":"https:\/\/www.europesays.com\/lv\/wp-json\/wp\/v2\/categories?post=37715"},{"taxonomy":"post_tag","embeddable":true,"href":"https:\/\/www.europesays.com\/lv\/wp-json\/wp\/v2\/tags?post=37715"}],"curies":[{"name":"wp","href":"https:\/\/api.w.org\/{rel}","templated":true}]}}