{"id":37719,"date":"2025-11-02T12:01:07","date_gmt":"2025-11-02T12:01:07","guid":{"rendered":"https:\/\/www.europesays.com\/lv\/37719\/"},"modified":"2025-11-02T12:01:07","modified_gmt":"2025-11-02T12:01:07","slug":"kirils-martinovs-kars-eiropa-klust-par-realitati-putina-del","status":"publish","type":"post","link":"https:\/\/www.europesays.com\/lv\/37719\/","title":{"rendered":"Kirils Martinovs: Kar\u0161 Eirop\u0101 k\u013c\u016bst par realit\u0101ti Putina d\u0113\u013c"},"content":{"rendered":"<p class=\"descr\">Sarun\u0101 ar kan\u0101lu \u201cWitness\u201d filozofs un publicists Kirils Martinovs koment\u0113ja Putina politiku un iesp\u0113jamo kara gaitu.<\/p>\n<p>Kirils Martinovs p\u0113c izgl\u012bt\u012bbas ir \u017eurn\u0101lists, skolot\u0101js un filozofs. Vi\u0146\u0161 vair\u0101k nek\u0101 asto\u0146us gadus str\u0101d\u0101ja laikrakst\u0101 \u201cNovaja Gazeta\u201d un bija pasniedz\u0113js vair\u0101k\u0101s Krievijas izgl\u012bt\u012bbas iest\u0101d\u0113s. Represij\u0101m saasinoties un skolot\u0101jiem tiekot izsl\u0113gtiem no universit\u0101t\u0113m, vi\u0146\u0161 kop\u0101 ar kol\u0113\u0123iem nodibin\u0101ja Br\u012bvo universit\u0101ti. P\u0113c Krievijas iebrukuma Ukrain\u0101 Kirils pameta Krieviju. Kop\u0101 ar kol\u0113\u0123iem vi\u0146\u0161 nodibin\u0101ja laikrakstu \u201cNovaja Gazeta Evropa\u201d, lai turpin\u0101tu run\u0101t un rakst\u012bt krievu valod\u0101, jo t\u0101 nav tikai agresijas vai Putina valoda, p\u0101rliecin\u0101ts ir publicists.<\/p>\n<p>\u201cVi\u0146am vairs nav izejas no kara. Esmu gandr\u012bz p\u0101rliecin\u0101ts, ka Putins vienk\u0101r\u0161i nevar to vairs izbeigt, jo vi\u0146am ir bailes, vi\u0146\u0161 var zaud\u0113t varu,\u201d skaidro Martinovs.<\/p>\n<p>Publicists ir p\u0101rliecin\u0101ts, ka Putinam valsts atgrie\u0161ana \u201cnorm\u0101l\u0101 dz\u012bve\u201d ir drauds gan soci\u0101laj\u0101, gan ekonomiskaj\u0101 aspekt\u0101. \u201cDaudzi vi\u0146am pajaut\u0101s &#8211; kas tas bija? Agr\u0101k vai v\u0113l\u0101k tas notiks. Vi\u0146am to pajaut\u0101s kara uz\u0146\u0113mumu darbinieki, kara veter\u0101ni, pajaut\u0101s ar\u012b cilv\u0113ki, kas cer\u0113ja \u201cizs\u0113d\u0113t\u201d \u0161o karu, t\u0101p\u0113c uzved\u0101s klusi\u0146\u0101m.\u201d<\/p>\n<p>Lai tas nenotiktu, Mihails ir p\u0101rliecin\u0101ts, ka Putinam n\u0101ksies karot t\u0101l\u0101k. Vi\u0146\u0161 v\u0113r\u0161 uzman\u012bbu uz faktu, ka dronu un lidma\u0161\u012bnu nesankcion\u0113ta par\u0101d\u012b\u0161an\u0101s virs Eiropas debes\u012bm s\u0101k\u0101s tie\u0161i p\u0113c slaven\u0101s tik\u0161an\u0101s ar Trampu A\u013cask\u0101. \u201cVi\u0146am \u0161\u0137iet, ka vi\u0146am tur viss lieliski izdev\u0101s. T\u0101 k\u0101 Putinam \u0161\u0137iet, ka vi\u0146\u0161 ir neuzvarams, Eiropa ir \u013coti v\u0101ja, bet Tramps ir sv\u0101rst\u012bgs, <a href=\"https:\/\/nra.lv\/pasaule\/503313-eiropa-gatavojas-iespejamam-lielam-karam-uzkata-bbc.htm\" data-item-link=\"true\" data-item-id=\"503313\" rel=\"nofollow noopener\" target=\"_blank\">kar\u0161 Eirop\u0101 ir realit\u0101te<\/a>, uz ko viss iet,\u201d secina Kirils Martinovs.<\/p>\n<p>\t\t\t\t\t\tinfo<\/p>\n<p>Uzzini pirmais<br \/>kas interesants noticis Latvij\u0101 un pasaul\u0113,<br \/>pievienojoties mums <a href=\"https:\/\/t.me\/neatkariga\" rel=\"nofollow\">Telegram<\/a> vai <a href=\"https:\/\/whatsapp.com\/channel\/0029VaMLFUH5K3zLU5s4wm3y\" rel=\"nofollow noopener\" target=\"_blank\">Whatsapp<\/a> kan\u0101l\u0101<\/p>\n","protected":false},"excerpt":{"rendered":"Sarun\u0101 ar kan\u0101lu \u201cWitness\u201d filozofs un publicists Kirils Martinovs koment\u0113ja Putina politiku un iesp\u0113jamo kara gaitu. Kirils Martinovs&hellip;\n","protected":false},"author":2,"featured_media":37720,"comment_status":"","ping_status":"","sticky":false,"template":"","format":"standard","meta":{"footnotes":""},"categories":[14],"tags":[23,57,28,29,32,33,22,30,31,35,39,38,36,37,34,40,20,26,27,24,25,54,55,56,21,58],"class_list":{"0":"post-37719","1":"post","2":"type-post","3":"status-publish","4":"format-standard","5":"has-post-thumbnail","7":"category-zinas-no-arvalstim","8":"tag-aktualitates","9":"tag-arvalstim","10":"tag-breaking-news","11":"tag-breakingnews","12":"tag-featured-news","13":"tag-featurednews","14":"tag-headlines","15":"tag-latest-news","16":"tag-latestnews","17":"tag-latvia","18":"tag-latvian","19":"tag-latviesu","20":"tag-latviesu-valoda","21":"tag-latviesuvaloda","22":"tag-latvija","23":"tag-lv","24":"tag-news","25":"tag-popularakas-zinas","26":"tag-popularakaszinas","27":"tag-top-stories","28":"tag-topstories","29":"tag-world","30":"tag-world-news","31":"tag-worldnews","32":"tag-zinas","33":"tag-zinas-no-arvalstim"},"share_on_mastodon":{"url":"https:\/\/pubeurope.com\/@lv\/115480001426871417","error":""},"_links":{"self":[{"href":"https:\/\/www.europesays.com\/lv\/wp-json\/wp\/v2\/posts\/37719","targetHints":{"allow":["GET"]}}],"collection":[{"href":"https:\/\/www.europesays.com\/lv\/wp-json\/wp\/v2\/posts"}],"about":[{"href":"https:\/\/www.europesays.com\/lv\/wp-json\/wp\/v2\/types\/post"}],"author":[{"embeddable":true,"href":"https:\/\/www.europesays.com\/lv\/wp-json\/wp\/v2\/users\/2"}],"replies":[{"embeddable":true,"href":"https:\/\/www.europesays.com\/lv\/wp-json\/wp\/v2\/comments?post=37719"}],"version-history":[{"count":0,"href":"https:\/\/www.europesays.com\/lv\/wp-json\/wp\/v2\/posts\/37719\/revisions"}],"wp:featuredmedia":[{"embeddable":true,"href":"https:\/\/www.europesays.com\/lv\/wp-json\/wp\/v2\/media\/37720"}],"wp:attachment":[{"href":"https:\/\/www.europesays.com\/lv\/wp-json\/wp\/v2\/media?parent=37719"}],"wp:term":[{"taxonomy":"category","embeddable":true,"href":"https:\/\/www.europesays.com\/lv\/wp-json\/wp\/v2\/categories?post=37719"},{"taxonomy":"post_tag","embeddable":true,"href":"https:\/\/www.europesays.com\/lv\/wp-json\/wp\/v2\/tags?post=37719"}],"curies":[{"name":"wp","href":"https:\/\/api.w.org\/{rel}","templated":true}]}}