{"id":37721,"date":"2025-11-02T12:07:07","date_gmt":"2025-11-02T12:07:07","guid":{"rendered":"https:\/\/www.europesays.com\/lv\/37721\/"},"modified":"2025-11-02T12:07:07","modified_gmt":"2025-11-02T12:07:07","slug":"tramps-draud-nosutit-karaspeku-uz-nigeriju-lai-partrauktu-kristiesu-nogalinasanu","status":"publish","type":"post","link":"https:\/\/www.europesays.com\/lv\/37721\/","title":{"rendered":"Tramps draud nos\u016bt\u012bt karasp\u0113ku uz Nig\u0113riju, lai p\u0101rtrauktu kristie\u0161u nogalin\u0101\u0161anu"},"content":{"rendered":"<p>Ierakst\u0101 sav\u0101 platform\u0101 &#8220;Truth Social&#8221; Tramps pazi\u0146ojis, ka l\u016bdzis Pentagonam izstr\u0101d\u0101t iesp\u0113jam\u0101s intervences pl\u0101nu.<\/p>\n<p>&#8220;Ja Nig\u0113rijas vald\u012bba turpin\u0101s pie\u013caut kristie\u0161u nogalin\u0101\u0161anu, ASV nekav\u0113joties p\u0101rtrauks jebk\u0101du pal\u012bdz\u012bbu un atbalstu Nig\u0113rijai un, \u013coti iesp\u0113jams, dosies uz \u0161o tagad apkaunoto valsti ar iero\u010diem, lai piln\u012bb\u0101 izn\u012bcin\u0101tu isl\u0101mistu teroristus, kas pastr\u0101d\u0101 \u0161\u012bs briesm\u012bg\u0101s zv\u0113r\u012bbas,&#8221; pav\u0113st\u012bjis Tramps.<\/p>\n<p>&#8220;Ar \u0161o es dodu r\u012bkojumu m\u016bsu Kara ministrijai sagatavoties iesp\u0113jamai r\u012bc\u012bbai,&#8221; uzsv\u0113ris Tramps.<\/p>\n<p>Vi\u0146\u0161 ar\u012b nor\u0101d\u012bjis, ka Nig\u0113rijas vald\u012bbai b\u016btu &#8220;lab\u0101k r\u012bkoties \u0101tri&#8221;.<\/p>\n<p>Savuk\u0101rt ASV aizsardz\u012bbas ministrs P\u012bts Hegsets dal\u012bjies ar Trampa ierakstu un pav\u0113st\u012bjis: &#8220;Kara departaments gatavojas r\u012bc\u012bbai. Vai nu Nig\u0113rijas vald\u012bba aizsarg\u0101s kristie\u0161us, vai ar\u012b m\u0113s nogalin\u0101sim isl\u0101ma teroristus, kas pastr\u0101d\u0101 \u0161\u012bs briesm\u012bg\u0101s zv\u0113r\u012bbas.&#8221;<\/p>\n<p>Nig\u0113rijas d\u017eih\u0101distu grup\u0113jums &#8220;Boko Haram&#8221; un citi isl\u0101mistu grup\u0113jumi nereti r\u012bko uzbrukumus, kuros nogalina kristie\u0161us.<\/p>\n<p>Apm\u0113ram puse Nig\u0113rijas iedz\u012bvot\u0101ju ir <a href=\"https:\/\/www.apollo.lv\/term\/569962\/kristiesi\" class=\"topicLink\" target=\"_blank\" rel=\"nofollow noopener\">kristie\u0161i<\/a>, kas dz\u012bvo galvenok\u0101rt valsts dienvidos, bet otra puse &#8211; musulma\u0146i, kas m\u012bt liel\u0101koties zieme\u013cos.<\/p>\n","protected":false},"excerpt":{"rendered":"Ierakst\u0101 sav\u0101 platform\u0101 &#8220;Truth Social&#8221; Tramps pazi\u0146ojis, ka l\u016bdzis Pentagonam izstr\u0101d\u0101t iesp\u0113jam\u0101s intervences pl\u0101nu. &#8220;Ja Nig\u0113rijas vald\u012bba turpin\u0101s&hellip;\n","protected":false},"author":2,"featured_media":37722,"comment_status":"","ping_status":"","sticky":false,"template":"","format":"standard","meta":{"footnotes":""},"categories":[14],"tags":[23,57,28,29,542,32,33,22,11027,30,31,35,39,38,36,37,34,40,20,8752,26,27,24,25,54,55,56,21,58],"class_list":{"0":"post-37721","1":"post","2":"type-post","3":"status-publish","4":"format-standard","5":"has-post-thumbnail","7":"category-zinas-no-arvalstim","8":"tag-aktualitates","9":"tag-arvalstim","10":"tag-breaking-news","11":"tag-breakingnews","12":"tag-donalds-tramps","13":"tag-featured-news","14":"tag-featurednews","15":"tag-headlines","16":"tag-kristiesi","17":"tag-latest-news","18":"tag-latestnews","19":"tag-latvia","20":"tag-latvian","21":"tag-latviesu","22":"tag-latviesu-valoda","23":"tag-latviesuvaloda","24":"tag-latvija","25":"tag-lv","26":"tag-news","27":"tag-nigerija","28":"tag-popularakas-zinas","29":"tag-popularakaszinas","30":"tag-top-stories","31":"tag-topstories","32":"tag-world","33":"tag-world-news","34":"tag-worldnews","35":"tag-zinas","36":"tag-zinas-no-arvalstim"},"share_on_mastodon":{"url":"https:\/\/pubeurope.com\/@lv\/115480025057618595","error":""},"_links":{"self":[{"href":"https:\/\/www.europesays.com\/lv\/wp-json\/wp\/v2\/posts\/37721","targetHints":{"allow":["GET"]}}],"collection":[{"href":"https:\/\/www.europesays.com\/lv\/wp-json\/wp\/v2\/posts"}],"about":[{"href":"https:\/\/www.europesays.com\/lv\/wp-json\/wp\/v2\/types\/post"}],"author":[{"embeddable":true,"href":"https:\/\/www.europesays.com\/lv\/wp-json\/wp\/v2\/users\/2"}],"replies":[{"embeddable":true,"href":"https:\/\/www.europesays.com\/lv\/wp-json\/wp\/v2\/comments?post=37721"}],"version-history":[{"count":0,"href":"https:\/\/www.europesays.com\/lv\/wp-json\/wp\/v2\/posts\/37721\/revisions"}],"wp:featuredmedia":[{"embeddable":true,"href":"https:\/\/www.europesays.com\/lv\/wp-json\/wp\/v2\/media\/37722"}],"wp:attachment":[{"href":"https:\/\/www.europesays.com\/lv\/wp-json\/wp\/v2\/media?parent=37721"}],"wp:term":[{"taxonomy":"category","embeddable":true,"href":"https:\/\/www.europesays.com\/lv\/wp-json\/wp\/v2\/categories?post=37721"},{"taxonomy":"post_tag","embeddable":true,"href":"https:\/\/www.europesays.com\/lv\/wp-json\/wp\/v2\/tags?post=37721"}],"curies":[{"name":"wp","href":"https:\/\/api.w.org\/{rel}","templated":true}]}}