{"id":37723,"date":"2025-11-02T12:11:15","date_gmt":"2025-11-02T12:11:15","guid":{"rendered":"https:\/\/www.europesays.com\/lv\/37723\/"},"modified":"2025-11-02T12:11:15","modified_gmt":"2025-11-02T12:11:15","slug":"rasels-atklaj-svarigu-jauna-liguma-punktu-f1lv-blogs","status":"publish","type":"post","link":"https:\/\/www.europesays.com\/lv\/37723\/","title":{"rendered":"Rasels atkl\u0101j svar\u012bgu jaun\u0101 l\u012bguma punktu : F1LV Blogs"},"content":{"rendered":"<p>D\u017eord\u017es Rasels atkl\u0101jis deta\u013cas par jauno l\u012bgumu ar \u201cMercedes\u201d komandu, kas, k\u0101 izr\u0101d\u0101s, ietver ar\u012b \u012bpa\u0161u nosac\u012bjumu. Ja brits n\u0101kamgad sasniegs noteiktus m\u0113r\u0137us, l\u012bgums autom\u0101tiski tiks pagarin\u0101ts l\u012bdz 2027. gadam.<\/p>\n<p>\u201cTo es v\u0113l nebiju publiski teicis,\u201d intervij\u0101 ar \u201cThe Telegraph\u201d sac\u012bja Rasels. \u201cJa n\u0101kamgad b\u016b\u0161u pietiekami labs un izpild\u012b\u0161u noteiktus m\u0113r\u0137us, l\u012bgums autom\u0101tiski pagarin\u0101sies. T\u0101tad vieta komand\u0101 2027. gad\u0101 ir man\u0101s rok\u0101s.\u201d<\/p>\n<p>27 gadus vecais pilots nor\u0101d\u012bja, ka neuztraucas par n\u0101kotni: \u201cNeviens mani nevilina ar tuk\u0161iem sol\u012bjumiem. Ja es brauk\u0161u labi, tad 100 procenti palik\u0161u.\u201d<\/p>\n<p>&#8211; Rekl\u0101ma &#8211;<\/p>\n<p>Rasels ar\u012b atzina, ka \u012bs\u0101ka termi\u0146a l\u012bguma pie\u0146em\u0161ana notikusi apmai\u0146\u0101 pret liel\u0101ku algu un br\u012bv\u0101ku kontroli p\u0101r aktivit\u0101t\u0113m \u0101rpus trases. \u201cPaties\u012bb\u0101 v\u0113l\u0113jos parakst\u012bt l\u012bgumu jau 2024. gada oktobr\u012b, ta\u010du \u0161odien nosl\u0113gt\u0101 vieno\u0161an\u0101s ir daudz lab\u0101ka. Da\u017ereiz vienk\u0101r\u0161i j\u0101tic sav\u0101m sp\u0113j\u0101m un j\u016btu, ka k\u013c\u016bstu tikai sp\u0113c\u012bg\u0101ks.\u201d<\/p>\n<p>Rasels atbild\u0113ja ar\u012b uz baum\u0101m par iesp\u0113jamo Maksa Verstapena pievieno\u0161anos \u201cMercedes\u201d 2026. gad\u0101: \u201cM\u0113s viens otru sveicin\u0101m, bet \u012bpa\u0161i nerun\u0101jam. Tas mani netrauc\u0113. Dz\u012bve ir \u012bsa, nav j\u0101b\u016bt lab\u0101kajiem draugiem, lai b\u016btu labi komandas biedri. Sennam un Prostam ar\u012b nebija draudz\u012bgu attiec\u012bbu, bet vi\u0146i fini\u0161\u0113ja pirmaj\u0101s div\u0101s viet\u0101s.\u201d<\/p>\n<p>Brits uzsv\u0113ra, ka labpr\u0101t sacenstos ar Verstapenu: \u201cMakss ir neticams brauc\u0113js, un tie\u0161i t\u0101p\u0113c man patiktu st\u0101ties vi\u0146am pret\u012b.\u201d<\/p>\n<p>Rasels ar\u012b piebilda, ka \u201cMercedes\u201d patiesi tic sav\u0101m iesp\u0113j\u0101m 2026. gada dzin\u0113ju \u0113r\u0101: \u201cTas nav tikai m\u0101rketings. Dro\u0161i vien tikai \u201cMcLaren\u201d pui\u0161i negrib\u0113tu ar mani main\u012bties viet\u0101m.\u201d<\/p>\n","protected":false},"excerpt":{"rendered":"D\u017eord\u017es Rasels atkl\u0101jis deta\u013cas par jauno l\u012bgumu ar \u201cMercedes\u201d komandu, kas, k\u0101 izr\u0101d\u0101s, ietver ar\u012b \u012bpa\u0161u nosac\u012bjumu. Ja&hellip;\n","protected":false},"author":2,"featured_media":37724,"comment_status":"","ping_status":"","sticky":false,"template":"","format":"standard","meta":{"footnotes":""},"categories":[17],"tags":[35,39,38,36,37,34,40,67],"class_list":{"0":"post-37723","1":"post","2":"type-post","3":"status-publish","4":"format-standard","5":"has-post-thumbnail","7":"category-sports","8":"tag-latvia","9":"tag-latvian","10":"tag-latviesu","11":"tag-latviesu-valoda","12":"tag-latviesuvaloda","13":"tag-latvija","14":"tag-lv","15":"tag-sports"},"share_on_mastodon":{"url":"https:\/\/pubeurope.com\/@lv\/115480040753784251","error":""},"_links":{"self":[{"href":"https:\/\/www.europesays.com\/lv\/wp-json\/wp\/v2\/posts\/37723","targetHints":{"allow":["GET"]}}],"collection":[{"href":"https:\/\/www.europesays.com\/lv\/wp-json\/wp\/v2\/posts"}],"about":[{"href":"https:\/\/www.europesays.com\/lv\/wp-json\/wp\/v2\/types\/post"}],"author":[{"embeddable":true,"href":"https:\/\/www.europesays.com\/lv\/wp-json\/wp\/v2\/users\/2"}],"replies":[{"embeddable":true,"href":"https:\/\/www.europesays.com\/lv\/wp-json\/wp\/v2\/comments?post=37723"}],"version-history":[{"count":0,"href":"https:\/\/www.europesays.com\/lv\/wp-json\/wp\/v2\/posts\/37723\/revisions"}],"wp:featuredmedia":[{"embeddable":true,"href":"https:\/\/www.europesays.com\/lv\/wp-json\/wp\/v2\/media\/37724"}],"wp:attachment":[{"href":"https:\/\/www.europesays.com\/lv\/wp-json\/wp\/v2\/media?parent=37723"}],"wp:term":[{"taxonomy":"category","embeddable":true,"href":"https:\/\/www.europesays.com\/lv\/wp-json\/wp\/v2\/categories?post=37723"},{"taxonomy":"post_tag","embeddable":true,"href":"https:\/\/www.europesays.com\/lv\/wp-json\/wp\/v2\/tags?post=37723"}],"curies":[{"name":"wp","href":"https:\/\/api.w.org\/{rel}","templated":true}]}}