{"id":37763,"date":"2025-11-02T13:15:10","date_gmt":"2025-11-02T13:15:10","guid":{"rendered":"https:\/\/www.europesays.com\/lv\/37763\/"},"modified":"2025-11-02T13:15:10","modified_gmt":"2025-11-02T13:15:10","slug":"ukraina-krievijas-rakesu-un-dronu-triecienos-septini-nogalinatie","status":"publish","type":"post","link":"https:\/\/www.europesays.com\/lv\/37763\/","title":{"rendered":"Ukrain\u0101 Krievijas ra\u0137e\u0161u un dronu triecienos septi\u0146i nogalin\u0101tie"},"content":{"rendered":"<p>D\u0146ipropetrovskas apgabala Pi\u0161\u010dankas ciem\u0101 ra\u0137etes un dronu triecien\u0101 nogalin\u0101ti \u010detri cilv\u0113ki, tai skait\u0101 divi b\u0113rni 11 un 14 gadu vecum\u0101. V\u0113l septi\u0146i cilv\u0113ki ievainoti. Nodar\u012bti post\u012bjumi dz\u012bvoj\u0101m \u0113k\u0101m, veikalam un automobi\u013ciem.<\/p>\n<p>Odesas apgabala Izmajilas rajon\u0101 dronu triecien\u0101 kravas automobi\u013cu st\u0101vlaukumam nogalin\u0101ti divi un ievainoti tr\u012bs v\u012brie\u0161i. Aizdegu\u0161\u0101s piecas automa\u0161\u012bnas.<\/p>\n<p>Zapori\u017ejas apgabala Polohu rajon\u0101 ra\u0137e\u0161u triecien\u0101 nogalin\u0101ts viens un ievainots v\u0113l viens cilv\u0113ks. Nodar\u012bti post\u012bjumi 17 priv\u0101tm\u0101j\u0101m.<\/p>\n<p>Ra\u0137e\u0161u triecien\u0101 Zapori\u017ejai ievainoti divi cilv\u0113ki.<\/p>\n<p>Vair\u0101k\u0101s viet\u0101s Ukrain\u0101 triecienos boj\u0101ta ener\u0123\u0113tikas infrastrukt\u016bra, p\u0101rtraukta elektroapg\u0101de.<\/p>\n","protected":false},"excerpt":{"rendered":"D\u0146ipropetrovskas apgabala Pi\u0161\u010dankas ciem\u0101 ra\u0137etes un dronu triecien\u0101 nogalin\u0101ti \u010detri cilv\u0113ki, tai skait\u0101 divi b\u0113rni 11 un 14&hellip;\n","protected":false},"author":2,"featured_media":37764,"comment_status":"","ping_status":"","sticky":false,"template":"","format":"standard","meta":{"footnotes":""},"categories":[5],"tags":[23,28,29,32,33,22,3131,74,30,31,35,39,38,36,37,34,40,20,26,27,24,25,276,21],"class_list":{"0":"post-37763","1":"post","2":"type-post","3":"status-publish","4":"format-standard","5":"has-post-thumbnail","7":"category-aktualitates","8":"tag-aktualitates","9":"tag-breaking-news","10":"tag-breakingnews","11":"tag-featured-news","12":"tag-featurednews","13":"tag-headlines","14":"tag-kars","15":"tag-krievijas-iebrukums-ukraina","16":"tag-latest-news","17":"tag-latestnews","18":"tag-latvia","19":"tag-latvian","20":"tag-latviesu","21":"tag-latviesu-valoda","22":"tag-latviesuvaloda","23":"tag-latvija","24":"tag-lv","25":"tag-news","26":"tag-popularakas-zinas","27":"tag-popularakaszinas","28":"tag-top-stories","29":"tag-topstories","30":"tag-ukraina","31":"tag-zinas"},"share_on_mastodon":{"url":"https:\/\/pubeurope.com\/@lv\/115480292438800639","error":""},"_links":{"self":[{"href":"https:\/\/www.europesays.com\/lv\/wp-json\/wp\/v2\/posts\/37763","targetHints":{"allow":["GET"]}}],"collection":[{"href":"https:\/\/www.europesays.com\/lv\/wp-json\/wp\/v2\/posts"}],"about":[{"href":"https:\/\/www.europesays.com\/lv\/wp-json\/wp\/v2\/types\/post"}],"author":[{"embeddable":true,"href":"https:\/\/www.europesays.com\/lv\/wp-json\/wp\/v2\/users\/2"}],"replies":[{"embeddable":true,"href":"https:\/\/www.europesays.com\/lv\/wp-json\/wp\/v2\/comments?post=37763"}],"version-history":[{"count":0,"href":"https:\/\/www.europesays.com\/lv\/wp-json\/wp\/v2\/posts\/37763\/revisions"}],"wp:featuredmedia":[{"embeddable":true,"href":"https:\/\/www.europesays.com\/lv\/wp-json\/wp\/v2\/media\/37764"}],"wp:attachment":[{"href":"https:\/\/www.europesays.com\/lv\/wp-json\/wp\/v2\/media?parent=37763"}],"wp:term":[{"taxonomy":"category","embeddable":true,"href":"https:\/\/www.europesays.com\/lv\/wp-json\/wp\/v2\/categories?post=37763"},{"taxonomy":"post_tag","embeddable":true,"href":"https:\/\/www.europesays.com\/lv\/wp-json\/wp\/v2\/tags?post=37763"}],"curies":[{"name":"wp","href":"https:\/\/api.w.org\/{rel}","templated":true}]}}