{"id":37781,"date":"2025-11-02T13:47:04","date_gmt":"2025-11-02T13:47:04","guid":{"rendered":"https:\/\/www.europesays.com\/lv\/37781\/"},"modified":"2025-11-02T13:47:04","modified_gmt":"2025-11-02T13:47:04","slug":"ttt-sakur-pirti-pirmaja-puslaika-un-aizbeg-no-klaipedas-studentem-basketbols-sportacentrs-com","status":"publish","type":"post","link":"https:\/\/www.europesays.com\/lv\/37781\/","title":{"rendered":"TTT sakur pirti pirmaj\u0101 puslaik\u0101 un aizb\u0113g no Klaip\u0113das student\u0113m \u2013 Basketbols \u2013 Sportacentrs.com"},"content":{"rendered":"<p>Aigara Neripa un Kaspara M\u0101jenieka tren\u0113t\u0101 komanda piektdien atgriez\u0101s no Eiropas kausa izbraukuma Belgrad\u0101. Sv\u0113tdien p\u0113c labas atjauno\u0161an\u0101s laukum\u0101 dev\u0101s visas 11 pieteikt\u0101s sp\u0113l\u0113t\u0101jas, kam\u0113r Enija \u0136\u012bv\u012bte turpin\u0101ja atbalst\u012bt komandu no sola.<\/p>\n<p>Klaip\u0113das LCC vasar\u0101 piedz\u012bvoja liel\u0101k\u0101s izmai\u0146as komandas past\u0101v\u0113\u0161anas laik\u0101. Vi\u013cu Stani\u0161ausku pie komandas st\u016bres nomain\u012bja \u201cEuroBasket Women 1997\u201d \u010dempione Lina Brazdeik\u012bte. Elizabete Bul\u0101ne dev\u0101s uz \u010cehiju, Dominika Pa\u013cul\u012bte \u2013 uz \u201cNept\u016bnas\u201d, Gerda Raulu\u0161ait\u012bte \u2013 uz Losand\u017eelosu.<\/p>\n<p>Starta piecinieki<\/p>\n<p>TTT: V\u012bksne, Pulvere, Jasa, Bekere, Pil\u0101bere<br \/>LCC: Andrunavi\u010d\u016bte, Loceniece, Muzikante, Maisa Diasa, Turn\u0161eka<\/p>\n<p>Vad\u012bbas mai\u0146as tika nov\u0113rotas tikai pa\u0161\u0101 s\u0101kum\u0101. Turpin\u0101jum\u0101 r\u012bdzinieces izmantoja augumu p\u0101rsvaru, k\u0101 ar\u012b as\u0101k sp\u0113l\u0113ja aizsardz\u012bb\u0101 un izr\u0101v\u0101s \u0101traj\u0101s p\u0101rej\u0101s. Pirmo 10:0 izr\u0101vienu iee\u013c\u013coja Najas Bekeres un Vanesas Jasas t\u0101lmetieni, k\u0101 ar\u012b Ievas Pulveres t\u0101ls divpunktnieks \u2013 14:5. T\u0101l\u0101k uzbrukumi p\u0101rvirz\u012bj\u0101s LCC groza tuvum\u0101. Jau pirmaj\u0101 ceturtda\u013c\u0101 laukum\u0101 dev\u0101s 10 r\u012bdzinieces, bet L\u012bna Svanholma sekm\u012bgo pievienoj\u0101s otr\u0101s desmitmin\u016btes s\u0101kum\u0101.<\/p>\n<p>Galvenie notikumi risin\u0101j\u0101s pirm\u0101s un otr\u0101s ceturtda\u013cas mij\u0101. TTT pa\u0101trin\u0101ja sp\u0113li un domin\u0113ja zem groza, p\u0113c 23:0 izr\u0101viena pan\u0101kot graujo\u0161u p\u0101rsvaru 43:11. LCC m\u0113\u0123in\u0101jums s\u0101kt desmitmin\u016bti agres\u012bvi uzreiz beidz\u0101s ar nesportisko piez\u012bmi. Klaip\u0113das komanda septi\u0146as min\u016btes palika bez punktu guvuma un atguv\u0101s tikai otr\u0101s ceturtda\u013cas vid\u016b. Puslaika p\u0113d\u0113j\u0101s piec\u0101s min\u016bt\u0113s rezultat\u012bvi sp\u0113l\u0113ja abas komandas \u2013 58:27.<\/p>\n<p>Vanesa Jasa, Naja Bekere un Ieva Pulvere pirmaj\u0101 puslaik\u0101 sasniedza divciparu skait\u013cus g\u016btajos punktos. Tre\u0161aj\u0101 ceturtda\u013c\u0101 vi\u0146\u0101m pievienoj\u0101s Enija V\u012bksne un Karl\u012bne Pil\u0101bere. Punktus \u010dakli kr\u0101ja ar\u012b Madara \u0160mite, L\u012bna Svanholma un Krista Luka\u0161\u0113vi\u010da. LCC pirmo reizi desmitmin\u016bti nosp\u0113l\u0113ja bez lieliem kritumiem, t\u0101d\u0113\u013c rezult\u0101ts auga l\u012bdz\u012bgi \u2013 76:44. T\u0101pat notikumi att\u012bst\u012bj\u0101s ar\u012b ceturtaj\u0101 ceturtda\u013c\u0101.<\/p>\n<p>Open Smart Way MLKL, 2. novembris, Rimi Olimpiskais centrs<\/p>\n<p>TTT R\u012bga \u2013 LCC International University <a href=\"https:\/\/fibalivestats.dcd.shared.geniussports.com\/u\/BBLW\/2738953\" rel=\"nofollow noopener\" target=\"_blank\">102:67<\/a> (27:11, 31:16, 18:17, 26:23)<br \/>TTT: Luka\u0161\u0113vi\u010da 19 (2p 8\/12, 1p 3\/3; eff 23), Jasa 14 (2p 3\/3, 3p 2\/5, 1p 2\/2), Pulvere 13 (2p 4\/6, 3p 1\/3, 1p 2\/4), Becker 12 (5ab), V\u012bksne 11 (8ab, 5rp, piecas p\u0101r\u0137ertas, eff 19), Pil\u0101bere 11 (9ab), Svanholm 11, \u0160mite 8 (7rp), Putniece 2, Grausa 1, Skrebele. Treneri Aigars Nerips, Kaspars M\u0101jenieks.<br \/>LCC: Turn\u0161ek 14 (9ab), Maisa Dias 12 (12ab), Loceniece 11 (2p 1\/4, 3p 2\/6, 1p 3\/3), Maiara Dias 9, Neme\u0161 7, Andrunavi\u010d\u016bte 5, Muzikante 4 (2p 1\/5, 1p 2\/2), Bielskute 3, P\u013catkute 2, Vaitkute, Gelashvili; Giraudeau. Trenere Lina Brazdeik\u012bte.<br \/>Tiesne\u0161i: M\u0101rcis Senk\u0113vi\u010ds, J\u0101nis V\u0101rna, D\u0101vis Graudi\u0146\u0161.<\/p>\n","protected":false},"excerpt":{"rendered":"Aigara Neripa un Kaspara M\u0101jenieka tren\u0113t\u0101 komanda piektdien atgriez\u0101s no Eiropas kausa izbraukuma Belgrad\u0101. Sv\u0113tdien p\u0113c labas atjauno\u0161an\u0101s&hellip;\n","protected":false},"author":2,"featured_media":37782,"comment_status":"","ping_status":"","sticky":false,"template":"","format":"standard","meta":{"footnotes":""},"categories":[17],"tags":[145,35,39,38,36,37,34,40,67],"class_list":{"0":"post-37781","1":"post","2":"type-post","3":"status-publish","4":"format-standard","5":"has-post-thumbnail","7":"category-sports","8":"tag-basketbols","9":"tag-latvia","10":"tag-latvian","11":"tag-latviesu","12":"tag-latviesu-valoda","13":"tag-latviesuvaloda","14":"tag-latvija","15":"tag-lv","16":"tag-sports"},"share_on_mastodon":{"url":"https:\/\/pubeurope.com\/@lv\/115480418242794645","error":""},"_links":{"self":[{"href":"https:\/\/www.europesays.com\/lv\/wp-json\/wp\/v2\/posts\/37781","targetHints":{"allow":["GET"]}}],"collection":[{"href":"https:\/\/www.europesays.com\/lv\/wp-json\/wp\/v2\/posts"}],"about":[{"href":"https:\/\/www.europesays.com\/lv\/wp-json\/wp\/v2\/types\/post"}],"author":[{"embeddable":true,"href":"https:\/\/www.europesays.com\/lv\/wp-json\/wp\/v2\/users\/2"}],"replies":[{"embeddable":true,"href":"https:\/\/www.europesays.com\/lv\/wp-json\/wp\/v2\/comments?post=37781"}],"version-history":[{"count":0,"href":"https:\/\/www.europesays.com\/lv\/wp-json\/wp\/v2\/posts\/37781\/revisions"}],"wp:featuredmedia":[{"embeddable":true,"href":"https:\/\/www.europesays.com\/lv\/wp-json\/wp\/v2\/media\/37782"}],"wp:attachment":[{"href":"https:\/\/www.europesays.com\/lv\/wp-json\/wp\/v2\/media?parent=37781"}],"wp:term":[{"taxonomy":"category","embeddable":true,"href":"https:\/\/www.europesays.com\/lv\/wp-json\/wp\/v2\/categories?post=37781"},{"taxonomy":"post_tag","embeddable":true,"href":"https:\/\/www.europesays.com\/lv\/wp-json\/wp\/v2\/tags?post=37781"}],"curies":[{"name":"wp","href":"https:\/\/api.w.org\/{rel}","templated":true}]}}