{"id":37789,"date":"2025-11-02T13:57:05","date_gmt":"2025-11-02T13:57:05","guid":{"rendered":"https:\/\/www.europesays.com\/lv\/37789\/"},"modified":"2025-11-02T13:57:05","modified_gmt":"2025-11-02T13:57:05","slug":"latvijas-florbola-savieniba-lv-2025-2026-jaunumi-fk-ogre-sava-laukuma-parspej-incukalniesus","status":"publish","type":"post","link":"https:\/\/www.europesays.com\/lv\/37789\/","title":{"rendered":"Latvijas Florbola savien\u012bba \u00bb LV \u00bb 2025\/2026 \u00bb Jaunumi \u00bb &#8220;FK Ogre&#8221; sav\u0101 laukum\u0101 p\u0101rsp\u0113j in\u010dukalnie\u0161us"},"content":{"rendered":"<p>&#8220;FK Ogre&#8221; sav\u0101 laukum\u0101 p\u0101rsp\u0113j in\u010dukalnie\u0161us<\/p>\n<p><\/p>\n<p>\t\t\t\t\t<img decoding=\"async\" src=\"https:\/\/www.europesays.com\/lv\/wp-content\/uploads\/2025\/11\/940a9262.jpg\" class=\"news-title-image\" width=\"292.5\" alt=\"940a9262.jpg\" title=\"&quot;FK Ogre&quot; sav\u0101 laukum\u0101 p\u0101rsp\u0113j in\u010dukalnie\u0161us\" \/><\/p>\n<p style=\"text-align: justify;\">1. novembr\u012b Ogr\u0113 notika Latvijas \u010dempion\u0101ta florbol\u0101 v\u012brie\u0161u 2. l\u012bgas sp\u0113le, kur\u0101 &#8220;FK Ogre&#8221; uz\u0146\u0113ma komandu &#8220;SK\u00a0Coyote\/IxCom\/FBK\u00a0Valmiera&#8221;. Spraig\u0101 c\u012b\u0146\u0101 ar <a href=\"https:\/\/www.floorball.lv\/lv\/2025\/chempionats\/v2\/proto\/52430-ogr-coy\" rel=\"nofollow noopener\" target=\"_blank\">6:4<\/a> uzvar\u0113ja ogr\u0113nie\u0161i, kuru lab\u0101 3 (2+1) rezultativit\u0101tes punktus guva Heinrihs Sili\u0146\u0161.<\/p>\n<p>\u00a0<\/p>\n<p><\/p>\n<tr>\n<td style=\"text-align:center;\"><a href=\"https:\/\/www.floorball.lv\/out.php?id=334&amp;url=http%3A%2F%2Flino.lv\" target=\"_blank\" title=\"OXDOG\" rel=\"nofollow noopener\"><br \/>\n\t\t\t\t\t<img loading=\"lazy\" decoding=\"async\" class=\"banner_news_bottom\" src=\"https:\/\/www.europesays.com\/lv\/wp-content\/uploads\/2025\/09\/1531398467.jpg\" width=\"233\" height=\"66\" alt=\"OXDOG\" \/><br \/>\n\t\t\t\t<\/a><\/td>\n<\/tr>\n","protected":false},"excerpt":{"rendered":"&#8220;FK Ogre&#8221; sav\u0101 laukum\u0101 p\u0101rsp\u0113j in\u010dukalnie\u0161us 1. novembr\u012b Ogr\u0113 notika Latvijas \u010dempion\u0101ta florbol\u0101 v\u012brie\u0161u 2. l\u012bgas sp\u0113le, kur\u0101&hellip;\n","protected":false},"author":2,"featured_media":37790,"comment_status":"","ping_status":"","sticky":false,"template":"","format":"standard","meta":{"footnotes":""},"categories":[5],"tags":[405,23,28,29,604,32,33,603,283,22,30,31,35,39,38,36,37,34,606,40,20,26,27,67,24,25,605,21],"class_list":{"0":"post-37789","1":"post","2":"type-post","3":"status-publish","4":"format-standard","5":"has-post-thumbnail","7":"category-aktualitates","8":"tag-405","9":"tag-aktualitates","10":"tag-breaking-news","11":"tag-breakingnews","12":"tag-cempionats","13":"tag-featured-news","14":"tag-featurednews","15":"tag-floorball-lv","16":"tag-florbols","17":"tag-headlines","18":"tag-latest-news","19":"tag-latestnews","20":"tag-latvia","21":"tag-latvian","22":"tag-latviesu","23":"tag-latviesu-valoda","24":"tag-latviesuvaloda","25":"tag-latvija","26":"tag-lfs","27":"tag-lv","28":"tag-news","29":"tag-popularakas-zinas","30":"tag-popularakaszinas","31":"tag-sports","32":"tag-top-stories","33":"tag-topstories","34":"tag-virsliga","35":"tag-zinas"},"share_on_mastodon":{"url":"https:\/\/pubeurope.com\/@lv\/115480457636725312","error":""},"_links":{"self":[{"href":"https:\/\/www.europesays.com\/lv\/wp-json\/wp\/v2\/posts\/37789","targetHints":{"allow":["GET"]}}],"collection":[{"href":"https:\/\/www.europesays.com\/lv\/wp-json\/wp\/v2\/posts"}],"about":[{"href":"https:\/\/www.europesays.com\/lv\/wp-json\/wp\/v2\/types\/post"}],"author":[{"embeddable":true,"href":"https:\/\/www.europesays.com\/lv\/wp-json\/wp\/v2\/users\/2"}],"replies":[{"embeddable":true,"href":"https:\/\/www.europesays.com\/lv\/wp-json\/wp\/v2\/comments?post=37789"}],"version-history":[{"count":0,"href":"https:\/\/www.europesays.com\/lv\/wp-json\/wp\/v2\/posts\/37789\/revisions"}],"wp:featuredmedia":[{"embeddable":true,"href":"https:\/\/www.europesays.com\/lv\/wp-json\/wp\/v2\/media\/37790"}],"wp:attachment":[{"href":"https:\/\/www.europesays.com\/lv\/wp-json\/wp\/v2\/media?parent=37789"}],"wp:term":[{"taxonomy":"category","embeddable":true,"href":"https:\/\/www.europesays.com\/lv\/wp-json\/wp\/v2\/categories?post=37789"},{"taxonomy":"post_tag","embeddable":true,"href":"https:\/\/www.europesays.com\/lv\/wp-json\/wp\/v2\/tags?post=37789"}],"curies":[{"name":"wp","href":"https:\/\/api.w.org\/{rel}","templated":true}]}}