{"id":37791,"date":"2025-11-02T13:58:03","date_gmt":"2025-11-02T13:58:03","guid":{"rendered":"https:\/\/www.europesays.com\/lv\/37791\/"},"modified":"2025-11-02T13:58:03","modified_gmt":"2025-11-02T13:58:03","slug":"maris-oslejs-atstaj-valsts-akademiska-kora-latvija-vaditaja-amatu-lente-lv","status":"publish","type":"post","link":"https:\/\/www.europesays.com\/lv\/37791\/","title":{"rendered":"M\u0101ris O\u0161lejs atst\u0101j Valsts Akad\u0113misk\u0101 kora &#8220;Latvija&#8221; vad\u012bt\u0101ja amatu\u00a0\u2014\u00a0Lente.lv"},"content":{"rendered":"<p>Valsts Akad\u0113misk\u0101 kora &#8220;Latvija&#8221; vad\u012bt\u0101js M\u0101ris O\u0161lejs atst\u0101j amatu<\/p>\n<p>Valsts Akad\u0113misk\u0101 kora &#8220;Latvija&#8221; sabiedr\u012bba un Latvijas kult\u016bras ainava kopum\u0101 sa\u0146\u0113musi negaid\u012btu v\u0113sti \u2013 ilggad\u0113jais diri\u0123ents un m\u0101kslinieciskais vad\u012bt\u0101js M\u0101ris O\u0161lejs ir nol\u0113mis atst\u0101t savu posteni. \u0160o person\u012bgo, ta\u010du noz\u012bm\u012bgo l\u0113mumu vi\u0146\u0161 pats publiskojis, sagatavojoties jauniem izaicin\u0101jumiem vai, iesp\u0113jams, v\u0113loties doties peln\u012bt\u0101 atp\u016bt\u0101 p\u0113c daudziem rado\u0161iem gadiem. Zi\u0146as par \u0161\u0101du pav\u0113rsienu rad\u012bju\u0161as zin\u0101mu rezonansi m\u016bzikas aprind\u0101s, raisot jaut\u0101jumus par kora n\u0101kotni un turpm\u0101ko att\u012bst\u012bbu.<\/p>\n<p>P\u0113k\u0161\u0146\u0101s p\u0101rmai\u0146as un personiskie mot\u012bvi<\/p>\n<p>M\u0101ris O\u0161lejs, kur\u0161 kora &#8220;Latvija&#8221; vad\u012bb\u0101 pavad\u012bjis iev\u0113rojamu laika posmu, vienm\u0113r ir bijis cie\u0161i saist\u012bts ar kora identit\u0101ti un t\u0101 spo\u017eajiem sasniegumiem gan Latvij\u0101, gan starptautisk\u0101 m\u0113rog\u0101. Vi\u0146a vad\u012b\u0161anas stils, dzi\u013c\u0101 muzik\u0101l\u0101 izpratne un sp\u0113ja iedvesmot koristus ir veidoju\u0161i kora unik\u0101lo skan\u0113jumu un repertu\u0101ru. O\u0161leja aizie\u0161ana ir ne tikai vad\u012bt\u0101ja mai\u0146a, bet ar\u012b zin\u0101ma \u0113ras nosl\u0113gums. Lai gan prec\u012bzi iemesli, kas pamudin\u0101ju\u0161i O\u0161leju uz \u0161\u0101du soli, v\u0113l nav piln\u012bb\u0101 atkl\u0101ti, vi\u0146a pa\u0161a publiskot\u0101 inform\u0101cija liecina par apzin\u0101tu un p\u0101rdom\u0101tu l\u0113mumu. &#8220;Esmu pie\u0146\u0113mis l\u0113mumu atst\u0101t Valsts Akad\u0113misk\u0101 kora &#8220;Latvija&#8221; vad\u012bt\u0101ja amatu,&#8221; \u012bsi un kodol\u012bgi pazi\u0146ojis O\u0161lejs, neatkl\u0101jot pla\u0161\u0101kus koment\u0101rus par saviem turpm\u0101kajiem pl\u0101niem. Tas dod pla\u0161umu spekul\u0101cij\u0101m, ta\u010du vienlaikus apliecina vi\u0146a gatav\u012bbu turpin\u0101t savu rado\u0161o ce\u013cu jaun\u0101 virzien\u0101.<\/p>\n<p>Kora &#8220;Latvija&#8221; mantojums un n\u0101kotnes perspekt\u012bvas<\/p>\n<p>Valsts Akad\u0113miskais koris &#8220;Latvija&#8221; ir viens no Latvijas m\u016bzikas lepnumiem, kas ar savu augsto m\u0101ksliniecisko l\u012bmeni un daudzveid\u012bgo repertu\u0101ru iekarojis atzin\u012bbu ne tikai Latvij\u0101, bet ar\u012b pasaul\u0113. Kop\u0161 dibin\u0101\u0161anas tas ir bijis noz\u012bm\u012bgs kult\u016bras instruments, kas veicin\u0101jis latvie\u0161u korm\u016bzikas atpaz\u012bstam\u012bbu un att\u012bst\u012bbu. M\u0101ra O\u0161leja vad\u012bb\u0101 koris ir piedz\u012bvojis vair\u0101kus spo\u017eus momentus, tostarp veiksm\u012bgus koncertt\u016bres, starptautiskus pan\u0101kumus un augstas raudzes ierakstus. Kora n\u0101kotne, protams, ir saist\u012bta ar jaunu l\u012bderi, kur\u0161 sp\u0113s turpin\u0101t ies\u0101kto darbu, saglab\u0101jot kora augsto m\u0101ksliniecisko l\u012bmeni un pie\u0161\u0137irot tam jaunu ener\u0123iju. Tas b\u016bs izaicin\u0101jums gan kora valdei, gan potenci\u0101lajiem kandid\u0101tiem uz \u0161o atbild\u012bgo amatu. Jaut\u0101jums par to, kas ie\u0146ems O\u0161leja vietu, k\u013c\u016bst par vienu no aktu\u0101l\u0101kajiem kult\u016bras notikumiem.<\/p>\n<p>Kult\u016bras aprindu reakcija un sabiedr\u012bbas gaidas<\/p>\n<p>Zi\u0146a par M\u0101ra O\u0161leja aizie\u0161anu no amata ir izrais\u012bjusi pla\u0161u rezonansi kult\u016bras darbinieku un m\u016bzikas cien\u012bt\u0101ju vid\u016b. Daudzi pau\u017e no\u017e\u0113lu par vi\u0146a l\u0113mumu, atz\u012bstot vi\u0146a milz\u012bgo ieguld\u012bjumu kora &#8220;Latvija&#8221; att\u012bst\u012bb\u0101. Vienlaikus tiek pausts cer\u012bbu, ka kora darb\u012bba turpin\u0101sies ar t\u0101du pa\u0161u aizraut\u012bbu un profesionalit\u0101ti. Ir svar\u012bgi, lai jaunais vad\u012bt\u0101js sp\u0113tu gan saglab\u0101t eso\u0161\u0101s trad\u012bcijas, gan ieviest svaigas idejas, kas kora repertu\u0101ru un izpild\u012bjumu padar\u012btu v\u0113l interesant\u0101ku. \u0160is ir br\u012bdis, kad kora kopienai un atbalst\u012bt\u0101jiem j\u0101apvienojas, lai nodro\u0161in\u0101tu veiksm\u012bgu p\u0101reju uz jaunu posmu. M\u0101ra O\u0161leja mantojums ir sp\u0113c\u012bgs pamats, uz kura b\u016bv\u0113t turpm\u0101kos pan\u0101kumus. Vi\u0146a v\u0101rds ir k\u013cuvis par sinon\u012bmu kvalit\u0101tei un kaisl\u012bbai pret korm\u016bziku, un \u0161o mantojumu n\u0101kamajam vad\u012bt\u0101jam b\u016bs j\u0101sp\u0113j ne tikai turpin\u0101t, bet ar\u012b audz\u0113t.<\/p>\n<p>Nosl\u0113guma p\u0101rdomas par rado\u0161o ce\u013cu un n\u0101kotnes v\u012bzij\u0101m<\/p>\n<p>M\u0101ris O\u0161lejs ir devis noz\u012bm\u012bgu ieguld\u012bjumu Latvijas kora m\u016bzik\u0101, un vi\u0146a l\u0113mums atst\u0101t amatu ir neizb\u0113gama sast\u0101vda\u013ca rado\u0161\u0101 cilv\u0113ka dz\u012bv\u0113. Katrs m\u0101kslinieks sav\u0101 karjer\u0101 non\u0101k pie punkta, kad nepiecie\u0161amas jaunas v\u0113smas un iesp\u0113jas. Lai gan sabiedr\u012bba ar interesi gaid\u012bs zi\u0146as par O\u0161leja turpm\u0101kajiem so\u013ciem, \u0161obr\u012bd vissvar\u012bg\u0101kais ir nodro\u0161in\u0101t Valsts Akad\u0113misk\u0101 kora &#8220;Latvija&#8221; nep\u0101rtraukt\u012bbu un turpm\u0101ku izaugsmi. \u0160is notikums ir atg\u0101din\u0101jums par kult\u016bras darbinieku nenov\u0113rt\u0113jamo darbu un nepiecie\u0161am\u012bbu atbalst\u012bt m\u0101kslu visos t\u0101s veidolos. Cerams, ka M\u0101ra O\u0161leja aizie\u0161ana b\u016bs veiksm\u012bgs s\u0101kums jauniem muzik\u0101liem piedz\u012bvojumiem gan vi\u0146am person\u012bgi, gan korim &#8220;Latvija&#8221; zem jaun\u0101 vad\u012bt\u0101ja sp\u0101rniem.<\/p>\n","protected":false},"excerpt":{"rendered":"Valsts Akad\u0113misk\u0101 kora &#8220;Latvija&#8221; vad\u012bt\u0101js M\u0101ris O\u0161lejs atst\u0101j amatu Valsts Akad\u0113misk\u0101 kora &#8220;Latvija&#8221; sabiedr\u012bba un Latvijas kult\u016bras ainava&hellip;\n","protected":false},"author":2,"featured_media":37792,"comment_status":"","ping_status":"","sticky":false,"template":"","format":"standard","meta":{"footnotes":""},"categories":[19],"tags":[89,90,35,39,38,36,37,34,40,11047,11048],"class_list":{"0":"post-37791","1":"post","2":"type-post","3":"status-publish","4":"format-standard","5":"has-post-thumbnail","7":"category-izklaide","8":"tag-entertainment","9":"tag-izklaide","10":"tag-latvia","11":"tag-latvian","12":"tag-latviesu","13":"tag-latviesu-valoda","14":"tag-latviesuvaloda","15":"tag-latvija","16":"tag-lv","17":"tag-maris-oslejs","18":"tag-valsts-akademiskais-koris"},"share_on_mastodon":{"url":"","error":""},"_links":{"self":[{"href":"https:\/\/www.europesays.com\/lv\/wp-json\/wp\/v2\/posts\/37791","targetHints":{"allow":["GET"]}}],"collection":[{"href":"https:\/\/www.europesays.com\/lv\/wp-json\/wp\/v2\/posts"}],"about":[{"href":"https:\/\/www.europesays.com\/lv\/wp-json\/wp\/v2\/types\/post"}],"author":[{"embeddable":true,"href":"https:\/\/www.europesays.com\/lv\/wp-json\/wp\/v2\/users\/2"}],"replies":[{"embeddable":true,"href":"https:\/\/www.europesays.com\/lv\/wp-json\/wp\/v2\/comments?post=37791"}],"version-history":[{"count":0,"href":"https:\/\/www.europesays.com\/lv\/wp-json\/wp\/v2\/posts\/37791\/revisions"}],"wp:featuredmedia":[{"embeddable":true,"href":"https:\/\/www.europesays.com\/lv\/wp-json\/wp\/v2\/media\/37792"}],"wp:attachment":[{"href":"https:\/\/www.europesays.com\/lv\/wp-json\/wp\/v2\/media?parent=37791"}],"wp:term":[{"taxonomy":"category","embeddable":true,"href":"https:\/\/www.europesays.com\/lv\/wp-json\/wp\/v2\/categories?post=37791"},{"taxonomy":"post_tag","embeddable":true,"href":"https:\/\/www.europesays.com\/lv\/wp-json\/wp\/v2\/tags?post=37791"}],"curies":[{"name":"wp","href":"https:\/\/api.w.org\/{rel}","templated":true}]}}