{"id":37797,"date":"2025-11-02T14:04:06","date_gmt":"2025-11-02T14:04:06","guid":{"rendered":"https:\/\/www.europesays.com\/lv\/37797\/"},"modified":"2025-11-02T14:04:06","modified_gmt":"2025-11-02T14:04:06","slug":"abc-atsak-dzimija-kimela-sova-parraides-pec-etikas-krizes-lente-lv","status":"publish","type":"post","link":"https:\/\/www.europesays.com\/lv\/37797\/","title":{"rendered":"ABC ats\u0101k D\u017eimija Kimela \u0161ova p\u0101rraides p\u0113c \u0113tikas kr\u012bzes\u00a0\u2014\u00a0Lente.lv"},"content":{"rendered":"<p>D\u017eimija Kimela \u0161ovs atgrie\u017eas \u0113ter\u0101 p\u0113c pauzes<\/p>\n<p>ASV telev\u012bzijas kan\u0101ls ABC ir pazi\u0146ojis, ka ats\u0101k raid\u012bt D\u017eimija Kimela (Jimmy Kimmel) vakara sarunu \u0161ovu &#8220;Jimmy Kimmel Live!&#8221;. \u0160ova p\u0101rraides tika aptur\u0113tas p\u0113c tam, kad raid\u012bjuma vad\u012bt\u0101js pag\u0101ju\u0161\u0101s ned\u0113\u013cas monolog\u0101 izteic\u0101s par konservat\u012bv\u0101 akt\u012bvista \u010c\u0101rlija K\u0113rka (Charlie Kirk) slepkav\u012bbu. \u0160is l\u0113mums izrais\u012bja pla\u0161u rezonansi, tostarp kritiku no Holivudas zvaigzn\u0113m un br\u012bv\u012bbas aizst\u0101vju organiz\u0101cij\u0101m.<\/p>\n<p>Pla\u0161a nozares reakcija un br\u012bv\u012bbas aizst\u0101v\u012bba<\/p>\n<p>ABC l\u0113mums aptur\u0113t Kimela \u0161ovu izsauca neapmierin\u0101t\u012bbu un nosod\u012bjumu no daudziem sabiedr\u012bb\u0101 zin\u0101miem cilv\u0113kiem. Vair\u0101k nek\u0101 430 kino, telev\u012bzijas un skatuves zvaigznes, k\u0101 ar\u012b komi\u0137i, re\u017eisori un rakstnieki parakst\u012bja Amerikas Pilsonisko br\u012bv\u012bbu savien\u012bbas (ACLU) atkl\u0101to v\u0113stuli. \u0160aj\u0101 v\u0113stul\u0113 \u0161ova aptur\u0113\u0161ana tika d\u0113v\u0113ta par &#8220;tum\u0161\u0101ko dienu v\u0101rda br\u012bv\u012bbai Amerik\u0101&#8221;. V\u0113stul\u0113 tika uzsv\u0113rts, ka ir j\u0101aizst\u0101v un j\u0101saglab\u0101 konstit\u016bcij\u0101 garant\u0113t\u0101s ties\u012bbas, nor\u0101dot, ka &#8220;ja tas notiek ar vienu no mums, tas notiek ar visiem&#8221;. Starptautiski atz\u012bti m\u0101kslinieki, tostarp Merila Str\u012bpa, Roberts De Niro, Bens Afleks, Toms Henkss, D\u017eenifera Anistone, Sel\u0113na Gomeza un citi, pauda savu atbalstu Kimelam un uzsv\u0113ra nepiecie\u0161am\u012bbu c\u012bn\u012bties par v\u0101rda br\u012bv\u012bbu. Vi\u0146u vid\u016b bija ar\u012b t\u0101di aktieri k\u0101 Deivids Kros, Fl\u0113rrensa Pj\u016b, komi\u0137i un re\u017eisori.<\/p>\n<blockquote>\n<p>\u201c\u0160is ir br\u012bdis, lai aizst\u0101v\u0113tu br\u012bvu runu vis\u0101 m\u016bsu taut\u0101. M\u0113s aicin\u0101m visus amerik\u0101\u0146us pievienoties mums, kop\u0101 ar ACLU, c\u012b\u0146\u0101 par m\u016bsu konstitucion\u0101li aizsarg\u0101to ties\u012bbu aizst\u0101v\u0113\u0161anu un saglab\u0101\u0161anu,\u201d teikts v\u0113stul\u0113.<\/p>\n<\/blockquote>\n<p>Kimela koment\u0101ri un mediju spiediens<\/p>\n<p>Str\u012bds aizs\u0101k\u0101s p\u0113c tam, kad Kimels sav\u0101 monolog\u0101 izteic\u0101s par konservat\u012bv\u0101s nometnes reakciju uz \u010c\u0101rlija K\u0113rka slepkav\u012bbu. Vi\u0146\u0161 apgalvoja, ka &#8220;MAGA zem\u0113 daudzi \u013coti cent\u012bgi str\u0101d\u0101, lai ieg\u016btu kapit\u0101lu uz \u010c\u0101rlija K\u0113rka slepkav\u012bbas r\u0113\u0137ina&#8221;. \u0160ie izteikumi izrais\u012bja konservat\u012bvo aprindu sa\u0161utumu, un Feder\u0101l\u0101s komunik\u0101ciju komisijas (FCC) priek\u0161s\u0113d\u0113t\u0101js Brendans Kars (Brendan Carr) pat draud\u0113ja, ka ABC fili\u0101l\u0113m, kas p\u0101rraida Kimela \u0161ovu, tiks anul\u0113ta licence. \u0160\u012b drauda d\u0113\u013c da\u017ei no liel\u0101kajiem ABC fili\u0101\u013cu staciju \u012bpa\u0161niekiem, tostarp &#8220;Nexstar&#8221; un &#8220;Sinclair&#8221;, pazi\u0146oja, ka nepar\u0101d\u012bs Kimela \u0161ovu sav\u0101s stacij\u0101s. Tas noveda pie t\u0101, ka ABC, kas pieder &#8220;Disney&#8221;, nol\u0113ma p\u0101rtraukt raid\u012bjuma demonstr\u0113\u0161anu vis\u0101 valst\u012b, nosaucot to par &#8220;neierobe\u017eotu&#8221; p\u0101rtraukumu. Kimels v\u0113l\u0101k apgalvoja, ka vi\u0146a izteikumi tika &#8220;\u013caunpr\u0101t\u012bgi nepareizi interpret\u0113ti&#8221;.<\/p>\n<p>Politisk\u0101 iesaiste un atbalsts<\/p>\n<p>Biju\u0161ais prezidents Donalds Tramps (Donald Trump) publiski atbalst\u012bja ABC l\u0113mumu, nosaucot to par &#8220;lielisk\u0101m zi\u0146\u0101m Amerikai&#8221; un apsveicot kan\u0101lu ar &#8220;drosmi&#8221;. Vi\u0146\u0161 ar\u012b aicin\u0101ja atcelt citus vakara sarunu \u0161ovu vad\u012bt\u0101jus. \u0160is gad\u012bjums izrais\u012bja pla\u0161as debates par v\u0101rda br\u012bv\u012bbas robe\u017e\u0101m un politisk\u0101 spiediena ietekmi uz mediju saturu. Da\u017ei kriti\u0137i \u0161o situ\u0113ciju nosauca par &#8220;vald\u012bbas cenz\u016bru&#8221; un &#8220;\u012bstu atcel\u0161anas kult\u016bras piem\u0113ru&#8221;.<\/p>\n<p>\u0160ova atgrie\u0161an\u0101s un turpm\u0101k\u0101 perspekt\u012bva<\/p>\n<p>P\u0113c &#8220;p\u0101rdom\u0101t\u0101m sarun\u0101m&#8221; starp Kimelu un ABC vad\u012bbu, tika pie\u0146emts l\u0113mums ats\u0101kt \u0161ova p\u0101rraides. &#8220;Jimmy Kimmel Live!&#8221; atgriez\u0101s \u0113ter\u0101 2025. gada 23. septembr\u012b. Lai gan \u0161ovs ats\u0101k\u0101s, &#8220;Nexstar&#8221; un &#8220;Sinclair&#8221; s\u0101kotn\u0113ji turpin\u0101ja nepar\u0101d\u012bt to sav\u0101s stacij\u0101s, ta\u010du v\u0113l\u0101k pazi\u0146oja par nodomu atjaunot p\u0101rraides. Lai gan Kimela l\u012bgums ar &#8220;Disney&#8221; bija sp\u0113k\u0101 l\u012bdz 2026. gada maijam, notikumi lika uzdot jaut\u0101jumus par vi\u0146a n\u0101kotni \u0161ov\u0101, tom\u0113r vi\u0146\u0161 ir izteicis gatav\u012bbu turpin\u0101t c\u012bn\u012bties par sav\u0101m ties\u012bb\u0101m.<\/p>\n","protected":false},"excerpt":{"rendered":"D\u017eimija Kimela \u0161ovs atgrie\u017eas \u0113ter\u0101 p\u0113c pauzes ASV telev\u012bzijas kan\u0101ls ABC ir pazi\u0146ojis, ka ats\u0101k raid\u012bt D\u017eimija Kimela&hellip;\n","protected":false},"author":2,"featured_media":37798,"comment_status":"","ping_status":"","sticky":false,"template":"","format":"standard","meta":{"footnotes":""},"categories":[19],"tags":[6404,292,594,6402,89,90,6403,35,39,38,36,37,34,40,10539,597],"class_list":{"0":"post-37797","1":"post","2":"type-post","3":"status-publish","4":"format-standard","5":"has-post-thumbnail","7":"category-izklaide","8":"tag-abc","9":"tag-asv","10":"tag-carlijs-kerks","11":"tag-dzimijs-kimels","12":"tag-entertainment","13":"tag-izklaide","14":"tag-jimmy-kimmel-live","15":"tag-latvia","16":"tag-latvian","17":"tag-latviesu","18":"tag-latviesu-valoda","19":"tag-latviesuvaloda","20":"tag-latvija","21":"tag-lv","22":"tag-televizijas-sovs","23":"tag-varda-briviba"},"share_on_mastodon":{"url":"https:\/\/pubeurope.com\/@lv\/115480485148928289","error":""},"_links":{"self":[{"href":"https:\/\/www.europesays.com\/lv\/wp-json\/wp\/v2\/posts\/37797","targetHints":{"allow":["GET"]}}],"collection":[{"href":"https:\/\/www.europesays.com\/lv\/wp-json\/wp\/v2\/posts"}],"about":[{"href":"https:\/\/www.europesays.com\/lv\/wp-json\/wp\/v2\/types\/post"}],"author":[{"embeddable":true,"href":"https:\/\/www.europesays.com\/lv\/wp-json\/wp\/v2\/users\/2"}],"replies":[{"embeddable":true,"href":"https:\/\/www.europesays.com\/lv\/wp-json\/wp\/v2\/comments?post=37797"}],"version-history":[{"count":0,"href":"https:\/\/www.europesays.com\/lv\/wp-json\/wp\/v2\/posts\/37797\/revisions"}],"wp:featuredmedia":[{"embeddable":true,"href":"https:\/\/www.europesays.com\/lv\/wp-json\/wp\/v2\/media\/37798"}],"wp:attachment":[{"href":"https:\/\/www.europesays.com\/lv\/wp-json\/wp\/v2\/media?parent=37797"}],"wp:term":[{"taxonomy":"category","embeddable":true,"href":"https:\/\/www.europesays.com\/lv\/wp-json\/wp\/v2\/categories?post=37797"},{"taxonomy":"post_tag","embeddable":true,"href":"https:\/\/www.europesays.com\/lv\/wp-json\/wp\/v2\/tags?post=37797"}],"curies":[{"name":"wp","href":"https:\/\/api.w.org\/{rel}","templated":true}]}}