{"id":37805,"date":"2025-11-02T14:11:15","date_gmt":"2025-11-02T14:11:15","guid":{"rendered":"https:\/\/www.europesays.com\/lv\/37805\/"},"modified":"2025-11-02T14:11:15","modified_gmt":"2025-11-02T14:11:15","slug":"abolam-neieskaititi-varti-un-zaudejums-nhl-spele-jauns-lv","status":"publish","type":"post","link":"https:\/\/www.europesays.com\/lv\/37805\/","title":{"rendered":"\u0100bolam neieskait\u012bti v\u0101rti un zaud\u0113jums NHL sp\u0113l\u0113 &#8211; Jauns.lv"},"content":{"rendered":"<ol>\n<li><a href=\"https:\/\/news.google.com\/rss\/articles\/CBMijwFBVV95cUxQc18wY1l6MXhqbEFIWUJNYTRfQmFRX0xnSWdLUEllSVNzZGVQTU5BNGNSQkh3U1NDOUJHblpNV2x2X3FNSVJNWDVpT3YzTm5tTWtVd3Fob0ZGc1lzWjFwV3F3Q3AzMlpWRWlxaUsxRTVqX0xUU0NLVUxsVVloaGQtcEJteVI3YXRBOTE0UEhsMA?oc=5\" target=\"_blank\" rel=\"nofollow noopener\">\u0100bolam neieskait\u012bti v\u0101rti un zaud\u0113jums NHL sp\u0113l\u0113<\/a>&nbsp;&nbsp;Jauns.lv<\/li>\n<li><a href=\"https:\/\/news.google.com\/rss\/articles\/CBMi0AFBVV95cUxQa0xfMmlmaTZsNV9BWGN4TXJfQ3NWZzJHWGZmTUpUSkhrWW1QZlF2X3RCN1A4UGJldkRSczhtZGxpekl2VGJSdHRSTFZiOUVtTEN6WFNMSFhfMjR1ZzVfUDZWNjk0VWVVWHA0WHF5TGZLQ19pUE8xWlU2ZC1CcXZ1VzRPVEFOV092ZzR3Ty1oeEZOVGxULTJYbGFBbFowN0dwYU9XaHM4TVZfWWdjRFRmVWRRaWEzWUFUTjdkSVFqdkc0RHBjRDZlbUdxeW9DVVN1?oc=5\" target=\"_blank\" rel=\"nofollow noopener\">NHL nakts: \u0100bolam neieskait\u012bti v\u0101rti, Merz\u013cikins rezerv\u0113, Balinskis \u0101rpus pieteikuma<\/a>&nbsp;&nbsp;Delfi<\/li>\n<li><a href=\"https:\/\/news.google.com\/rss\/articles\/CBMijwFBVV95cUxQWG9zUXkwTFB5RGdxNlpQMV9WOHdIc2FLanhmOEpkSnhpOU9hNGRVMHZmVVpLV1RSazJqRHpqNnJoUWFlQUZxQko5dVNMWGJmOXdsZG50QTZodEltZHc4RmlTc2RyUmdlbXViYW00YnNsRXp4dklLRHhTWVI1NExFd2NoNndwR2xUVXhVczQ4OA?oc=5\" target=\"_blank\" rel=\"nofollow noopener\">\u0100bols par neieskait\u012bto golu: &#8220;Tiesnesis ir no AHL&#8230; Varb\u016bt iesl\u0113dz\u0101s vi\u0146a instinkti&#8221; \u2013 Hokejs<\/a>&nbsp;&nbsp;Sportacentrs.com<\/li>\n<li><a href=\"https:\/\/news.google.com\/rss\/articles\/CBMixwFBVV95cUxQSnE2YVUxU3phWE0tdmpEbmh2RGxha19vNTRsN3lxY3JnNi04a1p3dXctNEEzQ25hYlY0WXZoWkRya3JRbDAxSVJGdGRvd2RCMUR1eGNma0JrMjVSZW5tWlczY3o2U3Q5QWNMNGpYU3E4Rk9YRWh6SlZwWnZPNE1ZdW1PZjRwUERiR3RRY0V1RW5tTU9VcFZ6cmtBUTE2VVZ4c2hFTFMzaE9iTU9OcTYweG5BWFp0MTJFaF9iWW14RWxHaDhPZFQ0?oc=5\" target=\"_blank\" rel=\"nofollow noopener\">\u0100bolam neieskaita v\u0101rtu guvumu Filadelfijas \u00abFlyers\u00bb zaud\u0113t\u0101 NHL sp\u0113l\u0113 \/ Raksts<\/a>&nbsp;&nbsp;LSM<\/li>\n<li><a href=\"https:\/\/news.google.com\/rss\/articles\/CBMipwFBVV95cUxNSG0xSDFxQkJSZHZvUXI0dXRDQlcyMzlqdC1pMEV0bU9ONGVUOEZQRmRCYnRCazhEYm1ZaThnNDBQWmVjeFY0ZDZEMWdVcHJMeHk5dW5mcWFsUFpKQWN2MTVSdVZLdEdtVDNQSW9QbkFKUndQX0RuRGFkVW9venNxZzBMdnJVanpnNVJLeDdUNmFMaWRiS2FxbGU5N0FrNFRtVmxnTE9sVQ?oc=5\" target=\"_blank\" rel=\"nofollow noopener\">\u0100bols nesl\u0113pj vil\u0161anos par atcelto v\u0101rtu guvumu un nedaudz &#8220;iedze\u013c&#8221; tiesnesim<\/a>&nbsp;&nbsp;Sportazinas.com<\/li>\n<\/ol>\n","protected":false},"excerpt":{"rendered":"\u0100bolam neieskait\u012bti v\u0101rti un zaud\u0113jums NHL sp\u0113l\u0113&nbsp;&nbsp;Jauns.lv NHL nakts: \u0100bolam neieskait\u012bti v\u0101rti, Merz\u013cikins rezerv\u0113, Balinskis \u0101rpus pieteikuma&nbsp;&nbsp;Delfi \u0100bols&hellip;\n","protected":false},"author":2,"featured_media":37806,"comment_status":"","ping_status":"","sticky":false,"template":"","format":"standard","meta":{"footnotes":""},"categories":[17],"tags":[35,39,38,36,37,34,40,67],"class_list":{"0":"post-37805","1":"post","2":"type-post","3":"status-publish","4":"format-standard","5":"has-post-thumbnail","7":"category-sports","8":"tag-latvia","9":"tag-latvian","10":"tag-latviesu","11":"tag-latviesu-valoda","12":"tag-latviesuvaloda","13":"tag-latvija","14":"tag-lv","15":"tag-sports"},"share_on_mastodon":{"url":"https:\/\/pubeurope.com\/@lv\/115480512640498574","error":""},"_links":{"self":[{"href":"https:\/\/www.europesays.com\/lv\/wp-json\/wp\/v2\/posts\/37805","targetHints":{"allow":["GET"]}}],"collection":[{"href":"https:\/\/www.europesays.com\/lv\/wp-json\/wp\/v2\/posts"}],"about":[{"href":"https:\/\/www.europesays.com\/lv\/wp-json\/wp\/v2\/types\/post"}],"author":[{"embeddable":true,"href":"https:\/\/www.europesays.com\/lv\/wp-json\/wp\/v2\/users\/2"}],"replies":[{"embeddable":true,"href":"https:\/\/www.europesays.com\/lv\/wp-json\/wp\/v2\/comments?post=37805"}],"version-history":[{"count":0,"href":"https:\/\/www.europesays.com\/lv\/wp-json\/wp\/v2\/posts\/37805\/revisions"}],"wp:featuredmedia":[{"embeddable":true,"href":"https:\/\/www.europesays.com\/lv\/wp-json\/wp\/v2\/media\/37806"}],"wp:attachment":[{"href":"https:\/\/www.europesays.com\/lv\/wp-json\/wp\/v2\/media?parent=37805"}],"wp:term":[{"taxonomy":"category","embeddable":true,"href":"https:\/\/www.europesays.com\/lv\/wp-json\/wp\/v2\/categories?post=37805"},{"taxonomy":"post_tag","embeddable":true,"href":"https:\/\/www.europesays.com\/lv\/wp-json\/wp\/v2\/tags?post=37805"}],"curies":[{"name":"wp","href":"https:\/\/api.w.org\/{rel}","templated":true}]}}