{"id":37831,"date":"2025-11-02T14:41:07","date_gmt":"2025-11-02T14:41:07","guid":{"rendered":"https:\/\/www.europesays.com\/lv\/37831\/"},"modified":"2025-11-02T14:41:07","modified_gmt":"2025-11-02T14:41:07","slug":"masalskis-par-izlases-sastavu-vacija-nesaprotu-kapec-nav-komuls-kuru-vareja-nemt-tapat-ka-bukartus-un-bunci","status":"publish","type":"post","link":"https:\/\/www.europesays.com\/lv\/37831\/","title":{"rendered":"Masa\u013cskis par izlases sast\u0101vu V\u0101cij\u0101: Nesaprotu, k\u0101p\u0113c nav Komuls, kuru var\u0113ja \u0146emt t\u0101pat k\u0101 Bukartus un Bunci"},"content":{"rendered":"<p>                                <img decoding=\"async\" src=\"https:\/\/www.europesays.com\/lv\/wp-content\/uploads\/2025\/11\/kalvitisunmasalskis-750x450.jpg\"   alt=\"R\u016bdolfs Kalv\u012btis un Edgars Masa\u013cskis\" class=\"post-featured-image\"\/><\/p>\n<p>R\u016bdolfs Kalv\u012btis un Edgars Masa\u013cskis | Foto: LHF<\/p>\n<p>K\u0101dreiz\u0113jais Latvijas hokeja izlases v\u0101rtsargs un \u0161\u012b br\u012b\u017ea Latvijas U20 valstsvien\u012bbas v\u0101rtsargu treneris <a href=\"https:\/\/www.sportazinas.com\/atsl\u0113gv\u0101rdi\/edgars-masalskis\/\" rel=\"nofollow noopener\" target=\"_blank\">Edgars Masa\u013cskis<\/a> \u201c<a href=\"https:\/\/www.youtube.com\/watch?v=kWKdca6YFb8\" target=\"_blank\" rel=\"noreferrer noopener nofollow\">Faceoff podk\u0101st\u0101<\/a>\u201d dal\u012bj\u0101s sav\u0101s p\u0101rdom\u0101s par Latvijas sast\u0101vu gaid\u0101maj\u0101 \u201cDeutschland Cup\u201d.<\/p>\n<p>Jau v\u0113st\u012bts, ka Latvijas hokeja izlase gaid\u0101maj\u0101 ned\u0113\u013c\u0101 piedal\u012bsies \u201cDeutschland Cup\u201d kausa izc\u012b\u0146\u0101, kas no 6. l\u012bdz 9. novembrim norisin\u0101sies V\u0101cijas pils\u0113t\u0101 Lands\u016bt\u0113. Bez Latvijas izlases \u0161aj\u0101 kausa izc\u012b\u0146\u0101 piedal\u012bsies ar\u012b m\u0101jiniece V\u0101cija, Slov\u0101kija un Austrija.<\/p>\n<p>\u201c\u0145emot v\u0113r\u0101, ka nav Gudis, tad, manupr\u0101t, vajadz\u0113ja \u0146emt ar\u012b Mitenu,\u201d izteicies Masa\u013cskis. \u201cOptim\u0101li es \u0146emtu Gudis, Ivars [Punnenovs] un Grigals un t\u0101 b\u016btu grib\u0113jis redz\u0113t \u0161o sadal\u012bjumu. Ja viens kr\u012bt \u0101r\u0101, tad dodam iesp\u0113ju Mitenam. Kaut vai, lai ir uz rezervistu soli\u0146a, varb\u016bt kaut kur pagad\u0101s k\u0101du periodu nosp\u0113l\u0113t. Atr\u0101d\u012bties vismaz, ka vi\u0146\u0161 ir vesels, ka ir form\u0101 un gatavs sp\u0113l\u0113t.\u201d<\/p>\n<p>\u201cStarp uzbruc\u0113jiem \u0113s dodam iesp\u0113ju tiem, kuriem nav darba, tur t\u0101di mums ir tr\u012bs un v\u0113l Daugavi\u0146\u0161,\u201d nor\u0101d\u012bjis Masa\u013cskis. \u201cTe m\u0113s dodam iesp\u0113ju. V\u0101rtsargam, kur\u0161, iesp\u0113jams, b\u016bs vajadz\u012bgs pasaules \u010dempion\u0101t\u0101, m\u0113s nem\u0113\u0123in\u0101m vi\u0146am pal\u012bdz\u0113t atrast darbu. Tas pats st\u0101sts ir ar Komulu. Nesaprotu, k\u0101p\u0113c m\u0113s \u0161aj\u0101 sast\u0101v\u0101 neredzam Komulu. Zinu, ka vi\u0146\u0161 ir vesels, vi\u0146\u0161 tren\u0113jas, gatavojas. Lai neapvainojas Nauris S\u0113j\u0113js, bet vi\u0146am aizbraukt uz olimpi\u0101di, manupr\u0101t, variantu nav. Tad jau tikpat labi var\u0113ja \u0146emt Komulu, tie\u0161i t\u0101pat k\u0101 br\u0101\u013cus Bukartus un Bunci. Iedot iesp\u0113ju atr\u0101d\u012bties.\u201d<\/p>\n<p>\u201cManupr\u0101t, ka Komuls ir re\u0101ls brauc\u0113js uz olimpi\u0101di, bet te m\u0113s nepa\u0146emam vi\u0146u uz turn\u012bru un nem\u0113\u0123in\u0101m pal\u012bdz\u0113t atrast darbu,\u201d atzina Masa\u013cskis. \u201cVarb\u016bt m\u0113s kaut ko nezin\u0101m un vi\u0146am \u0161aj\u0101 ned\u0113\u013c\u0101 ir j\u0101brauc atr\u0101d\u012bties uz klubu, t\u0101p\u0113c vi\u0146\u0161 nevar b\u016bt, bet t\u0101das inform\u0101cijas mums nav, varb\u016bt m\u0113s velti \u0161o t\u0113mu apsprie\u017eam. Ja t\u0101 nav, ka vi\u0146am \u0161aj\u0101 ned\u0113\u013c\u0101 kaut kur j\u0101brauc, tad man nav skaidrs, k\u0101p\u0113c vi\u0146\u0161 nav \u0161aj\u0101 sarakst\u0101.\u201d<\/p>\n","protected":false},"excerpt":{"rendered":"R\u016bdolfs Kalv\u012btis un Edgars Masa\u013cskis | Foto: LHF K\u0101dreiz\u0113jais Latvijas hokeja izlases v\u0101rtsargs un \u0161\u012b br\u012b\u017ea Latvijas U20&hellip;\n","protected":false},"author":2,"featured_media":37832,"comment_status":"","ping_status":"","sticky":false,"template":"","format":"standard","meta":{"footnotes":""},"categories":[17],"tags":[35,39,38,36,37,34,40,67],"class_list":{"0":"post-37831","1":"post","2":"type-post","3":"status-publish","4":"format-standard","5":"has-post-thumbnail","7":"category-sports","8":"tag-latvia","9":"tag-latvian","10":"tag-latviesu","11":"tag-latviesu-valoda","12":"tag-latviesuvaloda","13":"tag-latvija","14":"tag-lv","15":"tag-sports"},"share_on_mastodon":{"url":"https:\/\/pubeurope.com\/@lv\/115480630608171415","error":""},"_links":{"self":[{"href":"https:\/\/www.europesays.com\/lv\/wp-json\/wp\/v2\/posts\/37831","targetHints":{"allow":["GET"]}}],"collection":[{"href":"https:\/\/www.europesays.com\/lv\/wp-json\/wp\/v2\/posts"}],"about":[{"href":"https:\/\/www.europesays.com\/lv\/wp-json\/wp\/v2\/types\/post"}],"author":[{"embeddable":true,"href":"https:\/\/www.europesays.com\/lv\/wp-json\/wp\/v2\/users\/2"}],"replies":[{"embeddable":true,"href":"https:\/\/www.europesays.com\/lv\/wp-json\/wp\/v2\/comments?post=37831"}],"version-history":[{"count":0,"href":"https:\/\/www.europesays.com\/lv\/wp-json\/wp\/v2\/posts\/37831\/revisions"}],"wp:featuredmedia":[{"embeddable":true,"href":"https:\/\/www.europesays.com\/lv\/wp-json\/wp\/v2\/media\/37832"}],"wp:attachment":[{"href":"https:\/\/www.europesays.com\/lv\/wp-json\/wp\/v2\/media?parent=37831"}],"wp:term":[{"taxonomy":"category","embeddable":true,"href":"https:\/\/www.europesays.com\/lv\/wp-json\/wp\/v2\/categories?post=37831"},{"taxonomy":"post_tag","embeddable":true,"href":"https:\/\/www.europesays.com\/lv\/wp-json\/wp\/v2\/tags?post=37831"}],"curies":[{"name":"wp","href":"https:\/\/api.w.org\/{rel}","templated":true}]}}