{"id":37852,"date":"2025-11-02T15:01:08","date_gmt":"2025-11-02T15:01:08","guid":{"rendered":"https:\/\/www.europesays.com\/lv\/37852\/"},"modified":"2025-11-02T15:01:08","modified_gmt":"2025-11-02T15:01:08","slug":"kremlis-pazino-ka-trampa-un-putina-tiksanas-sobrid-nav-nepieciesama","status":"publish","type":"post","link":"https:\/\/www.europesays.com\/lv\/37852\/","title":{"rendered":"Kremlis pazi\u0146o, ka Trampa un Putina tik\u0161an\u0101s \u0161obr\u012bd nav nepiecie\u0161ama"},"content":{"rendered":"<p>\u0160o pazi\u0146ojumu ir sniedzis Putina preses sekret\u0101rs Dmitrijs Peskovs.<\/p>\n<p>&#8220;Hipot\u0113tiski \u0161\u0101da tik\u0161an\u0101s ir iesp\u0113jama, ta\u010du t\u0101 nav nepiecie\u0161ama. \u0160obr\u012bd ir nepiecie\u0161ams \u013coti r\u016bp\u012bgs darbs, lai vienotos par deta\u013c\u0101m,&#8221; vi\u0146\u0161 teica.<\/p>\n<p>21.oktobr\u012b &#8220;Reuters&#8221;, atsaucoties uz avotiem, zi\u0146oja, ka Putina un Trampa tik\u0161an\u0101s tuv\u0101kaj\u0101 laik\u0101 nenotiks, jo Krievija noraid\u012bja priek\u0161likumu par t\u016bl\u012bt\u0113ju pamieru Ukrain\u0101. Turkl\u0101t Krievijas vald\u012bba Va\u0161ingtonai nos\u016bt\u012bja priv\u0101tu pazi\u0146ojumu (&#8220;neofici\u0101lu dokumentu&#8221;), v\u0113lreiz izkl\u0101stot savus nosac\u012bjumus miera l\u012bgumam kar\u0101 pret Ukrainu.<\/p>\n<p>31.oktobr\u012b laikraksts &#8220;Financial Times&#8221;, atsaucoties uz avotiem, rakst\u012bja, ka pl\u0101not\u0101s Trampa un Putina tik\u0161an\u0101s Budape\u0161t\u0101 atcel\u0161ana bija saist\u012bta ar abpus\u0113ju vil\u0161anos.<\/p>\n<p>K\u0101 avoti zi\u0146o, Trampu \u012bpa\u0161i kaitina Putina m\u0113\u0123in\u0101jumi liel\u012bties ar it k\u0101 g\u016btajiem pan\u0101kumiem Ukrainas front\u0113.<\/p>\n","protected":false},"excerpt":{"rendered":"\u0160o pazi\u0146ojumu ir sniedzis Putina preses sekret\u0101rs Dmitrijs Peskovs. &#8220;Hipot\u0113tiski \u0161\u0101da tik\u0161an\u0101s ir iesp\u0113jama, ta\u010du t\u0101 nav nepiecie\u0161ama.&hellip;\n","protected":false},"author":2,"featured_media":27414,"comment_status":"","ping_status":"","sticky":false,"template":"","format":"standard","meta":{"footnotes":""},"categories":[14],"tags":[23,57,28,29,32,33,22,11056,74,30,31,35,39,38,36,37,34,40,20,26,27,24,25,276,54,55,56,21,58],"class_list":{"0":"post-37852","1":"post","2":"type-post","3":"status-publish","4":"format-standard","5":"has-post-thumbnail","7":"category-zinas-no-arvalstim","8":"tag-aktualitates","9":"tag-arvalstim","10":"tag-breaking-news","11":"tag-breakingnews","12":"tag-featured-news","13":"tag-featurednews","14":"tag-headlines","15":"tag-kremlis","16":"tag-krievijas-iebrukums-ukraina","17":"tag-latest-news","18":"tag-latestnews","19":"tag-latvia","20":"tag-latvian","21":"tag-latviesu","22":"tag-latviesu-valoda","23":"tag-latviesuvaloda","24":"tag-latvija","25":"tag-lv","26":"tag-news","27":"tag-popularakas-zinas","28":"tag-popularakaszinas","29":"tag-top-stories","30":"tag-topstories","31":"tag-ukraina","32":"tag-world","33":"tag-world-news","34":"tag-worldnews","35":"tag-zinas","36":"tag-zinas-no-arvalstim"},"share_on_mastodon":{"url":"https:\/\/pubeurope.com\/@lv\/115480709210375621","error":""},"_links":{"self":[{"href":"https:\/\/www.europesays.com\/lv\/wp-json\/wp\/v2\/posts\/37852","targetHints":{"allow":["GET"]}}],"collection":[{"href":"https:\/\/www.europesays.com\/lv\/wp-json\/wp\/v2\/posts"}],"about":[{"href":"https:\/\/www.europesays.com\/lv\/wp-json\/wp\/v2\/types\/post"}],"author":[{"embeddable":true,"href":"https:\/\/www.europesays.com\/lv\/wp-json\/wp\/v2\/users\/2"}],"replies":[{"embeddable":true,"href":"https:\/\/www.europesays.com\/lv\/wp-json\/wp\/v2\/comments?post=37852"}],"version-history":[{"count":0,"href":"https:\/\/www.europesays.com\/lv\/wp-json\/wp\/v2\/posts\/37852\/revisions"}],"wp:featuredmedia":[{"embeddable":true,"href":"https:\/\/www.europesays.com\/lv\/wp-json\/wp\/v2\/media\/27414"}],"wp:attachment":[{"href":"https:\/\/www.europesays.com\/lv\/wp-json\/wp\/v2\/media?parent=37852"}],"wp:term":[{"taxonomy":"category","embeddable":true,"href":"https:\/\/www.europesays.com\/lv\/wp-json\/wp\/v2\/categories?post=37852"},{"taxonomy":"post_tag","embeddable":true,"href":"https:\/\/www.europesays.com\/lv\/wp-json\/wp\/v2\/tags?post=37852"}],"curies":[{"name":"wp","href":"https:\/\/api.w.org\/{rel}","templated":true}]}}